{"id":10055,"date":"2023-05-29T21:58:32","date_gmt":"2023-05-30T00:58:32","guid":{"rendered":"https:\/\/aconteceemmacaeeregiao.com.br\/?p=10055"},"modified":"2023-05-29T21:58:32","modified_gmt":"2023-05-30T00:58:32","slug":"homem-e-preso-por-estuprar-enteada","status":"publish","type":"post","link":"https:\/\/aconteceemmacaeeregiao.com.br\/index.php\/2023\/05\/29\/homem-e-preso-por-estuprar-enteada\/","title":{"rendered":"Homem \u00e9 preso por estuprar enteada"},"content":{"rendered":"\n<p>Policiais civis da 126\u00aa DP (Cabo Frio) prenderam, nesta segunda-feira (29\/05), um homem pelo crime de estupro de vulner\u00e1vel. Ele foi capturado em casa, ap\u00f3s trabalho de intelig\u00eancia e monitoramento.<\/p>\n\n\n\n<p>De acordo com as investiga\u00e7\u00f5es, o acusado foi condenado a 14 anos de pris\u00e3o em regime fechado por ter mantido rela\u00e7\u00f5es sexuais com a enteada, que na \u00e9poca tinha sete anos de idade.<\/p>\n\n\n\n<p>Ap\u00f3s a realiza\u00e7\u00e3o dos procedimentos de praxe, o autor foi encaminhado ao sistema prisional, onde ficar\u00e1 \u00e0 disposi\u00e7\u00e3o da Justi\u00e7a.<\/p>\n\n\n\n<p><em>Por Secom Pol\u00edcia Civil RJ<\/em><\/p>\n","protected":false},"excerpt":{"rendered":"<p>Policiais civis da 126\u00aa DP (Cabo Frio) prenderam, nesta segunda-feira (29\/05), um homem pelo crime de estupro de vulner\u00e1vel. Ele foi capturado em casa, ap\u00f3s trabalho de intelig\u00eancia e monitoramento. De acordo com as investiga\u00e7\u00f5es, o acusado foi condenado a 14 anos de pris\u00e3o em regime fechado por ter mantido rela\u00e7\u00f5es sexuais com a enteada, [&hellip;]<\/p>\n","protected":false},"author":2,"featured_media":9681,"comment_status":"closed","ping_status":"closed","sticky":false,"template":"","format":"standard","meta":{"postBodyCss":"","postBodyMargin":[],"postBodyPadding":[],"postBodyBackground":{"backgroundType":"classic","gradient":""},"footnotes":""},"categories":[155,47,43],"tags":[307,266,575],"class_list":["post-10055","post","type-post","status-publish","format-standard","has-post-thumbnail","hentry","category-cabo-frio","category-ocorrencias","category-regiao","tag-126-dp","tag-estrupo","tag-preso"],"aioseo_notices":[],"_links":{"self":[{"href":"https:\/\/aconteceemmacaeeregiao.com.br\/index.php\/wp-json\/wp\/v2\/posts\/10055","targetHints":{"allow":["GET"]}}],"collection":[{"href":"https:\/\/aconteceemmacaeeregiao.com.br\/index.php\/wp-json\/wp\/v2\/posts"}],"about":[{"href":"https:\/\/aconteceemmacaeeregiao.com.br\/index.php\/wp-json\/wp\/v2\/types\/post"}],"author":[{"embeddable":true,"href":"https:\/\/aconteceemmacaeeregiao.com.br\/index.php\/wp-json\/wp\/v2\/users\/2"}],"replies":[{"embeddable":true,"href":"https:\/\/aconteceemmacaeeregiao.com.br\/index.php\/wp-json\/wp\/v2\/comments?post=10055"}],"version-history":[{"count":0,"href":"https:\/\/aconteceemmacaeeregiao.com.br\/index.php\/wp-json\/wp\/v2\/posts\/10055\/revisions"}],"wp:featuredmedia":[{"embeddable":true,"href":"https:\/\/aconteceemmacaeeregiao.com.br\/index.php\/wp-json\/wp\/v2\/media\/9681"}],"wp:attachment":[{"href":"https:\/\/aconteceemmacaeeregiao.com.br\/index.php\/wp-json\/wp\/v2\/media?parent=10055"}],"wp:term":[{"taxonomy":"category","embeddable":true,"href":"https:\/\/aconteceemmacaeeregiao.com.br\/index.php\/wp-json\/wp\/v2\/categories?post=10055"},{"taxonomy":"post_tag","embeddable":true,"href":"https:\/\/aconteceemmacaeeregiao.com.br\/index.php\/wp-json\/wp\/v2\/tags?post=10055"}],"curies":[{"name":"wp","href":"https:\/\/api.w.org\/{rel}","templated":true}]}}