{"id":10058,"date":"2023-05-29T22:00:57","date_gmt":"2023-05-30T01:00:57","guid":{"rendered":"https:\/\/aconteceemmacaeeregiao.com.br\/?p=10058"},"modified":"2023-05-29T22:00:57","modified_gmt":"2023-05-30T01:00:57","slug":"traficante-foragido-de-sao-paulo-e-preso-em-rio-das-ostras","status":"publish","type":"post","link":"https:\/\/aconteceemmacaeeregiao.com.br\/index.php\/2023\/05\/29\/traficante-foragido-de-sao-paulo-e-preso-em-rio-das-ostras\/","title":{"rendered":"Traficante foragido de S\u00e3o Paulo \u00e9 preso em Rio das Ostras"},"content":{"rendered":"\n<p>Policiais civis da 128\u00aa DP (Rio das Ostras) prenderam, nesta quinta-feira (25\/05), um homem, de 29 anos, acusado de tr\u00e1fico de drogas. Ele foi capturado no bairro Liberdade, em Rio das Ostras, na Regi\u00e3o dos Lagos, ap\u00f3s troca de informa\u00e7\u00f5es de intelig\u00eancia.<\/p>\n\n\n\n<p>Segundo os agentes, o autor estava foragido desde janeiro deste ano. Contra ele havia um mandado de pris\u00e3o em aberto expedido pela Justi\u00e7a de S\u00e3o Paulo.<\/p>\n\n\n\n<p><em>Por Secom Pol\u00edcia Civil RJ<\/em><\/p>\n","protected":false},"excerpt":{"rendered":"<p>Policiais civis da 128\u00aa DP (Rio das Ostras) prenderam, nesta quinta-feira (25\/05), um homem, de 29 anos, acusado de tr\u00e1fico de drogas. Ele foi capturado no bairro Liberdade, em Rio das Ostras, na Regi\u00e3o dos Lagos, ap\u00f3s troca de informa\u00e7\u00f5es de intelig\u00eancia. Segundo os agentes, o autor estava foragido desde janeiro deste ano. Contra ele [&hellip;]<\/p>\n","protected":false},"author":2,"featured_media":9861,"comment_status":"closed","ping_status":"closed","sticky":false,"template":"","format":"standard","meta":{"postBodyCss":"","postBodyMargin":[],"postBodyPadding":[],"postBodyBackground":{"backgroundType":"classic","gradient":""},"footnotes":""},"categories":[47,43,49],"tags":[],"class_list":["post-10058","post","type-post","status-publish","format-standard","has-post-thumbnail","hentry","category-ocorrencias","category-regiao","category-rio-das-ostras"],"aioseo_notices":[],"_links":{"self":[{"href":"https:\/\/aconteceemmacaeeregiao.com.br\/index.php\/wp-json\/wp\/v2\/posts\/10058","targetHints":{"allow":["GET"]}}],"collection":[{"href":"https:\/\/aconteceemmacaeeregiao.com.br\/index.php\/wp-json\/wp\/v2\/posts"}],"about":[{"href":"https:\/\/aconteceemmacaeeregiao.com.br\/index.php\/wp-json\/wp\/v2\/types\/post"}],"author":[{"embeddable":true,"href":"https:\/\/aconteceemmacaeeregiao.com.br\/index.php\/wp-json\/wp\/v2\/users\/2"}],"replies":[{"embeddable":true,"href":"https:\/\/aconteceemmacaeeregiao.com.br\/index.php\/wp-json\/wp\/v2\/comments?post=10058"}],"version-history":[{"count":0,"href":"https:\/\/aconteceemmacaeeregiao.com.br\/index.php\/wp-json\/wp\/v2\/posts\/10058\/revisions"}],"wp:featuredmedia":[{"embeddable":true,"href":"https:\/\/aconteceemmacaeeregiao.com.br\/index.php\/wp-json\/wp\/v2\/media\/9861"}],"wp:attachment":[{"href":"https:\/\/aconteceemmacaeeregiao.com.br\/index.php\/wp-json\/wp\/v2\/media?parent=10058"}],"wp:term":[{"taxonomy":"category","embeddable":true,"href":"https:\/\/aconteceemmacaeeregiao.com.br\/index.php\/wp-json\/wp\/v2\/categories?post=10058"},{"taxonomy":"post_tag","embeddable":true,"href":"https:\/\/aconteceemmacaeeregiao.com.br\/index.php\/wp-json\/wp\/v2\/tags?post=10058"}],"curies":[{"name":"wp","href":"https:\/\/api.w.org\/{rel}","templated":true}]}}