{"id":10124,"date":"2023-05-31T22:16:41","date_gmt":"2023-06-01T01:16:41","guid":{"rendered":"https:\/\/aconteceemmacaeeregiao.com.br\/?p=10124"},"modified":"2023-05-31T22:16:41","modified_gmt":"2023-06-01T01:16:41","slug":"festival-sesc-de-outono-acontece-em-conceicao-de-macabu","status":"publish","type":"post","link":"https:\/\/aconteceemmacaeeregiao.com.br\/index.php\/2023\/05\/31\/festival-sesc-de-outono-acontece-em-conceicao-de-macabu\/","title":{"rendered":"Festival Sesc de Outono acontece em Concei\u00e7\u00e3o de Macabu"},"content":{"rendered":"\n<p><em><strong>O evento gratuito ser\u00e1 realizado na Pra\u00e7a Jos\u00e9 Bonif\u00e1cio Tassara com o apoio do Sincom\u00e9rcio e da Prefeitura de Concei\u00e7\u00e3o de Macabu\u00a0<\/strong><\/em><\/p>\n\n\n\n<p>A\u00a0Pra\u00e7a Jos\u00e9 Bonif\u00e1cio Tassara, no Centro de\u00a0Concei\u00e7\u00e3o de Macabu, se transformar\u00e1 em festa com o\u00a0Festival Sesc de Outono, que ser\u00e1 realizado\u00a0desta sexta a domingo (2 a 4 de junho)\u00a0pelo\u00a0<strong>Sesc RJ<\/strong>\u00a0e pelo\u00a0Senac RJ, com o apoio do\u00a0Sindicato do Com\u00e9rcio Varejista de Concei\u00e7\u00e3o de Macabu (Sincom\u00e9rcio)\u00a0e da\u00a0Prefeitura Municipal.\u00a0O evento gratuito ter\u00e1 atra\u00e7\u00f5es musicais, oficinas de bebidas, servi\u00e7os de beleza e bem-estar, al\u00e9m de diversas atividades recreativas para crian\u00e7as. \u00a0<\/p>\n\n\n\n<p>Se apresentam no\u00a0Palco Sesc\u00a0as bandas\u00a0Segredo de Estado, LG, Blue Jeans, Radial 80, Vibe Mix, Opium\u00a0e\u00a0Etiqueta, al\u00e9m do saxofonista\u00a0Amaro Santana. No\u00a0Espa\u00e7o Recrea\u00e7\u00e3o, haver\u00e1 Arena Kids, Espa\u00e7o Gamer e divers\u00e3o com pintura facial.\u00a0<\/p>\n\n\n\n<p>J\u00e1 o Senac RJ ir\u00e1 oferecer em seu stand servi\u00e7os de beleza e bem-estar como maquiagem, penteado, Auriculoterapia, Aromaterapia e Shiatsu, al\u00e9m de oficinas de caf\u00e9, espumantes, vinhos e coquet\u00e9is. &nbsp;&nbsp;<\/p>\n\n\n\n<p><strong>PROGRAMA\u00c7\u00c3O<\/strong><\/p>\n\n\n\n<p><strong>SEXTA-FEIRA, DIA 2&nbsp;<\/strong><\/p>\n\n\n\n<p><strong>Stand Senac<\/strong>&nbsp;<\/p>\n\n\n\n<p>Das 19h \u00e0s 20h \u2013 Maquiagem e penteado &nbsp;<\/p>\n\n\n\n<p><strong>Espa\u00e7o do Conhecimento Senac&nbsp;<\/strong><\/p>\n\n\n\n<p>\u00c0s 18h30 &#8211; Oficina &#8220;Coquet\u00e9is Borbulhantes&#8221;, com Priscila Soares&nbsp;<\/p>\n\n\n\n<p>\u00c0s 19h30 &#8211; Oficina &#8220;Jantar \u00e0 luz de vinhos&#8221;, com Pedro Barradas &nbsp;<\/p>\n\n\n\n<p><strong>Espa\u00e7o Recrea\u00e7\u00e3o Sesc&nbsp;<\/strong><\/p>\n\n\n\n<p>Das 18h \u00e0s 20h &#8211; Arena Kids&nbsp;<\/p>\n\n\n\n<p><strong>Palco Sesc&nbsp;<\/strong><\/p>\n\n\n\n<p>\u00c0s 18h20 &#8211; Saxofonista Amaro Santana&nbsp;<\/p>\n\n\n\n<p>\u00c0s 20h &#8211; Banda Segredo de Estado&nbsp;<\/p>\n\n\n\n<p>\u00c0s 23h &#8211; Banda LG&nbsp;<\/p>\n\n\n\n<p><strong>S\u00c1BADO, DIA 3&nbsp;<\/strong><\/p>\n\n\n\n<p><strong>Stand Senac<\/strong>&nbsp;<\/p>\n\n\n\n<p>Das 16h30 \u00e0s 20h \u2013 Maquiagem e penteado, Auriculoterapia, Aromaterapia e Shiatsu&nbsp;<\/p>\n\n\n\n<p><strong>Espa\u00e7o do Conhecimento Senac&nbsp;<\/strong><\/p>\n\n\n\n<p>\u00c0s 16h30 &#8211; Oficina &#8220;Coquet\u00e9is n\u00e3o alco\u00f3licos \u00e0 base de caf\u00e9&#8221;, com Priscila Soares&nbsp;<\/p>\n\n\n\n<p>\u00c0s 17h30 \u2013 Oficina \u201cEspumante e seus estilos&#8221;. com Pedro Barradas &nbsp;<\/p>\n\n\n\n<p>\u00c0s 18h30 &#8211; Oficina &#8220;Cervejas de inverno&#8221;, com Priscila Soares&nbsp;<\/p>\n\n\n\n<p><strong>Espa\u00e7o Recrea\u00e7\u00e3o Sesc&nbsp;<\/strong><\/p>\n\n\n\n<p>Das 14h \u00e0s 20h &#8211; Arena Kids e Espa\u00e7o Gamer&nbsp;<\/p>\n\n\n\n<p>Das 15h \u00e0s 18h &#8211; Pintura facial e M\u00e1gico&nbsp;<\/p>\n\n\n\n<p>16h &#8211; Recrea\u00e7\u00e3o &nbsp;<\/p>\n\n\n\n<p><strong>Palco Sesc&nbsp;<\/strong><\/p>\n\n\n\n<p>\u00c0s 17h &#8211; Banda Blue Jeans &nbsp;<\/p>\n\n\n\n<p>\u00c0s 20h &#8211; Banda Radial 80 &nbsp;<\/p>\n\n\n\n<p>\u00c0s 23h &#8211; Banda Vibe Mix&nbsp;<\/p>\n\n\n\n<p><strong>DOMINGO, DIA 4&nbsp;<\/strong><\/p>\n\n\n\n<p><strong>\u00c1rea comum do evento&nbsp;<\/strong><\/p>\n\n\n\n<p>17h &#8211; Desfile de Moda Outono &nbsp;<\/p>\n\n\n\n<p><strong>Stand Senac<\/strong>&nbsp;<\/p>\n\n\n\n<p>Das 14h30 \u00e0s 19h \u2013 Maquiagem e penteado, Auriculoterapia, Aromaterapia e Shiatsu&nbsp;<\/p>\n\n\n\n<p><strong>Espa\u00e7o Recrea\u00e7\u00e3o Sesc&nbsp;<\/strong><\/p>\n\n\n\n<p>Das 14h \u00e0s 20h &#8211; Arena Kids e Espa\u00e7o Gamer&nbsp;<\/p>\n\n\n\n<p>Das 15h \u00e0s 18h &#8211; Pintura facial e Recrea\u00e7\u00e3o &nbsp;<\/p>\n\n\n\n<p>16h &#8211; Apresenta\u00e7\u00e3o art\u00edstica&nbsp;<\/p>\n\n\n\n<p><strong>Palco Sesc&nbsp;<\/strong><\/p>\n\n\n\n<p>\u00c0s 15h &#8211; Banda Opium&nbsp;<\/p>\n\n\n\n<p>\u00c0s 20h &#8211; Banda Etiqueta&nbsp;<\/p>\n\n\n\n<p><strong>SERVI\u00c7O<\/strong><\/p>\n\n\n\n<p><strong>Festival Sesc de Outono&nbsp;| Concei\u00e7\u00e3o de Macabu&nbsp;<\/strong><\/p>\n\n\n\n<p>De 2 a 4 de junho&nbsp;<\/p>\n\n\n\n<p><strong>Local:&nbsp;<\/strong>Pra\u00e7a Jos\u00e9 Bonif\u00e1cio Tassara \u2013&nbsp;Centro&nbsp;<\/p>\n\n\n\n<p><strong>Hor\u00e1rios<\/strong>: Sexta-feira, das 18h \u00e0s 2h; S\u00e1bado, das 16h \u00e0s 2h; e, Domingo, das 12h \u00e0s 22h&nbsp;<\/p>\n","protected":false},"excerpt":{"rendered":"<p>O evento gratuito ser\u00e1 realizado na Pra\u00e7a Jos\u00e9 Bonif\u00e1cio Tassara com o apoio do Sincom\u00e9rcio e da Prefeitura de Concei\u00e7\u00e3o de Macabu\u00a0 A\u00a0Pra\u00e7a Jos\u00e9 Bonif\u00e1cio Tassara, no Centro de\u00a0Concei\u00e7\u00e3o de Macabu, se transformar\u00e1 em festa com o\u00a0Festival Sesc de Outono, que ser\u00e1 realizado\u00a0desta sexta a domingo (2 a 4 de junho)\u00a0pelo\u00a0Sesc RJ\u00a0e pelo\u00a0Senac RJ, com [&hellip;]<\/p>\n","protected":false},"author":2,"featured_media":10126,"comment_status":"closed","ping_status":"closed","sticky":false,"template":"","format":"standard","meta":{"postBodyCss":"","postBodyMargin":[],"postBodyPadding":[],"postBodyBackground":{"backgroundType":"classic","gradient":""},"footnotes":""},"categories":[588,200,43],"tags":[245,66,90],"class_list":["post-10124","post","type-post","status-publish","format-standard","has-post-thumbnail","hentry","category-conceicao-de-macabu","category-evento","category-regiao","tag-beleza","tag-musica","tag-shows"],"aioseo_notices":[],"_links":{"self":[{"href":"https:\/\/aconteceemmacaeeregiao.com.br\/index.php\/wp-json\/wp\/v2\/posts\/10124","targetHints":{"allow":["GET"]}}],"collection":[{"href":"https:\/\/aconteceemmacaeeregiao.com.br\/index.php\/wp-json\/wp\/v2\/posts"}],"about":[{"href":"https:\/\/aconteceemmacaeeregiao.com.br\/index.php\/wp-json\/wp\/v2\/types\/post"}],"author":[{"embeddable":true,"href":"https:\/\/aconteceemmacaeeregiao.com.br\/index.php\/wp-json\/wp\/v2\/users\/2"}],"replies":[{"embeddable":true,"href":"https:\/\/aconteceemmacaeeregiao.com.br\/index.php\/wp-json\/wp\/v2\/comments?post=10124"}],"version-history":[{"count":0,"href":"https:\/\/aconteceemmacaeeregiao.com.br\/index.php\/wp-json\/wp\/v2\/posts\/10124\/revisions"}],"wp:featuredmedia":[{"embeddable":true,"href":"https:\/\/aconteceemmacaeeregiao.com.br\/index.php\/wp-json\/wp\/v2\/media\/10126"}],"wp:attachment":[{"href":"https:\/\/aconteceemmacaeeregiao.com.br\/index.php\/wp-json\/wp\/v2\/media?parent=10124"}],"wp:term":[{"taxonomy":"category","embeddable":true,"href":"https:\/\/aconteceemmacaeeregiao.com.br\/index.php\/wp-json\/wp\/v2\/categories?post=10124"},{"taxonomy":"post_tag","embeddable":true,"href":"https:\/\/aconteceemmacaeeregiao.com.br\/index.php\/wp-json\/wp\/v2\/tags?post=10124"}],"curies":[{"name":"wp","href":"https:\/\/api.w.org\/{rel}","templated":true}]}}