{"id":10154,"date":"2023-06-02T20:53:50","date_gmt":"2023-06-02T23:53:50","guid":{"rendered":"https:\/\/aconteceemmacaeeregiao.com.br\/?p=10154"},"modified":"2023-06-02T20:53:51","modified_gmt":"2023-06-02T23:53:51","slug":"regiao-serrana-macaense-recebe-placas-de-acesso-as-cachoeiras","status":"publish","type":"post","link":"https:\/\/aconteceemmacaeeregiao.com.br\/index.php\/2023\/06\/02\/regiao-serrana-macaense-recebe-placas-de-acesso-as-cachoeiras\/","title":{"rendered":"Regi\u00e3o Serrana Macaense recebe placas de acesso \u00e0s cachoeiras"},"content":{"rendered":"\n<p>A serra macaense \u00e9 rica em belezas naturais, com parques e cachoeiras de \u00e1guas cristalinas e quedas d\u2019\u00e1gua incr\u00edveis. Para proporcionar \u00e0 popula\u00e7\u00e3o e turistas a oportunidade de conhecer esses locais, a Prefeitura de Maca\u00e9 lan\u00e7ou o projeto de Sinaliza\u00e7\u00e3o Tur\u00edstica da Serra Macaense, por meio da instala\u00e7\u00e3o de placas em pontos estrat\u00e9gicos. Nesta quinta-feira (1\u00b0), o Prefeito Welberth Rezende esteve no trevo de acesso \u00e0s cachoeiras da regi\u00e3o da Bicuda e do Parque Municipal Natural Atalaia e destacou a import\u00e2ncia da iniciativa.<\/p>\n\n\n\n<blockquote class=\"wp-block-quote is-layout-flow wp-block-quote-is-layout-flow\">\n<p>\u201cA serra de Maca\u00e9 \u00e9 exuberante e \u00e9 importante que, al\u00e9m de turistas, a nossa popula\u00e7\u00e3o tenha acesso a esses para\u00edsos com seguran\u00e7a. Estamos atendendo um pedido da popula\u00e7\u00e3o. Todos t\u00eam o direito de conhecer nossas riquezas e, acima de tudo, de ajudar a preserv\u00e1-las\u201d, destacou Welberth.<\/p>\n<\/blockquote>\n\n\n\n<p>O projeto \u00e9 uma a\u00e7\u00e3o conjunta entre as Secretarias de Turismo e Ambiente e Sustentabilidade. Al\u00e9m de indicar o acesso, com a indica\u00e7\u00e3o de locais f\u00e1ceis e seguros, o projeto inclui placas para promover a consci\u00eancia ambiental, seguran\u00e7a e cuidado com animais silvestres.<\/p>\n\n\n\n<p>De acordo com o secret\u00e1rio de Turismo, Leonardo Anderson, nessa primeira fase as placas est\u00e3o sendo instaladas nos principais acessos \u00e0s cachoeiras de Duas Barras; da Laje e do Escorrega, todas nas localidades das Bicudas Pequena e Grande, al\u00e9m de Boa Alegria e Sana.<\/p>\n\n\n\n<blockquote class=\"wp-block-quote is-layout-flow wp-block-quote-is-layout-flow\">\n<p>\u201cNa sequ\u00eancia, vamos executar o trabalho em Glic\u00e9rio, Frade e Serra da Cruz\u201d, pontuou o secret\u00e1rio.<\/p>\n<\/blockquote>\n\n\n\n<p>As placas est\u00e3o sendo confeccionadas por meio de compensa\u00e7\u00e3o ambiental, que \u00e9 um mecanismo utilizado pela Secretaria de Ambiente e Sustentabilidade no licenciamento de obras e demais atividades de terceiros. Por isso, as placas n\u00e3o tiveram custo para a gest\u00e3o municipal.<\/p>\n\n\n\n<p><em>Por Jornalista Julie Silveira\/ Secom Pref. de Maca\u00e9<\/em><\/p>\n","protected":false},"excerpt":{"rendered":"<p>A serra macaense \u00e9 rica em belezas naturais, com parques e cachoeiras de \u00e1guas cristalinas e quedas d\u2019\u00e1gua incr\u00edveis. Para proporcionar \u00e0 popula\u00e7\u00e3o e turistas a oportunidade de conhecer esses locais, a Prefeitura de Maca\u00e9 lan\u00e7ou o projeto de Sinaliza\u00e7\u00e3o Tur\u00edstica da Serra Macaense, por meio da instala\u00e7\u00e3o de placas em pontos estrat\u00e9gicos. Nesta quinta-feira [&hellip;]<\/p>\n","protected":false},"author":2,"featured_media":10156,"comment_status":"closed","ping_status":"closed","sticky":false,"template":"","format":"standard","meta":{"postBodyCss":"","postBodyMargin":[],"postBodyPadding":[],"postBodyBackground":{"backgroundType":"classic","gradient":""},"footnotes":""},"categories":[42],"tags":[417],"class_list":["post-10154","post","type-post","status-publish","format-standard","has-post-thumbnail","hentry","category-macae","tag-regiao-serrana"],"aioseo_notices":[],"_links":{"self":[{"href":"https:\/\/aconteceemmacaeeregiao.com.br\/index.php\/wp-json\/wp\/v2\/posts\/10154","targetHints":{"allow":["GET"]}}],"collection":[{"href":"https:\/\/aconteceemmacaeeregiao.com.br\/index.php\/wp-json\/wp\/v2\/posts"}],"about":[{"href":"https:\/\/aconteceemmacaeeregiao.com.br\/index.php\/wp-json\/wp\/v2\/types\/post"}],"author":[{"embeddable":true,"href":"https:\/\/aconteceemmacaeeregiao.com.br\/index.php\/wp-json\/wp\/v2\/users\/2"}],"replies":[{"embeddable":true,"href":"https:\/\/aconteceemmacaeeregiao.com.br\/index.php\/wp-json\/wp\/v2\/comments?post=10154"}],"version-history":[{"count":0,"href":"https:\/\/aconteceemmacaeeregiao.com.br\/index.php\/wp-json\/wp\/v2\/posts\/10154\/revisions"}],"wp:featuredmedia":[{"embeddable":true,"href":"https:\/\/aconteceemmacaeeregiao.com.br\/index.php\/wp-json\/wp\/v2\/media\/10156"}],"wp:attachment":[{"href":"https:\/\/aconteceemmacaeeregiao.com.br\/index.php\/wp-json\/wp\/v2\/media?parent=10154"}],"wp:term":[{"taxonomy":"category","embeddable":true,"href":"https:\/\/aconteceemmacaeeregiao.com.br\/index.php\/wp-json\/wp\/v2\/categories?post=10154"},{"taxonomy":"post_tag","embeddable":true,"href":"https:\/\/aconteceemmacaeeregiao.com.br\/index.php\/wp-json\/wp\/v2\/tags?post=10154"}],"curies":[{"name":"wp","href":"https:\/\/api.w.org\/{rel}","templated":true}]}}