{"id":10244,"date":"2023-06-09T18:02:23","date_gmt":"2023-06-09T21:02:23","guid":{"rendered":"https:\/\/aconteceemmacaeeregiao.com.br\/?p=10244"},"modified":"2023-06-09T18:02:24","modified_gmt":"2023-06-09T21:02:24","slug":"semana-do-meio-ambiente-solucoes-para-a-poluicao-plastica-e-os-impactos-no-saneamento","status":"publish","type":"post","link":"https:\/\/aconteceemmacaeeregiao.com.br\/index.php\/2023\/06\/09\/semana-do-meio-ambiente-solucoes-para-a-poluicao-plastica-e-os-impactos-no-saneamento\/","title":{"rendered":"Semana do Meio Ambiente: solu\u00e7\u00f5es para a polui\u00e7\u00e3o pl\u00e1stica e os impactos no saneamento"},"content":{"rendered":"\n<p><em><strong>Encontro de Viv\u00eancias Ambientais refor\u00e7a a import\u00e2ncia\u00a0do uso respons\u00e1vel dos recursos naturais e do descarte consciente para\u00a0a\u00a0preserva\u00e7\u00e3o do meio ambiente<\/strong><\/em><\/p>\n\n\n\n<p>Participando das comemora\u00e7\u00f5es pela semana do Dia Mundial do Meio Ambiente, celebrado em 5 de junho, a BRK levou conhecimento sobre saneamento para o segundo dia \u201c<a>Encontro de Viv\u00eancias Ambientais<\/a>\u201d, promovido pelas secretarias de Ambiente e Sustentabilidade e de Educa\u00e7\u00e3o de Maca\u00e9 no bosque da Lagoa de Imboassica nesta ter\u00e7a-feira (6). Al\u00e9m de relembrar a necessidade da preserva\u00e7\u00e3o e do uso respons\u00e1vel dos recursos naturais, a&nbsp;ideia foi utilizar a data para refor\u00e7ar a import\u00e2ncia, em especial, da coleta e tratamento de esgoto, mostrando que a informa\u00e7\u00e3o desde a inf\u00e2ncia \u00e9 uma das formas mais eficientes para a conscientiza\u00e7\u00e3o.<\/p>\n\n\n\n<p>Contando com a presen\u00e7a de muitos estudantes e crian\u00e7as acompanhadas dos pais no evento, a BRK abordou o tema de forma l\u00fadica e interativa, aliando brincadeira e conhecimento. Na \u201cCorrida do Meio Ambiente\u201d, que reproduz um jogo de tabuleiro em que os participantes s\u00e3o as pe\u00e7as principais, eles puderam aprender mais sobre preserva\u00e7\u00e3o. J\u00e1 com o jogo de mem\u00f3ria \u201cVil\u00f5es do Esgoto\u201d, os visitantes interagiram com personagens como \u201cBete Cotonete\u201d, \u201cBolinha \u00d3leo de Cozinha\u201d, \u201cDurval Fio Dental\u201d e \u201cJo\u00e3o Algod\u00e3o\u201d para combaterem, em seu cotidiano, alguns dos principais res\u00edduos que prejudicam o processo de coleta e tratamento de esgoto se descartados incorretamente.<\/p>\n\n\n\n<p>Um deles, muito presente nas atividades do dia a dia e na cadeia produtiva, est\u00e1 no tema proposto pela Organiza\u00e7\u00e3o das Na\u00e7\u00f5es Unidas (ONU) para o&nbsp;Dia Mundial do Meio Ambiente este ano, que \u00e9&nbsp;\u201csolu\u00e7\u00f5es para a polui\u00e7\u00e3o pl\u00e1stica\u201d. Este tipo de material ainda \u00e9 bastante descartado de forma irregular, prejudicando o ciclo de tratamento do esgoto, mesmo com uma&nbsp;m\u00e9dia de 22 km de redes exclusivas de esgoto sendo limpas por m\u00eas em a\u00e7\u00f5es de manuten\u00e7\u00e3o preventiva realizadas pela BRK em Maca\u00e9.<\/p>\n\n\n\n<p>&#8211; Para que o ciclo do saneamento funcione plenamente, incluindo a coleta e o tratamento de esgoto, todos t\u00eam um papel a desempenhar. Mesmo uma embalagem de bala ou uma garrafa de \u00e1gua descartadas incorretamente podem trazer preju\u00edzos ao tratamento de esgoto e contribuir para a polui\u00e7\u00e3o dos oceanos. Da\u00ed a import\u00e2ncia da conscientiza\u00e7\u00e3o, em especial de estudantes, que s\u00e3o multiplicadores nas suas fam\u00edlias \u2013 explica o diretor da BRK em Maca\u00e9, Ricardo Santiago.&nbsp;<\/p>\n\n\n<div class=\"wp-block-image\">\n<figure class=\"aligncenter size-large\"><img fetchpriority=\"high\" decoding=\"async\" width=\"1024\" height=\"768\" src=\"https:\/\/aconteceemmacaeeregiao.com.br\/wp-content\/uploads\/2023\/06\/ac4bb9bb-53ef-4bd8-b33c-89021944d073-1024x768.jpeg\" alt=\"\" class=\"wp-image-10249\" srcset=\"https:\/\/aconteceemmacaeeregiao.com.br\/wp-content\/uploads\/2023\/06\/ac4bb9bb-53ef-4bd8-b33c-89021944d073-1024x768.jpeg 1024w, https:\/\/aconteceemmacaeeregiao.com.br\/wp-content\/uploads\/2023\/06\/ac4bb9bb-53ef-4bd8-b33c-89021944d073-300x225.jpeg 300w, https:\/\/aconteceemmacaeeregiao.com.br\/wp-content\/uploads\/2023\/06\/ac4bb9bb-53ef-4bd8-b33c-89021944d073-768x576.jpeg 768w, https:\/\/aconteceemmacaeeregiao.com.br\/wp-content\/uploads\/2023\/06\/ac4bb9bb-53ef-4bd8-b33c-89021944d073-1536x1152.jpeg 1536w, https:\/\/aconteceemmacaeeregiao.com.br\/wp-content\/uploads\/2023\/06\/ac4bb9bb-53ef-4bd8-b33c-89021944d073.jpeg 1600w\" sizes=\"(max-width: 1024px) 100vw, 1024px\" \/><\/figure>\n<\/div>\n\n\n<p><strong>Descarte correto de res\u00edduos<\/strong><strong><\/strong><\/p>\n\n\n\n<p>Segundos dados do Instituto de Oceanografia da USP, cada brasileiro produz, em m\u00e9dia, 16 quilos de lixo pl\u00e1stico por ano. Quando esse material n\u00e3o \u00e9 destinado corretamente ou a reciclagem \u00e9 impossibilitada, os reflexos no tratamento de esgoto e no meio ambiente s\u00e3o enormes. E os preju\u00edzos podem, inclusive, impactar diretamente os im\u00f3veis, j\u00e1 que, ao jogar materiais pl\u00e1sticos em pias, privadas e ralos, podem acontecer entupimentos na tubula\u00e7\u00e3o e, consequentemente, vazamentos em via p\u00fablica ou retorno do esgoto para dentro das casas. Por\u00e9m, cada um pode ajudar a reduzir esses impactos, seguindo alguns passos como: separar o lixo por tipo de material, lav\u00e1-los e embal\u00e1-los corretamente, pesquisar qual a destina\u00e7\u00e3o de cada material e reaproveitar o que for poss\u00edvel, al\u00e9m de outras a\u00e7\u00f5es. Para saber mais sobre como a mudan\u00e7a de atitude faz toda diferen\u00e7a, acesse o&nbsp;<a href=\"https:\/\/www.brkambiental.com.br\/brk-explica\/descarte-sustentavel\" target=\"_blank\" rel=\"noreferrer noopener\">BRK Explica<\/a>&nbsp;no site&nbsp;<a href=\"http:\/\/brkambiental.com.br\/macae\" target=\"_blank\" rel=\"noreferrer noopener\">brkambiental.com.br\/macae<\/a>.<\/p>\n","protected":false},"excerpt":{"rendered":"<p>Encontro de Viv\u00eancias Ambientais refor\u00e7a a import\u00e2ncia\u00a0do uso respons\u00e1vel dos recursos naturais e do descarte consciente para\u00a0a\u00a0preserva\u00e7\u00e3o do meio ambiente Participando das comemora\u00e7\u00f5es pela semana do Dia Mundial do Meio Ambiente, celebrado em 5 de junho, a BRK levou conhecimento sobre saneamento para o segundo dia \u201cEncontro de Viv\u00eancias Ambientais\u201d, promovido pelas secretarias de Ambiente [&hellip;]<\/p>\n","protected":false},"author":2,"featured_media":10248,"comment_status":"closed","ping_status":"closed","sticky":false,"template":"","format":"standard","meta":{"postBodyCss":"","postBodyMargin":[],"postBodyPadding":[],"postBodyBackground":{"backgroundType":"classic","gradient":""},"footnotes":""},"categories":[67],"tags":[531,530],"class_list":["post-10244","post","type-post","status-publish","format-standard","has-post-thumbnail","hentry","category-meio-ambiente","tag-lagoa-de-imboassica","tag-poluicao"],"aioseo_notices":[],"_links":{"self":[{"href":"https:\/\/aconteceemmacaeeregiao.com.br\/index.php\/wp-json\/wp\/v2\/posts\/10244","targetHints":{"allow":["GET"]}}],"collection":[{"href":"https:\/\/aconteceemmacaeeregiao.com.br\/index.php\/wp-json\/wp\/v2\/posts"}],"about":[{"href":"https:\/\/aconteceemmacaeeregiao.com.br\/index.php\/wp-json\/wp\/v2\/types\/post"}],"author":[{"embeddable":true,"href":"https:\/\/aconteceemmacaeeregiao.com.br\/index.php\/wp-json\/wp\/v2\/users\/2"}],"replies":[{"embeddable":true,"href":"https:\/\/aconteceemmacaeeregiao.com.br\/index.php\/wp-json\/wp\/v2\/comments?post=10244"}],"version-history":[{"count":0,"href":"https:\/\/aconteceemmacaeeregiao.com.br\/index.php\/wp-json\/wp\/v2\/posts\/10244\/revisions"}],"wp:featuredmedia":[{"embeddable":true,"href":"https:\/\/aconteceemmacaeeregiao.com.br\/index.php\/wp-json\/wp\/v2\/media\/10248"}],"wp:attachment":[{"href":"https:\/\/aconteceemmacaeeregiao.com.br\/index.php\/wp-json\/wp\/v2\/media?parent=10244"}],"wp:term":[{"taxonomy":"category","embeddable":true,"href":"https:\/\/aconteceemmacaeeregiao.com.br\/index.php\/wp-json\/wp\/v2\/categories?post=10244"},{"taxonomy":"post_tag","embeddable":true,"href":"https:\/\/aconteceemmacaeeregiao.com.br\/index.php\/wp-json\/wp\/v2\/tags?post=10244"}],"curies":[{"name":"wp","href":"https:\/\/api.w.org\/{rel}","templated":true}]}}