{"id":10251,"date":"2023-06-09T18:05:21","date_gmt":"2023-06-09T21:05:21","guid":{"rendered":"https:\/\/aconteceemmacaeeregiao.com.br\/?p=10251"},"modified":"2023-06-09T18:05:21","modified_gmt":"2023-06-09T21:05:21","slug":"quissama-tera-cinco-atletas-no-campeonato-brasileiro-de-kickboxing","status":"publish","type":"post","link":"https:\/\/aconteceemmacaeeregiao.com.br\/index.php\/2023\/06\/09\/quissama-tera-cinco-atletas-no-campeonato-brasileiro-de-kickboxing\/","title":{"rendered":"Quissam\u00e3 ter\u00e1 cinco atletas no Campeonato Brasileiro de Kickboxing"},"content":{"rendered":"\n<p>Quissam\u00e3 levar\u00e1 cinco atletas para o Campeonato Brasileiro de Kickboxing, todos vinculados ao Programa Bolsa Atleta. A competi\u00e7\u00e3o ser\u00e1 realizada pela Confedera\u00e7\u00e3o Brasileira da modalidade (CBKB) e valer\u00e1 pontos no ranking nacional. O evento acontece de quinta-feira (8) a domingo (11) no gin\u00e1sio Tarum\u00e3,em Curitiba, no Paran\u00e1. A modalidade \u00e9 promovida pela Prefeitura de Quissam\u00e3, atrav\u00e9s da Secretaria de Esporte e Juventude.<\/p>\n\n\n\n<p>Os bolsistas e representantes do nosso munic\u00edpio ser\u00e3o Geyson Ribeiro, na categoria +94kg; Jo\u00e3o Victor Nascimento, Jo\u00e3o Pedro dos Santos e Pablo Enrick Lima, todos da categoria de at\u00e9 79kg, e Maria Eduarda Martins, na categoria de at\u00e9 65kg, sub-17.<\/p>\n\n\n\n<p>O professor e competidor Geyson Ribeiro lidera os atletas na competi\u00e7\u00e3o em busca de mais um resultado positivo para a cidade. &#8220;Esperamos representar bem o munic\u00edpio em mais um Campeonato. Estamos com uma expectativa boa, vou em busca do tricampeonato, o Jo\u00e3o vai tentar o bi. S\u00e3o muitos atletas, 27 estados competindo, uma competi\u00e7\u00e3o bem acirrada, mas esperamos trazer um bom resultado e mais uma vez colocar Quissam\u00e3 no topo do ranking nacional&#8221;, comentou.<\/p>\n\n\n<div class=\"wp-block-image\">\n<figure class=\"aligncenter size-large\"><img fetchpriority=\"high\" decoding=\"async\" width=\"1024\" height=\"576\" src=\"https:\/\/aconteceemmacaeeregiao.com.br\/wp-content\/uploads\/2023\/06\/Quissama-tera-cinco-atletas-no-Campeonato-Brasileiro-de-Kickboxing-1-1024x576.jpeg\" alt=\"\" class=\"wp-image-10254\" srcset=\"https:\/\/aconteceemmacaeeregiao.com.br\/wp-content\/uploads\/2023\/06\/Quissama-tera-cinco-atletas-no-Campeonato-Brasileiro-de-Kickboxing-1-1024x576.jpeg 1024w, https:\/\/aconteceemmacaeeregiao.com.br\/wp-content\/uploads\/2023\/06\/Quissama-tera-cinco-atletas-no-Campeonato-Brasileiro-de-Kickboxing-1-300x169.jpeg 300w, https:\/\/aconteceemmacaeeregiao.com.br\/wp-content\/uploads\/2023\/06\/Quissama-tera-cinco-atletas-no-Campeonato-Brasileiro-de-Kickboxing-1-768x432.jpeg 768w, https:\/\/aconteceemmacaeeregiao.com.br\/wp-content\/uploads\/2023\/06\/Quissama-tera-cinco-atletas-no-Campeonato-Brasileiro-de-Kickboxing-1.jpeg 1280w\" sizes=\"(max-width: 1024px) 100vw, 1024px\" \/><\/figure>\n<\/div>\n\n\n<p>O Brasileir\u00e3o \u00e9 um dos campeonatos que garantem pontua\u00e7\u00e3o para o Ranking Nacional, que classifica os atletas para a participa\u00e7\u00e3o nos eventos internacionais. &#8220;Enquanto secret\u00e1ria, tenho muito orgulho em saber que temos atletas de ponta em Quissam\u00e3, levando o nome da nossa cidade para campeonatos deste n\u00edvel. A evolu\u00e7\u00e3o deles \u00e9 constante e vamos daqui torcer para mais um grande resultado&#8221;, destacou a Secret\u00e1ria de Esporte e Juventude, \u00cdsis das Chagas.<\/p>\n\n\n\n<p>Ser\u00e3o premiados os top-3 colocados por categoria com uma medalha do evento, assim que executarem cada final. Ser\u00e3o premiados os tr\u00eas primeiros estados classificados com um trof\u00e9u exclusivo do evento.&nbsp;&nbsp;<\/p>\n","protected":false},"excerpt":{"rendered":"<p>Quissam\u00e3 levar\u00e1 cinco atletas para o Campeonato Brasileiro de Kickboxing, todos vinculados ao Programa Bolsa Atleta. A competi\u00e7\u00e3o ser\u00e1 realizada pela Confedera\u00e7\u00e3o Brasileira da modalidade (CBKB) e valer\u00e1 pontos no ranking nacional. O evento acontece de quinta-feira (8) a domingo (11) no gin\u00e1sio Tarum\u00e3,em Curitiba, no Paran\u00e1. A modalidade \u00e9 promovida pela Prefeitura de Quissam\u00e3, [&hellip;]<\/p>\n","protected":false},"author":2,"featured_media":10253,"comment_status":"closed","ping_status":"closed","sticky":false,"template":"","format":"standard","meta":{"postBodyCss":"","postBodyMargin":[],"postBodyPadding":[],"postBodyBackground":{"backgroundType":"classic","gradient":""},"footnotes":""},"categories":[6,50,43],"tags":[229],"class_list":["post-10251","post","type-post","status-publish","format-standard","has-post-thumbnail","hentry","category-esporte","category-quissama","category-regiao","tag-kickboxing"],"aioseo_notices":[],"_links":{"self":[{"href":"https:\/\/aconteceemmacaeeregiao.com.br\/index.php\/wp-json\/wp\/v2\/posts\/10251","targetHints":{"allow":["GET"]}}],"collection":[{"href":"https:\/\/aconteceemmacaeeregiao.com.br\/index.php\/wp-json\/wp\/v2\/posts"}],"about":[{"href":"https:\/\/aconteceemmacaeeregiao.com.br\/index.php\/wp-json\/wp\/v2\/types\/post"}],"author":[{"embeddable":true,"href":"https:\/\/aconteceemmacaeeregiao.com.br\/index.php\/wp-json\/wp\/v2\/users\/2"}],"replies":[{"embeddable":true,"href":"https:\/\/aconteceemmacaeeregiao.com.br\/index.php\/wp-json\/wp\/v2\/comments?post=10251"}],"version-history":[{"count":0,"href":"https:\/\/aconteceemmacaeeregiao.com.br\/index.php\/wp-json\/wp\/v2\/posts\/10251\/revisions"}],"wp:featuredmedia":[{"embeddable":true,"href":"https:\/\/aconteceemmacaeeregiao.com.br\/index.php\/wp-json\/wp\/v2\/media\/10253"}],"wp:attachment":[{"href":"https:\/\/aconteceemmacaeeregiao.com.br\/index.php\/wp-json\/wp\/v2\/media?parent=10251"}],"wp:term":[{"taxonomy":"category","embeddable":true,"href":"https:\/\/aconteceemmacaeeregiao.com.br\/index.php\/wp-json\/wp\/v2\/categories?post=10251"},{"taxonomy":"post_tag","embeddable":true,"href":"https:\/\/aconteceemmacaeeregiao.com.br\/index.php\/wp-json\/wp\/v2\/tags?post=10251"}],"curies":[{"name":"wp","href":"https:\/\/api.w.org\/{rel}","templated":true}]}}