{"id":10256,"date":"2023-06-09T18:37:56","date_gmt":"2023-06-09T21:37:56","guid":{"rendered":"https:\/\/aconteceemmacaeeregiao.com.br\/?p=10256"},"modified":"2023-06-09T18:37:56","modified_gmt":"2023-06-09T21:37:56","slug":"acao-para-reprimir-trafico-de-drogas-prende-tres-e-apreende-adolescente","status":"publish","type":"post","link":"https:\/\/aconteceemmacaeeregiao.com.br\/index.php\/2023\/06\/09\/acao-para-reprimir-trafico-de-drogas-prende-tres-e-apreende-adolescente\/","title":{"rendered":"A\u00e7\u00e3o para reprimir tr\u00e1fico de drogas prende tr\u00eas e apreende adolescente"},"content":{"rendered":"\n<p>Policiais civis da 128\u00aa DP (Rio das Ostras) prenderam, nesta quarta-feira (07\/06), tr\u00eas pessoas e apreenderam uma adolescente por envolvimento com o tr\u00e1fico de drogas e associa\u00e7\u00e3o ao tr\u00e1fico de drogas.<\/p>\n\n\n\n<p>Com os detidos foi apreendida grande quantidade de drogas e dinheiro. O material apreendido foi encaminhado \u00e0 per\u00edcia. As investiga\u00e7\u00f5es continuam para reprimir o avan\u00e7o do tr\u00e1fico de drogas.<\/p>\n\n\n\n<p><em>Por Secom Pol\u00edcia Civil RJ<\/em><\/p>\n","protected":false},"excerpt":{"rendered":"<p>Policiais civis da 128\u00aa DP (Rio das Ostras) prenderam, nesta quarta-feira (07\/06), tr\u00eas pessoas e apreenderam uma adolescente por envolvimento com o tr\u00e1fico de drogas e associa\u00e7\u00e3o ao tr\u00e1fico de drogas. Com os detidos foi apreendida grande quantidade de drogas e dinheiro. O material apreendido foi encaminhado \u00e0 per\u00edcia. As investiga\u00e7\u00f5es continuam para reprimir o [&hellip;]<\/p>\n","protected":false},"author":2,"featured_media":7051,"comment_status":"closed","ping_status":"closed","sticky":false,"template":"","format":"standard","meta":{"postBodyCss":"","postBodyMargin":[],"postBodyPadding":[],"postBodyBackground":{"backgroundType":"classic","gradient":""},"footnotes":""},"categories":[47,43,49],"tags":[98,183,349,100,513],"class_list":["post-10256","post","type-post","status-publish","format-standard","has-post-thumbnail","hentry","category-ocorrencias","category-regiao","category-rio-das-ostras","tag-drogas","tag-128dp","tag-adolescentes","tag-prisao","tag-trafico"],"aioseo_notices":[],"_links":{"self":[{"href":"https:\/\/aconteceemmacaeeregiao.com.br\/index.php\/wp-json\/wp\/v2\/posts\/10256","targetHints":{"allow":["GET"]}}],"collection":[{"href":"https:\/\/aconteceemmacaeeregiao.com.br\/index.php\/wp-json\/wp\/v2\/posts"}],"about":[{"href":"https:\/\/aconteceemmacaeeregiao.com.br\/index.php\/wp-json\/wp\/v2\/types\/post"}],"author":[{"embeddable":true,"href":"https:\/\/aconteceemmacaeeregiao.com.br\/index.php\/wp-json\/wp\/v2\/users\/2"}],"replies":[{"embeddable":true,"href":"https:\/\/aconteceemmacaeeregiao.com.br\/index.php\/wp-json\/wp\/v2\/comments?post=10256"}],"version-history":[{"count":0,"href":"https:\/\/aconteceemmacaeeregiao.com.br\/index.php\/wp-json\/wp\/v2\/posts\/10256\/revisions"}],"wp:featuredmedia":[{"embeddable":true,"href":"https:\/\/aconteceemmacaeeregiao.com.br\/index.php\/wp-json\/wp\/v2\/media\/7051"}],"wp:attachment":[{"href":"https:\/\/aconteceemmacaeeregiao.com.br\/index.php\/wp-json\/wp\/v2\/media?parent=10256"}],"wp:term":[{"taxonomy":"category","embeddable":true,"href":"https:\/\/aconteceemmacaeeregiao.com.br\/index.php\/wp-json\/wp\/v2\/categories?post=10256"},{"taxonomy":"post_tag","embeddable":true,"href":"https:\/\/aconteceemmacaeeregiao.com.br\/index.php\/wp-json\/wp\/v2\/tags?post=10256"}],"curies":[{"name":"wp","href":"https:\/\/api.w.org\/{rel}","templated":true}]}}