{"id":10344,"date":"2023-06-14T22:32:51","date_gmt":"2023-06-15T01:32:51","guid":{"rendered":"https:\/\/aconteceemmacaeeregiao.com.br\/?p=10344"},"modified":"2023-06-14T22:32:51","modified_gmt":"2023-06-15T01:32:51","slug":"parceria-oferece-cursos-para-mulheres-vitimas-de-violencia-domestica","status":"publish","type":"post","link":"https:\/\/aconteceemmacaeeregiao.com.br\/index.php\/2023\/06\/14\/parceria-oferece-cursos-para-mulheres-vitimas-de-violencia-domestica\/","title":{"rendered":"Parceria oferece cursos para mulheres v\u00edtimas de viol\u00eancia dom\u00e9stica"},"content":{"rendered":"\n<p>Com o objetivo de oferecer forma\u00e7\u00e3o profissional para mulheres v\u00edtimas de viol\u00eancia dom\u00e9stica, foi assinado o Termo de Coopera\u00e7\u00e3o T\u00e9cnica entre a Funda\u00e7\u00e3o de Apoio \u00e0 Escola T\u00e9cnica (Faetec), vinculada \u00e0 Secretaria de Ci\u00eancia, Tecnologia e Inova\u00e7\u00e3o, e a Secretaria de Estado da Mulher. A assinatura do documento foi realizada na manh\u00e3 desta ter\u00e7a-feira (13\/6), no audit\u00f3rio da Biblioteca Parque, no Centro do Rio. Por meio da parceria, mais de 1.300 vagas ser\u00e3o destinadas para este p\u00fablico.<\/p>\n\n\n\n<p>Para a presidente da Faetec, Caroline Alves, o compromisso entre as duas institui\u00e7\u00f5es garante que in\u00fameras mulheres em situa\u00e7\u00e3o de viol\u00eancia tenham a oportunidade de se profissionalizar e, por meio do trabalho, transformar suas vidas.<\/p>\n\n\n\n<p>&#8211; Hoje estou muito feliz, pois esse \u00e9 um momento importante para a gente. Gra\u00e7as a esse acordo, vamos atender 94 unidades e, nesse primeiro momento, atenderemos com 1.319 vagas. O nosso objetivo \u00e9 que possamos ampliar esse n\u00famero e ofertar ainda mais vagas -, declarou a presidente da Faetec.<\/p>\n\n\n\n<p>&nbsp;O Termo foi assinado pela secret\u00e1ria de Estado da Mulher, Helo\u00edsa Aguiar; e a presidente da Faetec, Caroline Alves. Tamb\u00e9m estiveram presente na cerim\u00f4nia de assinatura o secret\u00e1rio de Ci\u00eancia, Tecnologia e Inova\u00e7\u00e3o, Mauro Azevedo Neto; a diretora do Departamento Geral de Pol\u00edcia de Atendimento \u00e0 Mulher da Secretaria de Pol\u00edcia Civil, Gabriela Von Beauvais da Silva; e a deputada estadual C\u00e9lia Jord\u00e3o.<\/p>\n\n\n\n<p>&nbsp;O secret\u00e1rio de Ci\u00eancia e Tecnologia refor\u00e7ou que aprender uma profiss\u00e3o pode ser o in\u00edcio de uma independ\u00eancia financeira para essas mulheres. Grande parte das mulheres que sofre viol\u00eancia \u00e9 dependente financeira de seus agressores, o que dificulta o t\u00e9rmino dos epis\u00f3dios de agress\u00e3o.<\/p>\n\n\n<div class=\"wp-block-image\">\n<figure class=\"aligncenter size-full\"><img fetchpriority=\"high\" decoding=\"async\" width=\"1024\" height=\"681\" src=\"https:\/\/aconteceemmacaeeregiao.com.br\/wp-content\/uploads\/2023\/06\/Foto-0002.jpeg\" alt=\"\" class=\"wp-image-10347\" srcset=\"https:\/\/aconteceemmacaeeregiao.com.br\/wp-content\/uploads\/2023\/06\/Foto-0002.jpeg 1024w, https:\/\/aconteceemmacaeeregiao.com.br\/wp-content\/uploads\/2023\/06\/Foto-0002-300x200.jpeg 300w, https:\/\/aconteceemmacaeeregiao.com.br\/wp-content\/uploads\/2023\/06\/Foto-0002-768x511.jpeg 768w\" sizes=\"(max-width: 1024px) 100vw, 1024px\" \/><\/figure>\n<\/div>\n\n\n<p>&nbsp;&#8211; \u00c9 gratificante para a Secretaria fazer parte da assinatura deste Termo, que visa garantir \u00e0s mulheres v\u00edtimas de viol\u00eancia a oportunidade de realizar cursos t\u00e9cnicos e profissionalizantes, de modo a ter uma fonte de renda, que se resulta em independ\u00eancia. Essa \u00e9 uma oportunidade concreta, real e efetiva, que possibilita a essas mulheres encontrarem uma sa\u00edda -, concluiu Mauro Azevedo Neto.<\/p>\n\n\n\n<p>A iniciativa surge a partir da lei 9662\/2022, que prev\u00ea a capacita\u00e7\u00e3o dessas mulheres, em situa\u00e7\u00e3o de vulnerabilidade social e desemprego, encaminhadas para os Centros de Refer\u00eancia Especializados de Assist\u00eancia Social (CREAS) e abrigos institucionais. As institui\u00e7\u00f5es parceiras da secretaria da Mulher encaminhar\u00e3o os dados das mulheres para a Faetec, que ter\u00e1 5% das vagas dos cursos profissionalizantes reservadas para este p\u00fablico.<\/p>\n\n\n\n<p>Entre as op\u00e7\u00f5es de cursos oferecidos est\u00e3o: Assistente Administrativo, Assistente de Log\u00edstica, Cabeleireiro, Confeiteiro, Cuidador de Idosos, Encanador Instalador Predial, Ingl\u00eas, Maquiador, Massagista, Operador de Computador, Operador de Editora\u00e7\u00e3o Eletr\u00f4nica, Pizzaiolo e Programador Web.<\/p>\n\n\n\n<p>A secret\u00e1ria da Mulher, Helo\u00edsa Aguiar, pontuou que a parceria n\u00e3o resultar\u00e1 em novos custos a nenhuma das institui\u00e7\u00f5es e trar\u00e1 somente benef\u00edcios para as mulheres atendidas.&nbsp;<\/p>\n\n\n\n<p>&#8211; Temos o desafio de preencher as 1.319 vagas destinadas a mulheres atendidas por unidades especializadas, nesse pr\u00f3ximo semestre. As matr\u00edculas come\u00e7am em 19 de junho e isso \u00e9 s\u00f3 o come\u00e7o. Precisamos divulgar essas vagas em todos os munic\u00edpios do estado. O desejo \u00e9 que possamos preench\u00ea-las e que tenhamos fila de espera, o que \u00e9 sinal de que a parceria deu certo -, pontuou Helo\u00edsa Aguiar.<\/p>\n","protected":false},"excerpt":{"rendered":"<p>Com o objetivo de oferecer forma\u00e7\u00e3o profissional para mulheres v\u00edtimas de viol\u00eancia dom\u00e9stica, foi assinado o Termo de Coopera\u00e7\u00e3o T\u00e9cnica entre a Funda\u00e7\u00e3o de Apoio \u00e0 Escola T\u00e9cnica (Faetec), vinculada \u00e0 Secretaria de Ci\u00eancia, Tecnologia e Inova\u00e7\u00e3o, e a Secretaria de Estado da Mulher. A assinatura do documento foi realizada na manh\u00e3 desta ter\u00e7a-feira (13\/6), [&hellip;]<\/p>\n","protected":false},"author":2,"featured_media":10346,"comment_status":"closed","ping_status":"closed","sticky":false,"template":"","format":"standard","meta":{"postBodyCss":"","postBodyMargin":[],"postBodyPadding":[],"postBodyBackground":{"backgroundType":"classic","gradient":""},"footnotes":""},"categories":[61,43],"tags":[132,316,600,120,182],"class_list":["post-10344","post","type-post","status-publish","format-standard","has-post-thumbnail","hentry","category-educacao","category-regiao","tag-cursos-gratuitos","tag-cursos-profissionalizantes","tag-faetec","tag-mulher","tag-violencia"],"aioseo_notices":[],"_links":{"self":[{"href":"https:\/\/aconteceemmacaeeregiao.com.br\/index.php\/wp-json\/wp\/v2\/posts\/10344","targetHints":{"allow":["GET"]}}],"collection":[{"href":"https:\/\/aconteceemmacaeeregiao.com.br\/index.php\/wp-json\/wp\/v2\/posts"}],"about":[{"href":"https:\/\/aconteceemmacaeeregiao.com.br\/index.php\/wp-json\/wp\/v2\/types\/post"}],"author":[{"embeddable":true,"href":"https:\/\/aconteceemmacaeeregiao.com.br\/index.php\/wp-json\/wp\/v2\/users\/2"}],"replies":[{"embeddable":true,"href":"https:\/\/aconteceemmacaeeregiao.com.br\/index.php\/wp-json\/wp\/v2\/comments?post=10344"}],"version-history":[{"count":0,"href":"https:\/\/aconteceemmacaeeregiao.com.br\/index.php\/wp-json\/wp\/v2\/posts\/10344\/revisions"}],"wp:featuredmedia":[{"embeddable":true,"href":"https:\/\/aconteceemmacaeeregiao.com.br\/index.php\/wp-json\/wp\/v2\/media\/10346"}],"wp:attachment":[{"href":"https:\/\/aconteceemmacaeeregiao.com.br\/index.php\/wp-json\/wp\/v2\/media?parent=10344"}],"wp:term":[{"taxonomy":"category","embeddable":true,"href":"https:\/\/aconteceemmacaeeregiao.com.br\/index.php\/wp-json\/wp\/v2\/categories?post=10344"},{"taxonomy":"post_tag","embeddable":true,"href":"https:\/\/aconteceemmacaeeregiao.com.br\/index.php\/wp-json\/wp\/v2\/tags?post=10344"}],"curies":[{"name":"wp","href":"https:\/\/api.w.org\/{rel}","templated":true}]}}