{"id":10570,"date":"2023-06-19T21:18:45","date_gmt":"2023-06-20T00:18:45","guid":{"rendered":"https:\/\/aconteceemmacaeeregiao.com.br\/?p=10570"},"modified":"2023-06-19T21:18:45","modified_gmt":"2023-06-20T00:18:45","slug":"agentes-da-126a-dp-prendem-miliciano-envolvido-em-cobrancas-ilegais-em-seropedica","status":"publish","type":"post","link":"https:\/\/aconteceemmacaeeregiao.com.br\/index.php\/2023\/06\/19\/agentes-da-126a-dp-prendem-miliciano-envolvido-em-cobrancas-ilegais-em-seropedica\/","title":{"rendered":"Agentes da 126\u00aa DP prendem miliciano envolvido em cobran\u00e7as ilegais em Serop\u00e9dica"},"content":{"rendered":"\n<p>Policiais civis da 126\u00aaDP (Cabo Frio) prenderam, neste s\u00e1bado (17\/06), um integrante da milicia comandada por Danilo Dias Lima, o \u201cTandera\u201d. O acusado foi capturado no Est\u00e1dio Corre\u00e3o, bairro S\u00e3o Crist\u00f3v\u00e3o, em Cabo Frio, ap\u00f3s cruzamento de dados de intelig\u00eancia e monitoramento.<\/p>\n\n\n\n<p>De acodo com os agentes, em maio deste ano, o acusado havia sido alvo da &#8220;Opera\u00e7\u00e3o Epilogue\u201d, que investigou a\u00e7\u00f5es de intensa viol\u00eancia e coa\u00e7\u00e3o contra a popula\u00e7\u00e3o de Serop\u00e9dica. Naquele munic\u00edpio, a mil\u00edcia praticava extors\u00f5es, cobrando taxas ilegais sobre servi\u00e7os essenciais como \u00e1gua, luz, g\u00e1s, TV a cabo, transporte e seguran\u00e7a, al\u00e9m de invadir terrenos e casas pertencentes de terceiros, a fim de realizar e comercializar constru\u00e7\u00f5es ilegais.<\/p>\n\n\n\n<p>Contra o miliciano, foi cumprindo um mandado pris\u00e3o preventiva pelos crimes de organiza\u00e7\u00e3o criminosa, extors\u00e3o e porte ilegal de arma de fogo.<\/p>\n\n\n\n<p><em>Por Secom Pol\u00edcia Civil RJ<\/em><\/p>\n","protected":false},"excerpt":{"rendered":"<p>Policiais civis da 126\u00aaDP (Cabo Frio) prenderam, neste s\u00e1bado (17\/06), um integrante da milicia comandada por Danilo Dias Lima, o \u201cTandera\u201d. O acusado foi capturado no Est\u00e1dio Corre\u00e3o, bairro S\u00e3o Crist\u00f3v\u00e3o, em Cabo Frio, ap\u00f3s cruzamento de dados de intelig\u00eancia e monitoramento. De acodo com os agentes, em maio deste ano, o acusado havia sido [&hellip;]<\/p>\n","protected":false},"author":2,"featured_media":10572,"comment_status":"closed","ping_status":"closed","sticky":false,"template":"","format":"standard","meta":{"postBodyCss":"","postBodyMargin":[],"postBodyPadding":[],"postBodyBackground":{"backgroundType":"classic","gradient":""},"footnotes":""},"categories":[155,47,43],"tags":[],"class_list":["post-10570","post","type-post","status-publish","format-standard","has-post-thumbnail","hentry","category-cabo-frio","category-ocorrencias","category-regiao"],"aioseo_notices":[],"_links":{"self":[{"href":"https:\/\/aconteceemmacaeeregiao.com.br\/index.php\/wp-json\/wp\/v2\/posts\/10570","targetHints":{"allow":["GET"]}}],"collection":[{"href":"https:\/\/aconteceemmacaeeregiao.com.br\/index.php\/wp-json\/wp\/v2\/posts"}],"about":[{"href":"https:\/\/aconteceemmacaeeregiao.com.br\/index.php\/wp-json\/wp\/v2\/types\/post"}],"author":[{"embeddable":true,"href":"https:\/\/aconteceemmacaeeregiao.com.br\/index.php\/wp-json\/wp\/v2\/users\/2"}],"replies":[{"embeddable":true,"href":"https:\/\/aconteceemmacaeeregiao.com.br\/index.php\/wp-json\/wp\/v2\/comments?post=10570"}],"version-history":[{"count":0,"href":"https:\/\/aconteceemmacaeeregiao.com.br\/index.php\/wp-json\/wp\/v2\/posts\/10570\/revisions"}],"wp:featuredmedia":[{"embeddable":true,"href":"https:\/\/aconteceemmacaeeregiao.com.br\/index.php\/wp-json\/wp\/v2\/media\/10572"}],"wp:attachment":[{"href":"https:\/\/aconteceemmacaeeregiao.com.br\/index.php\/wp-json\/wp\/v2\/media?parent=10570"}],"wp:term":[{"taxonomy":"category","embeddable":true,"href":"https:\/\/aconteceemmacaeeregiao.com.br\/index.php\/wp-json\/wp\/v2\/categories?post=10570"},{"taxonomy":"post_tag","embeddable":true,"href":"https:\/\/aconteceemmacaeeregiao.com.br\/index.php\/wp-json\/wp\/v2\/tags?post=10570"}],"curies":[{"name":"wp","href":"https:\/\/api.w.org\/{rel}","templated":true}]}}