{"id":10658,"date":"2023-06-20T21:14:11","date_gmt":"2023-06-21T00:14:11","guid":{"rendered":"https:\/\/aconteceemmacaeeregiao.com.br\/?p=10658"},"modified":"2023-06-20T21:15:21","modified_gmt":"2023-06-21T00:15:21","slug":"implantacao-de-ciclovias-ainda-divide-opinioes-na-camara-de-macae","status":"publish","type":"post","link":"https:\/\/aconteceemmacaeeregiao.com.br\/index.php\/2023\/06\/20\/implantacao-de-ciclovias-ainda-divide-opinioes-na-camara-de-macae\/","title":{"rendered":"Implanta\u00e7\u00e3o de ciclovias ainda divide opini\u00f5es na C\u00e2mara de Maca\u00e9"},"content":{"rendered":"\n<p>Um requerimento apresentado pela vereadora Iza Vicente (Rede) trouxe \u00e0 tona uma nova discuss\u00e3o sobre a implanta\u00e7\u00e3o de ciclovias na cidade. O debate aconteceu nesta ter\u00e7a-feira (20), na C\u00e2mara Municipal de Maca\u00e9. Na ocasi\u00e3o, a parlamentar pediu a regulamenta\u00e7\u00e3o da Lei 4.888\/2022, de sua autoria, que estabelece a cria\u00e7\u00e3o do selo Empresa Amiga do Ciclista.<\/p>\n\n\n\n<p>De acordo com Iza, desde o ano passado a lei aguarda regulamenta\u00e7\u00e3o do Executivo. \u201cA ideia \u00e9 reconhecer as empresas com boas pr\u00e1ticas no fomento ao uso da bicicleta entre seus funcion\u00e1rios. Por exemplo, as que instalaram biciclet\u00e1rios em suas depend\u00eancias, entre outras iniciativas\u201d, explicou.<\/p>\n\n\n\n<p><strong>Ciclovias x com\u00e9rcio<\/strong><\/p>\n\n\n\n<p>Jos\u00e9 Prestes (PTB) e Reginaldo do Hospital (Podemos) aproveitaram para se posicionar contr\u00e1rios a instala\u00e7\u00e3o de ciclofaixas em avenidas onde haja estabelecimentos comerciais. Eles defendem que tal medida prejudica o com\u00e9rcio e, por isso, devem ser implantadas em outros locais. \u201cO que aconteceu na Avenida Teixeira de Gouveia foi um erro. As vendas diminu\u00edram muito porque os clientes n\u00e3o t\u00eam mais onde estacionar seus ve\u00edculos\u201d, declarou Prestes.<\/p>\n\n\n\n<p>Seguindo a mesma l\u00f3gica, Reginaldo afirmou que \u00e9 contr\u00e1rio \u00e0 instala\u00e7\u00e3o de uma ciclovia na Avenida Alcides Mour\u00e3o, na Aroeira. \u201cS\u00e3o duas avenidas de grande movimento para o com\u00e9rcio. Temos que aproveitar esse espa\u00e7o para fomentar as vendas e n\u00e3o prejudica-las\u201d.<\/p>\n\n\n\n<p><strong>Defensores da pol\u00edtica ciclovi\u00e1ria<\/strong><\/p>\n\n\n\n<p>Contudo, Iza Vicente rebateu as cr\u00edticas. Para ela, boa parte das vagas de estacionamento em frente aos estabelecimentos comerciais na Teixeira de Gouveia eram ocupadas por trabalhadores e empres\u00e1rios do com\u00e9rcio e n\u00e3o por clientes. \u201cAl\u00e9m disso, pesquisas apontam que h\u00e1 maior chance de um ciclista parar para fazer uma compra do que um motorista em um ve\u00edculo\u201d, acrescentou.<\/p>\n\n\n\n<p>O presidente Cesinha (Solidariedade) e o vereador Luciano Diniz (Cidadania) tamb\u00e9m defenderam a instala\u00e7\u00e3o de ciclovias como forma de priorizar a vida. \u201cAproximadamente 1.800 bicicletas transitam diariamente pela Alcides Mour\u00e3o. S\u00e3o vidas expostas ao perigo devido a falta de uma ciclofaixa. Penso que devemos garantir a seguran\u00e7a dos ciclistas, que se arriscam na rua por falta de ciclovia\u201d.<\/p>\n\n\n\n<p>Cesinha concordou, destacando ainda os benef\u00edcios para o meio ambiente, mobilidade urbana e sa\u00fade da popula\u00e7\u00e3o. \u201cN\u00e3o posso ser contra algo que diminui a emiss\u00e3o de poluentes na atmosfera, desobstrui o tr\u00e2nsito e ainda estimula as pessoas a praticarem uma atividade f\u00edsica, o que se reflete em qualidade de vida para os cidad\u00e3os\u201d.<\/p>\n\n\n\n<p><strong>Outras propostas aprovadas<\/strong><\/p>\n\n\n\n<p>Na mesma sess\u00e3o, ainda foram aprovados os Projetos de Lei (PL) 16\/2023, de Luiz Matos, e 46\/2023, de Marlon Lima. O primeiro cria o programa de defesa pessoal para mulheres, que poder\u00e1 ser oferecido pelo Executivo. Segundo o texto do PL, ele deve ser voltado para a dissuas\u00e3o da viol\u00eancia dom\u00e9stica e familiar, e ser direcionado \u00e0s mulheres v\u00edtimas de viol\u00eancia e outras interessadas.<\/p>\n\n\n\n<p>J\u00e1 o segundo, estabelece o programa\u00a0<em>Vereador na Escola<\/em>, que permite aos parlamentares darem palestras em escolas p\u00fablicas e privadas do munic\u00edpio sobre temas relacionados \u00e0 democracia, os tr\u00eas poderes e suas atribui\u00e7\u00f5es.<\/p>\n\n\n\n<p><em>Por jornalista Adriana Corr\u00eaa Porto\/ Secom C\u00e2mara de Maca\u00e9<\/em><\/p>\n","protected":false},"excerpt":{"rendered":"<p>Um requerimento apresentado pela vereadora Iza Vicente (Rede) trouxe \u00e0 tona uma nova discuss\u00e3o sobre a implanta\u00e7\u00e3o de ciclovias na cidade. O debate aconteceu nesta ter\u00e7a-feira (20), na C\u00e2mara Municipal de Maca\u00e9. Na ocasi\u00e3o, a parlamentar pediu a regulamenta\u00e7\u00e3o da Lei 4.888\/2022, de sua autoria, que estabelece a cria\u00e7\u00e3o do selo Empresa Amiga do Ciclista. [&hellip;]<\/p>\n","protected":false},"author":2,"featured_media":10660,"comment_status":"closed","ping_status":"closed","sticky":false,"template":"","format":"standard","meta":{"postBodyCss":"","postBodyMargin":[],"postBodyPadding":[],"postBodyBackground":{"backgroundType":"classic","gradient":""},"footnotes":""},"categories":[42,44],"tags":[94,615,192],"class_list":["post-10658","post","type-post","status-publish","format-standard","has-post-thumbnail","hentry","category-macae","category-politica","tag-camara-municipal-de-macae","tag-ciclovia","tag-comercio"],"aioseo_notices":[],"_links":{"self":[{"href":"https:\/\/aconteceemmacaeeregiao.com.br\/index.php\/wp-json\/wp\/v2\/posts\/10658","targetHints":{"allow":["GET"]}}],"collection":[{"href":"https:\/\/aconteceemmacaeeregiao.com.br\/index.php\/wp-json\/wp\/v2\/posts"}],"about":[{"href":"https:\/\/aconteceemmacaeeregiao.com.br\/index.php\/wp-json\/wp\/v2\/types\/post"}],"author":[{"embeddable":true,"href":"https:\/\/aconteceemmacaeeregiao.com.br\/index.php\/wp-json\/wp\/v2\/users\/2"}],"replies":[{"embeddable":true,"href":"https:\/\/aconteceemmacaeeregiao.com.br\/index.php\/wp-json\/wp\/v2\/comments?post=10658"}],"version-history":[{"count":0,"href":"https:\/\/aconteceemmacaeeregiao.com.br\/index.php\/wp-json\/wp\/v2\/posts\/10658\/revisions"}],"wp:featuredmedia":[{"embeddable":true,"href":"https:\/\/aconteceemmacaeeregiao.com.br\/index.php\/wp-json\/wp\/v2\/media\/10660"}],"wp:attachment":[{"href":"https:\/\/aconteceemmacaeeregiao.com.br\/index.php\/wp-json\/wp\/v2\/media?parent=10658"}],"wp:term":[{"taxonomy":"category","embeddable":true,"href":"https:\/\/aconteceemmacaeeregiao.com.br\/index.php\/wp-json\/wp\/v2\/categories?post=10658"},{"taxonomy":"post_tag","embeddable":true,"href":"https:\/\/aconteceemmacaeeregiao.com.br\/index.php\/wp-json\/wp\/v2\/tags?post=10658"}],"curies":[{"name":"wp","href":"https:\/\/api.w.org\/{rel}","templated":true}]}}