{"id":10757,"date":"2023-06-22T20:43:19","date_gmt":"2023-06-22T23:43:19","guid":{"rendered":"https:\/\/aconteceemmacaeeregiao.com.br\/?p=10757"},"modified":"2023-06-22T20:46:26","modified_gmt":"2023-06-22T23:46:26","slug":"segunda-etapa-do-circuito-park-lagos-de-corrida-acontece-neste-domingo","status":"publish","type":"post","link":"https:\/\/aconteceemmacaeeregiao.com.br\/index.php\/2023\/06\/22\/segunda-etapa-do-circuito-park-lagos-de-corrida-acontece-neste-domingo\/","title":{"rendered":"Segunda etapa do Circuito Park Lagos de Corrida acontece neste domingo"},"content":{"rendered":"\n<p><em><strong>Evento oferece atividades para toda a fam\u00edlia,\u00a0<\/strong><strong>das 7h \u00e0s 13h.\u00a0E \u00e0 tarde, tem Festa Junina!<\/strong><\/em><\/p>\n\n\n\n<p>Neste domingo, 25 de junho,\u00a0acontece a segunda etapa do Circuito Evolution Park Lagos de Corrida 2023. O evento acontece das 7h \u00e0s 13h, no estacionamento do shopping, com programa\u00e7\u00e3o para toda a fam\u00edlia: m\u00fasica (DJ e banda ao vivo), brindes, espa\u00e7o infantil gratuito e aul\u00f5es de aquecimento e de ritmos variados de dan\u00e7a.<\/p>\n\n\n\n<p>As provas s\u00e3o divididas nas categorias Caminhada 3km, Corrida 6km, Corrida 12km e PCD (pessoas com defici\u00eancia). As largadas acontecem \u00e0s 8h, enquanto as atividades de lazer duram toda a manh\u00e3, at\u00e9 \u00e0s 13h, no estacionamento (ponto de largada e chegada das provas).<\/p>\n\n\n\n<p>O Circuito Park Lagos de Corrida ter\u00e1 outras duas etapas ao longo do ano: 24 de setembro e 17 de dezembro.<\/p>\n\n\n\n<p><strong>Arrai\u00e1 Park<\/strong><\/p>\n\n\n\n<p>Durante todo o fim de semana (de sexta a domingo), tem festa junina no estacionamento. O arrai\u00e1 tem entrada gratuita e acontece a partir das 17h (sexta) e partir das 15h (s\u00e1bado e domingo), com direito a quadrilha profissional, forr\u00f3 p\u00e9 de serra, aul\u00e3o de forr\u00f3, brincadeiras, anima\u00e7\u00e3o infantil e, claro, comidas t\u00edpicas.<\/p>\n\n\n\n<p><strong><u>Circuito Evolution Park Lagos de Corrida 2023 \u2013 2\u00aa etapa<\/u><\/strong><\/p>\n\n\n\n<p><strong>Data:<\/strong>&nbsp;25 de junho &#8211; domingo<\/p>\n\n\n\n<p><strong>Hora:&nbsp;<\/strong>das 7h \u00e0s 13h<\/p>\n\n\n\n<p><strong>Local:&nbsp;<\/strong>Estacionamento<\/p>\n\n\n\n<p><strong><u>Arrai\u00e1 Park<\/u><\/strong><\/p>\n\n\n\n<p><strong>Data:&nbsp;<\/strong>de 23 a25 de junho (sexta a domingo)<\/p>\n\n\n\n<p><strong>Hora:&nbsp;<\/strong>das 17h \u00e0s 22h (sexta); e das 15h \u00e0s 22h (s\u00e1bado e domingo)<\/p>\n\n\n\n<p><strong>Local:&nbsp;<\/strong>Estacionamento<\/p>\n\n\n\n<p>Entrada gratuita<\/p>\n\n\n\n<p><strong>Dia 23\/06 &#8211; sexta<\/strong><\/p>\n\n\n\n<p>17h &#8211; Andrezinho do Forr\u00f3<\/p>\n\n\n\n<p>20h &#8211; Caio Vargas e Trio<\/p>\n\n\n\n<p><strong>Dia 24\/06 &#8211; s\u00e1bado<\/strong><\/p>\n\n\n\n<p>15h &#8211; Recrea\u00e7\u00e3o e brincadeiras infantis<\/p>\n\n\n\n<p>16h &#8211; K\u00edssilla Santos<\/p>\n\n\n\n<p>19h &#8211; Quadrilha Tia Joana<\/p>\n\n\n\n<p>20h \u2013 Marah<\/p>\n\n\n\n<p><strong>Dia 25\/06 &#8211; domingo<\/strong><\/p>\n\n\n\n<p>15h &#8211; Recrea\u00e7\u00e3o e brincadeiras infantis<\/p>\n\n\n\n<p>15h &#8211; Bruna Fran\u00e7a<\/p>\n\n\n\n<p>18h &#8211; Quadrilha Tia Joana<\/p>\n\n\n\n<p>18h &#8211; Forr\u00f3 du Capim<\/p>\n","protected":false},"excerpt":{"rendered":"<p>Evento oferece atividades para toda a fam\u00edlia,\u00a0das 7h \u00e0s 13h.\u00a0E \u00e0 tarde, tem Festa Junina! Neste domingo, 25 de junho,\u00a0acontece a segunda etapa do Circuito Evolution Park Lagos de Corrida 2023. O evento acontece das 7h \u00e0s 13h, no estacionamento do shopping, com programa\u00e7\u00e3o para toda a fam\u00edlia: m\u00fasica (DJ e banda ao vivo), brindes, [&hellip;]<\/p>\n","protected":false},"author":2,"featured_media":10759,"comment_status":"closed","ping_status":"closed","sticky":false,"template":"","format":"standard","meta":{"postBodyCss":"","postBodyMargin":[],"postBodyPadding":[],"postBodyBackground":{"backgroundType":"classic","gradient":""},"footnotes":""},"categories":[155,200],"tags":[608,399,289],"class_list":["post-10757","post","type-post","status-publish","format-standard","has-post-thumbnail","hentry","category-cabo-frio","category-evento","tag-arraial","tag-corrida","tag-shopping-park-lagos"],"aioseo_notices":[],"_links":{"self":[{"href":"https:\/\/aconteceemmacaeeregiao.com.br\/index.php\/wp-json\/wp\/v2\/posts\/10757","targetHints":{"allow":["GET"]}}],"collection":[{"href":"https:\/\/aconteceemmacaeeregiao.com.br\/index.php\/wp-json\/wp\/v2\/posts"}],"about":[{"href":"https:\/\/aconteceemmacaeeregiao.com.br\/index.php\/wp-json\/wp\/v2\/types\/post"}],"author":[{"embeddable":true,"href":"https:\/\/aconteceemmacaeeregiao.com.br\/index.php\/wp-json\/wp\/v2\/users\/2"}],"replies":[{"embeddable":true,"href":"https:\/\/aconteceemmacaeeregiao.com.br\/index.php\/wp-json\/wp\/v2\/comments?post=10757"}],"version-history":[{"count":0,"href":"https:\/\/aconteceemmacaeeregiao.com.br\/index.php\/wp-json\/wp\/v2\/posts\/10757\/revisions"}],"wp:featuredmedia":[{"embeddable":true,"href":"https:\/\/aconteceemmacaeeregiao.com.br\/index.php\/wp-json\/wp\/v2\/media\/10759"}],"wp:attachment":[{"href":"https:\/\/aconteceemmacaeeregiao.com.br\/index.php\/wp-json\/wp\/v2\/media?parent=10757"}],"wp:term":[{"taxonomy":"category","embeddable":true,"href":"https:\/\/aconteceemmacaeeregiao.com.br\/index.php\/wp-json\/wp\/v2\/categories?post=10757"},{"taxonomy":"post_tag","embeddable":true,"href":"https:\/\/aconteceemmacaeeregiao.com.br\/index.php\/wp-json\/wp\/v2\/tags?post=10757"}],"curies":[{"name":"wp","href":"https:\/\/api.w.org\/{rel}","templated":true}]}}