{"id":10761,"date":"2023-06-22T20:54:36","date_gmt":"2023-06-22T23:54:36","guid":{"rendered":"https:\/\/aconteceemmacaeeregiao.com.br\/?p=10761"},"modified":"2023-06-22T20:54:52","modified_gmt":"2023-06-22T23:54:52","slug":"wsl-desembarca-pelo-5o-ano-em-saquarema-com-apoio-do-governo-do-rio-de-janeiro","status":"publish","type":"post","link":"https:\/\/aconteceemmacaeeregiao.com.br\/index.php\/2023\/06\/22\/wsl-desembarca-pelo-5o-ano-em-saquarema-com-apoio-do-governo-do-rio-de-janeiro\/","title":{"rendered":"WSL desembarca pelo 5\u00ba ano em Saquarema com apoio do Governo do Rio de Janeiro"},"content":{"rendered":"\n<p><strong><em>Vivo Rio Pro, etapa sul-americana do maior campeonato de surfe do mundo, ajudar\u00e1 a definir quem defender\u00e1 o Brasil nas Olimp\u00edadas da Fran\u00e7a 2024<\/em><br><\/strong><\/p>\n\n\n\n<p>Conhecida como o &#8220;Maracan\u00e3 do Surfe&#8221;, a cidade de Saquarema, na Regi\u00e3o dos Lagos, recebe no dia 23 de junho os maiores surfistas do planeta nas \u00e1guas da praia de Ita\u00fana para o Vivo Rio Pro, etapa sul-americana do Campeonato Mundial da World Surf League (WSL). O evento, que acontece pela 5\u00aa vez no munic\u00edpio, \u00e9 realizado em parceria com o Governo do Estado do Rio de Janeiro e a Secretaria de Esporte e Lazer, por meio da Lei de Incentivo ao Esporte. Em coletiva realizada nesta quarta-feira (21), foram apresentadas as etapas da competi\u00e7\u00e3o, que conta com nove brasileiros na luta pelo t\u00edtulo. Os dois melhores atletas de cada pa\u00eds ao final do mundial garantem vaga nas Olimp\u00edadas da Fran\u00e7a 2024.<\/p>\n\n\n\n<p>&#8211; Sediar o WSL pela 5\u00aa vez, al\u00e9m de valorizar e fomentar a pr\u00e1tica do surfe, sinaliza o resultado de um trabalho com o compromisso de resgatar e preparar o nosso estado para receber grandes eventos. Nos pr\u00f3ximos dias, al\u00e9m de vermos de perto um verdadeiro espet\u00e1culo mundial do surfe, vamos impulsionar a nossa base, incentivando a pr\u00e1tica esportiva e estimulando novos talentos. Estamos prontos e de portas abertas para todos os atletas e visitantes &#8211; declarou o governador Cl\u00e1udio Castro.<\/p>\n\n\n\n<p>A etapa brasileira \u00e9 reconhecida como a maior arena de campeonatos de surfe no mundo, com mais de 3 mil metros quadrados de \u00e1rea constru\u00edda nas areias de Ita\u00fana, incluindo os estandes dos patrocinadores. A janela de competi\u00e7\u00e3o abre no dia 23 de junho e vai at\u00e9 1\u00ba de julho. A cada dia, a dire\u00e7\u00e3o t\u00e9cnica da WSL analisa as condi\u00e7\u00f5es do mar e as previs\u00f5es nas primeiras horas da manh\u00e3, para decidir se haver\u00e1 competi\u00e7\u00e3o, ou n\u00e3o, bem como qual categoria entrar\u00e1 primeiro no mar.<\/p>\n\n\n\n<p>A Secretaria de Estado de Esporte e Lazer estar\u00e1 com um estande especial no evento, apresentando a todos a Lei de Incentivo ao Esporte. O secret\u00e1rio Rafael Picciani ressaltou a relev\u00e2ncia do Vivo Rio Pro para o desenvolvimento esportivo na cidade de Saquarema e o impacto positivo de eventos internacionais como o campeonato da WSL em todo o estado.<\/p>\n\n\n\n<p>&#8211; Receber mais uma edi\u00e7\u00e3o do maior campeonato mundial de surf \u00e9 a consolida\u00e7\u00e3o do Rio de Janeiro como a capital nacional dos grandes eventos. Temos essa parceria com a WSL, por meio da Lei estadual de Incentivo ao Esporte, e fa\u00e7o quest\u00e3o de destacar a import\u00e2ncia desse instrumento, porque o investimento que o estado faz para permitir e apoiar iniciativas como esta tamb\u00e9m gera frutos. A contrapartida social nos permite alcan\u00e7ar n\u00e3o s\u00f3 os amantes do esporte, mas tamb\u00e9m projetos sociais que s\u00e3o financiados por ela, mostrando o quanto esta lei \u00e9 importante &#8211; afirmou o secret\u00e1rio estadual de Esporte e Lazer, Rafael Picciani.<\/p>\n\n\n\n<p>O presidente da WSL Latin America, Ivan Martinho, destacou o bom momento do surfe brasileiro e a expectativa para mais uma edi\u00e7\u00e3o da etapa sul-americana em Saquarema.<\/p>\n\n\n\n<p>&#8211; A etapa sul-americana do Championship Tour representa sempre um momento especial para os atletas e para a modalidade. O Brasil \u00e9 protagonista no cen\u00e1rio profissional de surfe, com seis t\u00edtulos nos \u00faltimos oito anos dentro da divis\u00e3o principal, e \u00e9 respons\u00e1vel por uma das maiores audi\u00eancias do mundo para o esporte. N\u00e3o tenho d\u00favidas de que o Vivo Rio Pro 2023 ser\u00e1 um sucesso, assim como foi em anos anteriores, e que a etapa se consolidar\u00e1 ainda mais como a de maior impacto da temporada &#8211; afirmou o presidente da WSL Latin America, Ivan Martinho.<\/p>\n\n\n\n<p>Entre os homens, Felipe Toledo (2\u00ba colocado no ranking atualmente e campe\u00e3o da \u00faltima etapa, em El Salvador), Jo\u00e3o Chianca (3\u00ba) e Gabriel Medina (5\u00ba) lutam para se manter entre os 5 primeiros. O atual campe\u00e3o ol\u00edmpico, \u00cdtalo Ferreira, est\u00e1 em 8\u00ba e promete entrar forte no torneio para melhorar sua posi\u00e7\u00e3o.<\/p>\n\n\n\n<p>J\u00e1 entre as mulheres, a \u00fanica brasileira e ranqueada \u00e9 Tatiana Weston-Webb, atualmente no 5\u00ba lugar. A etapa do Rio de Janeiro \u00e9 a antepen\u00faltima para classificar os cinco melhores de cada categoria para a etapa final, que ser\u00e1 entre os dias 8 e 16 de setembro, na Calif\u00f3rnia-EUA.<\/p>\n\n\n\n<p>Os brasileiros prometem transformar as areias de Ita\u00fana em uma verdadeira arquibancada na torcida por Caio Ibelli, Jo\u00e3o Chianca, Filipe Toledo, Samuel Pupo, Gabriel Medina, Yago Dora, Italo Ferreira, Silvana Lima e Tatiana Weston-Webb.<\/p>\n\n\n\n<p>O Vivo Rio Pro apresentado por Corona em Saquarema ser\u00e1 realizado com os patroc\u00ednios do Governo do Estado do Rio de Janeiro, \u00a0Vivo, Corona, Banco do Brasil, atrav\u00e9s da Secretaria de Esporte e Lazer, da Prefeitura Municipal de Saquarema, Natura Kaiak, TikTok, Australian Gold, Oakberry, Red Bull, EY, YETI, Apple, True Surf, e ser\u00e1 transmitido ao vivo pelo lo SporTV, Globoplay, WorldSurfleague.com e Aplicativo e canal da WSL no YouTube.<br><\/p>\n\n\n\n<p><em>Por N\u00facleo de Imprensa do Gov. do Estado do Rio de Janeiro<\/em><\/p>\n","protected":false},"excerpt":{"rendered":"<p>Vivo Rio Pro, etapa sul-americana do maior campeonato de surfe do mundo, ajudar\u00e1 a definir quem defender\u00e1 o Brasil nas Olimp\u00edadas da Fran\u00e7a 2024 Conhecida como o &#8220;Maracan\u00e3 do Surfe&#8221;, a cidade de Saquarema, na Regi\u00e3o dos Lagos, recebe no dia 23 de junho os maiores surfistas do planeta nas \u00e1guas da praia de Ita\u00fana [&hellip;]<\/p>\n","protected":false},"author":2,"featured_media":10769,"comment_status":"closed","ping_status":"closed","sticky":false,"template":"","format":"standard","meta":{"postBodyCss":"","postBodyMargin":[],"postBodyPadding":[],"postBodyBackground":{"backgroundType":"classic","gradient":""},"footnotes":""},"categories":[6,43,249],"tags":[127],"class_list":["post-10761","post","type-post","status-publish","format-standard","has-post-thumbnail","hentry","category-esporte","category-regiao","category-saquarema","tag-surf"],"aioseo_notices":[],"_links":{"self":[{"href":"https:\/\/aconteceemmacaeeregiao.com.br\/index.php\/wp-json\/wp\/v2\/posts\/10761","targetHints":{"allow":["GET"]}}],"collection":[{"href":"https:\/\/aconteceemmacaeeregiao.com.br\/index.php\/wp-json\/wp\/v2\/posts"}],"about":[{"href":"https:\/\/aconteceemmacaeeregiao.com.br\/index.php\/wp-json\/wp\/v2\/types\/post"}],"author":[{"embeddable":true,"href":"https:\/\/aconteceemmacaeeregiao.com.br\/index.php\/wp-json\/wp\/v2\/users\/2"}],"replies":[{"embeddable":true,"href":"https:\/\/aconteceemmacaeeregiao.com.br\/index.php\/wp-json\/wp\/v2\/comments?post=10761"}],"version-history":[{"count":0,"href":"https:\/\/aconteceemmacaeeregiao.com.br\/index.php\/wp-json\/wp\/v2\/posts\/10761\/revisions"}],"wp:featuredmedia":[{"embeddable":true,"href":"https:\/\/aconteceemmacaeeregiao.com.br\/index.php\/wp-json\/wp\/v2\/media\/10769"}],"wp:attachment":[{"href":"https:\/\/aconteceemmacaeeregiao.com.br\/index.php\/wp-json\/wp\/v2\/media?parent=10761"}],"wp:term":[{"taxonomy":"category","embeddable":true,"href":"https:\/\/aconteceemmacaeeregiao.com.br\/index.php\/wp-json\/wp\/v2\/categories?post=10761"},{"taxonomy":"post_tag","embeddable":true,"href":"https:\/\/aconteceemmacaeeregiao.com.br\/index.php\/wp-json\/wp\/v2\/tags?post=10761"}],"curies":[{"name":"wp","href":"https:\/\/api.w.org\/{rel}","templated":true}]}}