{"id":10794,"date":"2023-06-22T21:35:24","date_gmt":"2023-06-23T00:35:24","guid":{"rendered":"https:\/\/aconteceemmacaeeregiao.com.br\/?p=10794"},"modified":"2023-06-22T21:36:05","modified_gmt":"2023-06-23T00:36:05","slug":"10-milhas-de-macae-corrida-celebra-aniversario-da-cidade","status":"publish","type":"post","link":"https:\/\/aconteceemmacaeeregiao.com.br\/index.php\/2023\/06\/22\/10-milhas-de-macae-corrida-celebra-aniversario-da-cidade\/","title":{"rendered":"10 Milhas de Maca\u00e9&#8217;: corrida celebra anivers\u00e1rio da cidade"},"content":{"rendered":"\n<p>A Prefeitura de Maca\u00e9, por meio da Secretaria de Esportes, promover\u00e1, no dia 30 de julho, a corrida de rua &#8220;10 Milhas de Maca\u00e9&#8221;. A competi\u00e7\u00e3o tem como objetivo proporcionar aos profissionais e amadores uma experi\u00eancia \u00fanica, em comemora\u00e7\u00e3o ao m\u00eas de anivers\u00e1rio do munic\u00edpio.<\/p>\n\n\n\n<p>O evento ter\u00e1 sua concentra\u00e7\u00e3o, largada e chegada na Praia da Imbetiba. Os participantes ter\u00e3o a oportunidade de desfrutar das belas paisagens locais, durante a prova. A largada ser\u00e1, pontualmente, \u00e0s 7h da manh\u00e3. A cerim\u00f4nia de premia\u00e7\u00e3o est\u00e1 programada para \u00e0s 10h.<\/p>\n\n\n\n<p>\u201cEstamos nos empenhando para oferecer bastante eventos de grandes propor\u00e7\u00f5es, como esse das 10 milhas. J\u00e1 fizemos, por exemplo, a primeira etapa do Triathlon. Al\u00e9m dos finais de semana, onde temos os eventos de futebol, surf, bodyboard. Estamos satisfeitos em proporcionar qualidade de vida e sa\u00fade para toda popula\u00e7\u00e3o macaense\u201d, observa o secret\u00e1rio de Esportes, Marvel Maillet.<\/p>\n\n\n\n<p>A inscri\u00e7\u00e3o para a corrida \u00e9 presencial e gratuita, e pode ser realizada no setor Administrativo da Secretaria de Esportes, localizado na Praia dos Cavaleiros. O per\u00edodo de inscri\u00e7\u00e3o, que teve in\u00edcio no dia 19 de junho, vai at\u00e9 7 de julho, de segunda a sexta-feira, das 7h \u00e0s 17h. O n\u00famero de vagas \u00e9 limitado a mil participantes. N\u00e3o ser\u00e3o aceitas inscri\u00e7\u00f5es no dia do evento.<\/p>\n\n\n\n<p>Os inscritos receber\u00e3o um kit atleta contendo uma camisa de corrida personalizada, um bon\u00e9 com a marca &#8220;10 Milhas de Maca\u00e9&#8221;, uma medalha de participa\u00e7\u00e3o e um numeral de peito com chip. A entrega do kit ocorrer\u00e1 nos dias 24, 25 e 26 de julho, no mesmo local das inscri\u00e7\u00f5es. \u00c9 solicitada a doa\u00e7\u00e3o de 2 kg de alimentos n\u00e3o perec\u00edveis, que ser\u00e3o destinados a entidades filantr\u00f3picas da cidade por meio do Programa de Sa\u00fade e Bem Estar Social (Pr\u00f3-Bem).<\/p>\n\n\n\n<p>As categorias e premia\u00e7\u00f5es foram definidas de forma a contemplar os corredores de diferentes faixas et\u00e1rias e g\u00eaneros. Ser\u00e3o premiados os tr\u00eas primeiros colocados tanto na categoria geral masculina e feminina, quanto nas categorias por faixa et\u00e1ria, que varia dos 16 aos 19 anos at\u00e9 acima de 80 anos. Todos os participantes receber\u00e3o medalhas de participa\u00e7\u00e3o. N\u00e3o haver\u00e1 premia\u00e7\u00e3o em dinheiro.<\/p>\n\n\n\n<p>O percurso da corrida ter\u00e1 largada na Praia da Imbetiba, seguindo em dire\u00e7\u00e3o \u00e0 Lagoa de Imboassica e retornando \u00e0 Praia da Imbetiba, conforme indicado no mapa disponibilizado pela organiza\u00e7\u00e3o. Durante o trajeto haver\u00e1 pontos de hidrata\u00e7\u00e3o estrategicamente posicionados, al\u00e9m de uma mesa de frutas na \u00e1rea de concentra\u00e7\u00e3o.<\/p>\n\n\n\n<p>Para participar da prova \u00e9 necess\u00e1rio ter, pelo menos, 16 anos de idade e cumprir as exig\u00eancias do regulamento. Menores de idade s\u00f3 poder\u00e3o participar mediante autoriza\u00e7\u00e3o dos respons\u00e1veis legais.<\/p>\n\n\n\n<p>A organiza\u00e7\u00e3o do evento disponibilizar\u00e1 um espa\u00e7o destinado a tendas e barracas de apoio para os atletas e suas equipes t\u00e9cnicas. A \u00e1rea de alimenta\u00e7\u00e3o e hidrata\u00e7\u00e3o ser\u00e1 exclusiva para os corredores, garantindo o seu conforto e bem-estar durante a competi\u00e7\u00e3o.<\/p>\n\n\n\n<p>As &#8220;10 Milhas de Maca\u00e9&#8221; prometem ser um evento emocionante e desafiador, celebrando o anivers\u00e1rio da cidade de Maca\u00e9 por meio da pr\u00e1tica esportiva e do incentivo \u00e0 atividade f\u00edsica. Corredores de todas as idades e n\u00edveis de habilidade s\u00e3o convidados a participar dessa experi\u00eancia \u00fanica, que une sa\u00fade, supera\u00e7\u00e3o e a beleza natural da cidade.<\/p>\n\n\n\n<p><em>Por Secom Pref. de Maca\u00e9<\/em><\/p>\n","protected":false},"excerpt":{"rendered":"<p>A Prefeitura de Maca\u00e9, por meio da Secretaria de Esportes, promover\u00e1, no dia 30 de julho, a corrida de rua &#8220;10 Milhas de Maca\u00e9&#8221;. A competi\u00e7\u00e3o tem como objetivo proporcionar aos profissionais e amadores uma experi\u00eancia \u00fanica, em comemora\u00e7\u00e3o ao m\u00eas de anivers\u00e1rio do munic\u00edpio. O evento ter\u00e1 sua concentra\u00e7\u00e3o, largada e chegada na Praia [&hellip;]<\/p>\n","protected":false},"author":2,"featured_media":10796,"comment_status":"closed","ping_status":"closed","sticky":false,"template":"","format":"standard","meta":{"postBodyCss":"","postBodyMargin":[],"postBodyPadding":[],"postBodyBackground":{"backgroundType":"classic","gradient":""},"footnotes":""},"categories":[200,42],"tags":[438,399,531,240],"class_list":["post-10794","post","type-post","status-publish","format-standard","has-post-thumbnail","hentry","category-evento","category-macae","tag-aniversario","tag-corrida","tag-lagoa-de-imboassica","tag-praia-de-imbetiba"],"aioseo_notices":[],"_links":{"self":[{"href":"https:\/\/aconteceemmacaeeregiao.com.br\/index.php\/wp-json\/wp\/v2\/posts\/10794","targetHints":{"allow":["GET"]}}],"collection":[{"href":"https:\/\/aconteceemmacaeeregiao.com.br\/index.php\/wp-json\/wp\/v2\/posts"}],"about":[{"href":"https:\/\/aconteceemmacaeeregiao.com.br\/index.php\/wp-json\/wp\/v2\/types\/post"}],"author":[{"embeddable":true,"href":"https:\/\/aconteceemmacaeeregiao.com.br\/index.php\/wp-json\/wp\/v2\/users\/2"}],"replies":[{"embeddable":true,"href":"https:\/\/aconteceemmacaeeregiao.com.br\/index.php\/wp-json\/wp\/v2\/comments?post=10794"}],"version-history":[{"count":0,"href":"https:\/\/aconteceemmacaeeregiao.com.br\/index.php\/wp-json\/wp\/v2\/posts\/10794\/revisions"}],"wp:featuredmedia":[{"embeddable":true,"href":"https:\/\/aconteceemmacaeeregiao.com.br\/index.php\/wp-json\/wp\/v2\/media\/10796"}],"wp:attachment":[{"href":"https:\/\/aconteceemmacaeeregiao.com.br\/index.php\/wp-json\/wp\/v2\/media?parent=10794"}],"wp:term":[{"taxonomy":"category","embeddable":true,"href":"https:\/\/aconteceemmacaeeregiao.com.br\/index.php\/wp-json\/wp\/v2\/categories?post=10794"},{"taxonomy":"post_tag","embeddable":true,"href":"https:\/\/aconteceemmacaeeregiao.com.br\/index.php\/wp-json\/wp\/v2\/tags?post=10794"}],"curies":[{"name":"wp","href":"https:\/\/api.w.org\/{rel}","templated":true}]}}