{"id":10798,"date":"2023-06-23T19:32:31","date_gmt":"2023-06-23T22:32:31","guid":{"rendered":"https:\/\/aconteceemmacaeeregiao.com.br\/?p=10798"},"modified":"2023-06-23T19:32:31","modified_gmt":"2023-06-23T22:32:31","slug":"macae-avanca-com-obras-do-sistema-de-esgotamento-sanitario","status":"publish","type":"post","link":"https:\/\/aconteceemmacaeeregiao.com.br\/index.php\/2023\/06\/23\/macae-avanca-com-obras-do-sistema-de-esgotamento-sanitario\/","title":{"rendered":"Maca\u00e9 avan\u00e7a com obras do sistema de esgotamento sanit\u00e1rio"},"content":{"rendered":"\n<p><em><strong>Com trabalhos realizados pela BRK, tr\u00e2nsito passa por altera\u00e7\u00f5es nos trechos em que as equipes da concession\u00e1ria atuar\u00e3o<\/strong><\/em><\/p>\n\n\n\n<p>O sistema de esgotamento sanit\u00e1rio de Maca\u00e9 est\u00e1 passando por obras para o avan\u00e7o na coleta e tratamento na cidade. E, por conta das interven\u00e7\u00f5es, alguns trechos passam por altera\u00e7\u00f5es na circula\u00e7\u00e3o. As mudan\u00e7as est\u00e3o indicadas na programa\u00e7\u00e3o semanal divulgada pela BRK e incluem, por exemplo,\u00a0o in\u00edcio de trabalhos na Vila Soares, no Vale Encantado,\u00a0a continuidade dos trabalhos na Avenida Norte-Sul, no Vale dos Cristais,\u00a0na Elias Agostinho e Agenor Caldas, na Imbetiba, e\u00a0na Estrada da Cancela Preta, no Riviera Fluminense, al\u00e9m de vias na Aroeira.\u00a0Confira o cronograma completo, lembrando que h\u00e1 possibilidade de trabalhos eventuais, devidamente autorizados, no per\u00edodo noturno ou no final de semana, assim como altera\u00e7\u00f5es pontuais no cronograma por motivos t\u00e9cnicos e clim\u00e1ticos:<\/p>\n\n\n\n<p><strong>Aroeira \u2013&nbsp;<\/strong>Previs\u00e3o de execu\u00e7\u00e3o de trabalhos de refazimento para as ruas General Craveiro Lopes, via onde devem acontecer atividades no final de semana, assim como para as ruas Alzemiro Rocha, Ab\u00edlio Correia Borges e M\u00e1rcia da Cunha Oliveira (antiga Rua Tr\u00eas) nos pr\u00f3ximos dias.<\/p>\n\n\n\n<p><strong>Imbetiba \u2013<\/strong>&nbsp;Na Avenida Elias Agostinho (entre a Avenida Agenor Caldas e a Rua Ab\u00edlio Moreira de Miranda), est\u00e1 prevista a continuidade das atividades para desmonte de rocha. J\u00e1 para a Avenida Agenor Caldas (esquina com a Rua Dem\u00e9trio Fragoso), h\u00e1 previs\u00e3o de atua\u00e7\u00e3o para a recupera\u00e7\u00e3o de po\u00e7os de visita (PV&#8217;s). E para a Rua da Igualdade (esquina com a Travessa Barreto) a previs\u00e3o \u00e9 para a realiza\u00e7\u00e3o de entroncamentos de rede.<\/p>\n\n\n\n<p><strong>Costa do Sol \u2013<\/strong>&nbsp;Na Rua Jesus Soares Pereira, a previs\u00e3o \u00e9 de que sigam os trabalhos para a instala\u00e7\u00e3o de uma elevat\u00f3ria.<\/p>\n\n\n\n<p><strong>Riviera Fluminense \u2013<\/strong>&nbsp;Na Vila Araguaia, a previs\u00e3o \u00e9 de interven\u00e7\u00f5es para a instala\u00e7\u00e3o de uma esta\u00e7\u00e3o elevat\u00f3ria e para a execu\u00e7\u00e3o de redes. J\u00e1 na Estrada da Cancela Preta (partindo da Vila Araguaia), seguem os trabalhos para a implanta\u00e7\u00e3o de redes, com previs\u00e3o de realiza\u00e7\u00e3o da travessia no cruzamento com a Alameda Etelvino Gomes no final de semana, e avan\u00e7o at\u00e9 a Rua Agnes Teixeira Marinho Guimar\u00e3es nos pr\u00f3ximos dias.<\/p>\n\n\n\n<p><strong>Vale Encantado \u2013<\/strong>&nbsp;Previs\u00e3o de in\u00edcio dos trabalhos para implanta\u00e7\u00e3o de redes na Alameda Luiz Fernando Marques (Vila Soares).<\/p>\n\n\n\n<p><strong>Mutum \u2013<\/strong>&nbsp;Est\u00e3o previstas atividades para a instala\u00e7\u00e3o de elevat\u00f3ria interna na Esta\u00e7\u00e3o de Tratamento de Esgoto Mutum.<\/p>\n\n\n\n<p><strong>Vale dos Cristais \u2013<\/strong>&nbsp;Na Avenida Ricardo Muylaert (pr\u00f3ximo ao Condom\u00ednio Vale dos Cristais), est\u00e1 prevista a continuidade dos trabalhos para execu\u00e7\u00e3o de redes (com a travessia da pista na Rodovia Norte-Sul) e para a constru\u00e7\u00e3o de uma esta\u00e7\u00e3o elevat\u00f3ria, com possibilidade de atua\u00e7\u00e3o no final de semana.<\/p>\n\n\n\n<p><strong>Programa\u00e7\u00e3o<\/strong><\/p>\n\n\n\n<p>Os trabalhos s\u00e3o realizados por trechos e as equipes n\u00e3o necessariamente atuam em todas as vias simultaneamente. Mas \u00e9 preciso o cuidado e a compreens\u00e3o de quem circula por estes locais, j\u00e1 que h\u00e1 previs\u00e3o de interdi\u00e7\u00f5es (parciais e totais) e desvios no fluxo. A aten\u00e7\u00e3o \u00e0 sinaliza\u00e7\u00e3o deve ser redobrada para evitar acidentes, assim como a colabora\u00e7\u00e3o em n\u00e3o estacionar os ve\u00edculos nestas ruas nos dias previstos para a realiza\u00e7\u00e3o das obras. Nos casos de emerg\u00eancias m\u00e9dicas ou de servi\u00e7os essenciais (Bombeiros, Defesa Civil etc.), a passagem ser\u00e1 liberada.<\/p>\n\n\n\n<p>Para d\u00favidas e solicita\u00e7\u00f5es, a BRK disponibiliza os telefones 0800 771 0001 e (22) 99878-0023 (Plant\u00e3o Social), al\u00e9m do e-mail&nbsp;<a href=\"mailto:plantaosocialmacae@brkambiental.com.br\" target=\"_blank\" rel=\"noreferrer noopener\">plantaosocialmacae@brkambiental.com.br<\/a>. E para acompanhar as informa\u00e7\u00f5es sobre o avan\u00e7o das obras,&nbsp;acesse o site (<a href=\"http:\/\/brkambiental.com.br\/macae\" target=\"_blank\" rel=\"noreferrer noopener\">brkambiental.com.br\/macae<\/a>) e siga as redes sociais da BRK (@brkambiental).<\/p>\n","protected":false},"excerpt":{"rendered":"<p>Com trabalhos realizados pela BRK, tr\u00e2nsito passa por altera\u00e7\u00f5es nos trechos em que as equipes da concession\u00e1ria atuar\u00e3o O sistema de esgotamento sanit\u00e1rio de Maca\u00e9 est\u00e1 passando por obras para o avan\u00e7o na coleta e tratamento na cidade. E, por conta das interven\u00e7\u00f5es, alguns trechos passam por altera\u00e7\u00f5es na circula\u00e7\u00e3o. As mudan\u00e7as est\u00e3o indicadas na [&hellip;]<\/p>\n","protected":false},"author":2,"featured_media":10801,"comment_status":"closed","ping_status":"closed","sticky":false,"template":"","format":"standard","meta":{"postBodyCss":"","postBodyMargin":[],"postBodyPadding":[],"postBodyBackground":{"backgroundType":"classic","gradient":""},"footnotes":""},"categories":[42],"tags":[104,59],"class_list":["post-10798","post","type-post","status-publish","format-standard","has-post-thumbnail","hentry","category-macae","tag-brk","tag-obras"],"aioseo_notices":[],"_links":{"self":[{"href":"https:\/\/aconteceemmacaeeregiao.com.br\/index.php\/wp-json\/wp\/v2\/posts\/10798","targetHints":{"allow":["GET"]}}],"collection":[{"href":"https:\/\/aconteceemmacaeeregiao.com.br\/index.php\/wp-json\/wp\/v2\/posts"}],"about":[{"href":"https:\/\/aconteceemmacaeeregiao.com.br\/index.php\/wp-json\/wp\/v2\/types\/post"}],"author":[{"embeddable":true,"href":"https:\/\/aconteceemmacaeeregiao.com.br\/index.php\/wp-json\/wp\/v2\/users\/2"}],"replies":[{"embeddable":true,"href":"https:\/\/aconteceemmacaeeregiao.com.br\/index.php\/wp-json\/wp\/v2\/comments?post=10798"}],"version-history":[{"count":0,"href":"https:\/\/aconteceemmacaeeregiao.com.br\/index.php\/wp-json\/wp\/v2\/posts\/10798\/revisions"}],"wp:featuredmedia":[{"embeddable":true,"href":"https:\/\/aconteceemmacaeeregiao.com.br\/index.php\/wp-json\/wp\/v2\/media\/10801"}],"wp:attachment":[{"href":"https:\/\/aconteceemmacaeeregiao.com.br\/index.php\/wp-json\/wp\/v2\/media?parent=10798"}],"wp:term":[{"taxonomy":"category","embeddable":true,"href":"https:\/\/aconteceemmacaeeregiao.com.br\/index.php\/wp-json\/wp\/v2\/categories?post=10798"},{"taxonomy":"post_tag","embeddable":true,"href":"https:\/\/aconteceemmacaeeregiao.com.br\/index.php\/wp-json\/wp\/v2\/tags?post=10798"}],"curies":[{"name":"wp","href":"https:\/\/api.w.org\/{rel}","templated":true}]}}