{"id":10803,"date":"2023-06-23T19:39:21","date_gmt":"2023-06-23T22:39:21","guid":{"rendered":"https:\/\/aconteceemmacaeeregiao.com.br\/?p=10803"},"modified":"2023-06-23T19:39:21","modified_gmt":"2023-06-23T22:39:21","slug":"macae-em-destaque-no-campeonato-brasileiro-de-karate","status":"publish","type":"post","link":"https:\/\/aconteceemmacaeeregiao.com.br\/index.php\/2023\/06\/23\/macae-em-destaque-no-campeonato-brasileiro-de-karate\/","title":{"rendered":"Maca\u00e9 em destaque no Campeonato Brasileiro de Karat\u00ea"},"content":{"rendered":"\n<p>O esporte de Maca\u00e9 segue conquistando resultados importantes nos principais eventos e competi\u00e7\u00f5es do pa\u00eds, em especial o karat\u00ea, que garantiu mais 10 medalhas para a cidade, na etapa do Campeonato Brasileiro, realizada nos dias 13 a 18 deste m\u00eas, em Goi\u00e2nia.<\/p>\n\n\n\n<p>Este resultado foi celebrado pelo prefeito Welberth Rezende ao receber nesta sexta-feira (23) a equipe da Escola de Karat\u00ea Samara Jardim que garantiu tamb\u00e9m seis vagas para a grande final da competi\u00e7\u00e3o, nas categorias sub-12 feminino, sub-14 masculino e feminino, cadete masculino, sub-21 feminino e s\u00eanior masculino, que acontecer\u00e1 em novembro, em S\u00e3o Paulo.<\/p>\n\n\n\n<p>No encontro, o prefeito reafirmou o compromisso do governo em incentivar o esporte local, atrav\u00e9s de programas e investimentos na reconstru\u00e7\u00e3o de espa\u00e7os p\u00fablicos dedicados ao treinamento e pr\u00e1tica de diferentes modalidades.<\/p>\n\n\n\n<blockquote class=\"wp-block-quote is-layout-flow wp-block-quote-is-layout-flow\">\n<p>\u201cEste \u00e9 o resultado de um trabalho de resgate do nosso Esporte em diferentes \u00e1reas. E vamos investir ainda mais para que mais atletas possam ser contemplados pela bolsa, al\u00e9m de preparar a cidade para receber grandes campeonatos, permitindo que os nossos competidores possam demonstrar toda a sua dedica\u00e7\u00e3o e garra aqui, dentro de casa\u201d, afirmou o prefeito.<\/p>\n<\/blockquote>\n\n\n\n<p>A equipe de oito atletas liderada pela treinadora Samara Jardim, com o aux\u00edlio da profissional de educa\u00e7\u00e3o f\u00edsica Tainy Cardoso, conta com os lutadores Akilys Cardoso, Ana Luiza Mota, Tais Menezes e Gabriel Fonseca beneficiados pelo programa Bolsa Atleta.<\/p>\n\n\n\n<blockquote class=\"wp-block-quote is-layout-flow wp-block-quote-is-layout-flow\">\n<p>\u201cDas 19 medalhas de ouro conquistadas por atletas do estado do Rio, cinco foram conquistadas por atletas de Maca\u00e9, um resultado muito importante para garantir a nossa participa\u00e7\u00e3o na final da competi\u00e7\u00e3o\u201d, avaliou Samara.<\/p>\n<\/blockquote>\n\n\n\n<p><em>Por jornalista M\u00e1rcio Siqueira\/ Secom Pref Maca\u00e9<\/em><\/p>\n","protected":false},"excerpt":{"rendered":"<p>O esporte de Maca\u00e9 segue conquistando resultados importantes nos principais eventos e competi\u00e7\u00f5es do pa\u00eds, em especial o karat\u00ea, que garantiu mais 10 medalhas para a cidade, na etapa do Campeonato Brasileiro, realizada nos dias 13 a 18 deste m\u00eas, em Goi\u00e2nia. Este resultado foi celebrado pelo prefeito Welberth Rezende ao receber nesta sexta-feira (23) [&hellip;]<\/p>\n","protected":false},"author":2,"featured_media":10805,"comment_status":"closed","ping_status":"closed","sticky":false,"template":"","format":"standard","meta":{"postBodyCss":"","postBodyMargin":[],"postBodyPadding":[],"postBodyBackground":{"backgroundType":"classic","gradient":""},"footnotes":""},"categories":[6,42],"tags":[379],"class_list":["post-10803","post","type-post","status-publish","format-standard","has-post-thumbnail","hentry","category-esporte","category-macae","tag-karate"],"aioseo_notices":[],"_links":{"self":[{"href":"https:\/\/aconteceemmacaeeregiao.com.br\/index.php\/wp-json\/wp\/v2\/posts\/10803","targetHints":{"allow":["GET"]}}],"collection":[{"href":"https:\/\/aconteceemmacaeeregiao.com.br\/index.php\/wp-json\/wp\/v2\/posts"}],"about":[{"href":"https:\/\/aconteceemmacaeeregiao.com.br\/index.php\/wp-json\/wp\/v2\/types\/post"}],"author":[{"embeddable":true,"href":"https:\/\/aconteceemmacaeeregiao.com.br\/index.php\/wp-json\/wp\/v2\/users\/2"}],"replies":[{"embeddable":true,"href":"https:\/\/aconteceemmacaeeregiao.com.br\/index.php\/wp-json\/wp\/v2\/comments?post=10803"}],"version-history":[{"count":0,"href":"https:\/\/aconteceemmacaeeregiao.com.br\/index.php\/wp-json\/wp\/v2\/posts\/10803\/revisions"}],"wp:featuredmedia":[{"embeddable":true,"href":"https:\/\/aconteceemmacaeeregiao.com.br\/index.php\/wp-json\/wp\/v2\/media\/10805"}],"wp:attachment":[{"href":"https:\/\/aconteceemmacaeeregiao.com.br\/index.php\/wp-json\/wp\/v2\/media?parent=10803"}],"wp:term":[{"taxonomy":"category","embeddable":true,"href":"https:\/\/aconteceemmacaeeregiao.com.br\/index.php\/wp-json\/wp\/v2\/categories?post=10803"},{"taxonomy":"post_tag","embeddable":true,"href":"https:\/\/aconteceemmacaeeregiao.com.br\/index.php\/wp-json\/wp\/v2\/tags?post=10803"}],"curies":[{"name":"wp","href":"https:\/\/api.w.org\/{rel}","templated":true}]}}