{"id":10807,"date":"2023-06-23T19:47:27","date_gmt":"2023-06-23T22:47:27","guid":{"rendered":"https:\/\/aconteceemmacaeeregiao.com.br\/?p=10807"},"modified":"2023-06-23T19:47:28","modified_gmt":"2023-06-23T22:47:28","slug":"policias-estaduais-dobram-o-numero-de-fuzis-apreendidos-no-rio-de-janeiro","status":"publish","type":"post","link":"https:\/\/aconteceemmacaeeregiao.com.br\/index.php\/2023\/06\/23\/policias-estaduais-dobram-o-numero-de-fuzis-apreendidos-no-rio-de-janeiro\/","title":{"rendered":"Pol\u00edcias estaduais dobram o n\u00famero de fuzis apreendidos no Rio de Janeiro"},"content":{"rendered":"\n<p><em><strong>A produtividade policial registrou resultados positivos nos cinco primeiros meses deste ano, com a recupera\u00e7\u00e3o de ve\u00edculos, pris\u00f5es em flagrante e apreens\u00e3o de armas aumentando<\/strong><\/em><\/p>\n\n\n\n<p>Em cinco meses, as for\u00e7as de seguran\u00e7a do Rio de Janeiro retiraram das m\u00e3os dos criminosos 321 fuzis, cerca de dois por dia &#8211; este foi o maior n\u00famero dos \u00faltimos 16 anos. Esse n\u00famero representa um aumento de 57% em rela\u00e7\u00e3o ao mesmo per\u00edodo do ano passado. Apenas no m\u00eas de maio foram apreendidos 57 armas de grosso calibre, ou quase dois a cada 24 horas. O n\u00famero total de armas apreendidas tamb\u00e9m registrou aumento no per\u00edodo destacado, de 10% &#8211; foram cerca de 20 armas de fogo tiradas de circula\u00e7\u00e3o.<\/p>\n\n\n\n<p>Outros dados que merecem destaque na produtividade policial nestes cinco meses: 108 pessoas foram presas em flagrante por dia, um aumento de 15%. Al\u00e9m disso, a recupera\u00e7\u00e3o de ve\u00edculos tamb\u00e9m registrou aumento neste per\u00edodo &#8211; de 26% &#8211; e a apreens\u00e3o de drogas de 8%.<\/p>\n\n\n\n<p>Os roubos de rua (roubo a transeunte, de aparelho celular e em coletivo) apresentaram o menor n\u00famero de casos no estado desde 2005 \u2013 foram 21.901 roubos em 2023 contra 25.858 no mesmo per\u00edodo do ano anterior, uma diminui\u00e7\u00e3o de 15%. As mortes por interven\u00e7\u00e3o de agente do estado recuaram 16% entre janeiro e maio. Na an\u00e1lise mensal de maio, a redu\u00e7\u00e3o foi de 53%, o menor valor para o m\u00eas desde 2015.<\/p>\n\n\n\n<p>Principais indicadores:<\/p>\n\n\n\n<p>Armas apreendidas: 3.138 armas apreendidas nos primeiros cinco meses de 2023, 600 em maio. Isso significa que, em 2023, por dia, foram apreendidas 20 armas de fogo. No comparativo com o acumulado de 2022, o aumento foi de 10% e redu\u00e7\u00e3o de 3% no mensal.<\/p>\n\n\n\n<p>Fuzis apreendidos: 321 fuzis apreendidos nos primeiros cinco meses de 2023, 57 em maio. Isso significa que, em 2023, por dia, foram apreendidos cerca de 2 fuzis. No comparativo com o acumulado de 2022, o aumento foi de 57% e de 21% no mensal.<\/p>\n\n\n\n<p>Pris\u00f5es em flagrante: 16.340 pris\u00f5es nos primeiros cinco meses de 2023, 3.749 em maio. Isso significa que, em 2023, por dia, 108 pessoas foram presas. No comparativo com o acumulado de 2022, o aumento foi de 15% e de 26% no mensal.<\/p>\n\n\n\n<p>Recupera\u00e7\u00e3o de ve\u00edculos: 6.519 ve\u00edculos recuperados nos primeiros cinco meses de 2023, 1.627 em maio. Isso significa que, em 2023, por dia, 43 ve\u00edculos foram recuperados. No comparativo com o acumulado de 2022, o aumento foi de 26% e de 45% no mensal.<\/p>\n\n\n\n<p>Apreens\u00e3o de drogas: 9.629 registros de apreens\u00e3o de drogas nos primeiros cinco meses de 2023, 2.243 em maio. Isso significa que, em 2023, por dia, cerca de 63 registros de apreens\u00e3o de drogas foram realizados. No comparativo com o acumulado de 2022, o aumento foi de 8% e de 30% no mensal.<\/p>\n\n\n\n<p>Roubo de rua (roubo a transeunte, de aparelho celular e em coletivo): 21.901 casos nos primeiros cinco meses de 2023, 4.394 em maio. No comparativo com o acumulado de 2022, a redu\u00e7\u00e3o foi de 15% e de 15% no mensal.<\/p>\n\n\n\n<p>Morte por interven\u00e7\u00e3o de agente do Estado: 480 mortes nos primeiros cinco meses de 2023, 66 em maio. No comparativo com o acumulado de 2022, a redu\u00e7\u00e3o foi de 16% e de 53% no mensal.<\/p>\n\n\n\n<p>Os dados divulgados pelo Instituto de Seguran\u00e7a P\u00fablica s\u00e3o referentes aos Registros de Ocorr\u00eancia (ROs) lavrados nas delegacias de Pol\u00edcia Civil do Estado do Rio durante o m\u00eas de maio.<\/p>\n\n\n\n<p><em>Por Secom Gov. do Estado<\/em><\/p>\n","protected":false},"excerpt":{"rendered":"<p>A produtividade policial registrou resultados positivos nos cinco primeiros meses deste ano, com a recupera\u00e7\u00e3o de ve\u00edculos, pris\u00f5es em flagrante e apreens\u00e3o de armas aumentando Em cinco meses, as for\u00e7as de seguran\u00e7a do Rio de Janeiro retiraram das m\u00e3os dos criminosos 321 fuzis, cerca de dois por dia &#8211; este foi o maior n\u00famero dos [&hellip;]<\/p>\n","protected":false},"author":2,"featured_media":10809,"comment_status":"closed","ping_status":"closed","sticky":false,"template":"","format":"standard","meta":{"postBodyCss":"","postBodyMargin":[],"postBodyPadding":[],"postBodyBackground":{"backgroundType":"classic","gradient":""},"footnotes":""},"categories":[47],"tags":[620,619,121,514,74],"class_list":["post-10807","post","type-post","status-publish","format-standard","has-post-thumbnail","hentry","category-ocorrencias","tag-apreensao","tag-fuzil","tag-governo-estadual","tag-porte-de-arma","tag-rio-de-janeiro"],"aioseo_notices":[],"_links":{"self":[{"href":"https:\/\/aconteceemmacaeeregiao.com.br\/index.php\/wp-json\/wp\/v2\/posts\/10807","targetHints":{"allow":["GET"]}}],"collection":[{"href":"https:\/\/aconteceemmacaeeregiao.com.br\/index.php\/wp-json\/wp\/v2\/posts"}],"about":[{"href":"https:\/\/aconteceemmacaeeregiao.com.br\/index.php\/wp-json\/wp\/v2\/types\/post"}],"author":[{"embeddable":true,"href":"https:\/\/aconteceemmacaeeregiao.com.br\/index.php\/wp-json\/wp\/v2\/users\/2"}],"replies":[{"embeddable":true,"href":"https:\/\/aconteceemmacaeeregiao.com.br\/index.php\/wp-json\/wp\/v2\/comments?post=10807"}],"version-history":[{"count":0,"href":"https:\/\/aconteceemmacaeeregiao.com.br\/index.php\/wp-json\/wp\/v2\/posts\/10807\/revisions"}],"wp:featuredmedia":[{"embeddable":true,"href":"https:\/\/aconteceemmacaeeregiao.com.br\/index.php\/wp-json\/wp\/v2\/media\/10809"}],"wp:attachment":[{"href":"https:\/\/aconteceemmacaeeregiao.com.br\/index.php\/wp-json\/wp\/v2\/media?parent=10807"}],"wp:term":[{"taxonomy":"category","embeddable":true,"href":"https:\/\/aconteceemmacaeeregiao.com.br\/index.php\/wp-json\/wp\/v2\/categories?post=10807"},{"taxonomy":"post_tag","embeddable":true,"href":"https:\/\/aconteceemmacaeeregiao.com.br\/index.php\/wp-json\/wp\/v2\/tags?post=10807"}],"curies":[{"name":"wp","href":"https:\/\/api.w.org\/{rel}","templated":true}]}}