{"id":10815,"date":"2023-06-23T20:23:38","date_gmt":"2023-06-23T23:23:38","guid":{"rendered":"https:\/\/aconteceemmacaeeregiao.com.br\/?p=10815"},"modified":"2023-06-23T20:23:39","modified_gmt":"2023-06-23T23:23:39","slug":"veja-vagas-abertas-em-junho-para-trabalhar-em-grandes-empresas","status":"publish","type":"post","link":"https:\/\/aconteceemmacaeeregiao.com.br\/index.php\/2023\/06\/23\/veja-vagas-abertas-em-junho-para-trabalhar-em-grandes-empresas\/","title":{"rendered":"Veja vagas abertas em junho para trabalhar em grandes empresas"},"content":{"rendered":"\n<p><em><strong>Eletrobras, Banco Inter, Ita\u00fa e mais: grandes empresas est\u00e3o com vagas abertas em diferentes \u00e1reas\u00a0<\/strong><\/em><\/p>\n\n\n\n<p>Grandes empresas de todo o pa\u00eds est\u00e3o com vagas abertas para diferentes n\u00edveis: est\u00e1gio, tempo integral em n\u00edveis j\u00fanior, pleno e s\u00eanior, entre outros. Segundo o levantamento trimestral do IBGE (Instituto Brasileiro de Geografia e Estat\u00edstica), em abril deste ano, o n\u00famero de pessoas ocupadas (pessoas que exercem atividade profissional formal ou informal, remunerada ou n\u00e3o) no Brasil era de 98 milh\u00f5es.<\/p>\n\n\n\n<p>Segundo o mesmo levantamento, o setor privado contava com 36,8 milh\u00f5es de pessoas com carteira de trabalho assinada. Em compara\u00e7\u00e3o com os levantamentos dos trimestres passados, a quantidade de empregados informais, sem carteira assinada, caiu: est\u00e1 em 12,7 milh\u00f5es.<\/p>\n\n\n\n<p>Com o aquecimento do mercado e tamb\u00e9m a queda do desemprego no Brasil (taxa de desemprego no Brasil em abril\/2023: 8,5%; a menor do m\u00eas desde 2015), veja a seguir grandes empresas que est\u00e3o contratando pelo Brasil:<\/p>\n\n\n\n<h3 class=\"wp-block-heading\">Ita\u00fa<\/h3>\n\n\n\n<p>Mais de 275 vagas abertas em S\u00e3o Paulo, Rio de Janeiro, Minas Gerais, Goi\u00e1s, Paran\u00e1, Bahia e Rio Grande do Sul. S\u00e3o vagas para diferentes n\u00edveis, mas, principalmente, para n\u00edveis j\u00fanior, pleno e operacional. Principais \u00e1reas: atendimento, comercial, educa\u00e7\u00e3o e programas institucionais.&nbsp;<\/p>\n\n\n\n<h3 class=\"wp-block-heading\">N\u00edvea<\/h3>\n\n\n\n<p>Vagas na Bahia, S\u00e3o Paulo e Minas Gerais. Mais de 14 vagas em n\u00edveis pleno e s\u00eanior. Principais \u00e1reas: ger\u00eancia de contas e vendas.<\/p>\n\n\n\n<h3 class=\"wp-block-heading\">Banco Inter<\/h3>\n\n\n\n<p>Mais de 15 vagas em Belo Horizonte e no Rio de Janeiro. Principais \u00e1reas: marketing, comercial, tecnologia e investimentos.<\/p>\n\n\n\n<h3 class=\"wp-block-heading\">B3<\/h3>\n\n\n\n<p>A bolsa de valores do Brasil est\u00e1 com 54 vagas de est\u00e1gio para S\u00e3o Paulo. A pessoa deve estar matriculada em um curso de gradua\u00e7\u00e3o. \u00c1reas: financeiro, jur\u00eddico, auditoria, governan\u00e7a e gest\u00e3o integrada, negocia\u00e7\u00e3o e mais.<\/p>\n\n\n\n<h2 class=\"wp-block-heading\">Grupo Astra<\/h2>\n\n\n\n<p>O Grupo Astra, formado pela Astra e pela Japi, conta com mais de 100 vagas para Jundia\u00ed, S\u00e3o Paulo. As oportunidades abrangem as \u00e1reas de administra\u00e7\u00e3o, marketing, comercial, engenharia, entre outras, e n\u00e3o h\u00e1 prazo estipulado para se candidatar.&nbsp;<\/p>\n\n\n\n<h3 class=\"wp-block-heading\">Eletrobras<\/h3>\n\n\n\n<p>S\u00e3o 351 vagas abertas para CLT em n\u00edvel t\u00e9cnico e superior, em diversos estados do pa\u00eds, dentre eles, Minas Gerais, Mato Grosso do Sul, Mato Grosso, Par\u00e1, Para\u00edba, Pernambuco, Piau\u00ed, Paran\u00e1, Rio de Janeiro, etc. As inscri\u00e7\u00f5es n\u00e3o tem prazo definido e podem ser feitas atrav\u00e9s do site da Eletrobras.<\/p>\n\n\n\n<h2 class=\"wp-block-heading\">Como se preparar?<\/h2>\n\n\n\n<p>A principal recomenda\u00e7\u00e3o antes de aplicar para uma vaga \u00e9 consultar um profissional graduado na&nbsp;<a href=\"https:\/\/www.unicid.edu.br\/graduacao\/gestao-recursos-humanos\/\" target=\"_blank\" rel=\"noreferrer noopener\"><strong>faculdade de recursos humanos<\/strong><\/a>. Isso porque uma pessoa dessa \u00e1rea sabe como \u00e9 a melhor prepara\u00e7\u00e3o para um candidato: o que estudar, como se preparar, qual processo fazer e mais.&nbsp;<\/p>\n\n\n\n<p>Al\u00e9m de planejar a candidatura para determinada vaga, \u00e9 importante ter uma vis\u00e3o macro sobre a carreira: quais os objetivos profissionais e como trilhar o caminho at\u00e9 eles. Tudo isso se aplica ainda mais no caso de pessoas no in\u00edcio da jornada de empregabilidade: jovens em gradua\u00e7\u00e3o e pessoas em transi\u00e7\u00e3o de carreira, por exemplo.<\/p>\n\n\n\n<p><\/p>\n","protected":false},"excerpt":{"rendered":"<p>Eletrobras, Banco Inter, Ita\u00fa e mais: grandes empresas est\u00e3o com vagas abertas em diferentes \u00e1reas\u00a0 Grandes empresas de todo o pa\u00eds est\u00e3o com vagas abertas para diferentes n\u00edveis: est\u00e1gio, tempo integral em n\u00edveis j\u00fanior, pleno e s\u00eanior, entre outros. Segundo o levantamento trimestral do IBGE (Instituto Brasileiro de Geografia e Estat\u00edstica), em abril deste ano, [&hellip;]<\/p>\n","protected":false},"author":2,"featured_media":10817,"comment_status":"closed","ping_status":"closed","sticky":false,"template":"","format":"standard","meta":{"postBodyCss":"","postBodyMargin":[],"postBodyPadding":[],"postBodyBackground":{"backgroundType":"classic","gradient":""},"footnotes":""},"categories":[73],"tags":[250,82,87],"class_list":["post-10815","post","type-post","status-publish","format-standard","has-post-thumbnail","hentry","category-emprego","tag-empresario","tag-oportunidade","tag-vagas"],"aioseo_notices":[],"_links":{"self":[{"href":"https:\/\/aconteceemmacaeeregiao.com.br\/index.php\/wp-json\/wp\/v2\/posts\/10815","targetHints":{"allow":["GET"]}}],"collection":[{"href":"https:\/\/aconteceemmacaeeregiao.com.br\/index.php\/wp-json\/wp\/v2\/posts"}],"about":[{"href":"https:\/\/aconteceemmacaeeregiao.com.br\/index.php\/wp-json\/wp\/v2\/types\/post"}],"author":[{"embeddable":true,"href":"https:\/\/aconteceemmacaeeregiao.com.br\/index.php\/wp-json\/wp\/v2\/users\/2"}],"replies":[{"embeddable":true,"href":"https:\/\/aconteceemmacaeeregiao.com.br\/index.php\/wp-json\/wp\/v2\/comments?post=10815"}],"version-history":[{"count":0,"href":"https:\/\/aconteceemmacaeeregiao.com.br\/index.php\/wp-json\/wp\/v2\/posts\/10815\/revisions"}],"wp:featuredmedia":[{"embeddable":true,"href":"https:\/\/aconteceemmacaeeregiao.com.br\/index.php\/wp-json\/wp\/v2\/media\/10817"}],"wp:attachment":[{"href":"https:\/\/aconteceemmacaeeregiao.com.br\/index.php\/wp-json\/wp\/v2\/media?parent=10815"}],"wp:term":[{"taxonomy":"category","embeddable":true,"href":"https:\/\/aconteceemmacaeeregiao.com.br\/index.php\/wp-json\/wp\/v2\/categories?post=10815"},{"taxonomy":"post_tag","embeddable":true,"href":"https:\/\/aconteceemmacaeeregiao.com.br\/index.php\/wp-json\/wp\/v2\/tags?post=10815"}],"curies":[{"name":"wp","href":"https:\/\/api.w.org\/{rel}","templated":true}]}}