{"id":10819,"date":"2023-06-26T16:53:06","date_gmt":"2023-06-26T19:53:06","guid":{"rendered":"https:\/\/aconteceemmacaeeregiao.com.br\/?p=10819"},"modified":"2023-06-26T16:53:07","modified_gmt":"2023-06-26T19:53:07","slug":"junho-violeta-com-acao-beneficente","status":"publish","type":"post","link":"https:\/\/aconteceemmacaeeregiao.com.br\/index.php\/2023\/06\/26\/junho-violeta-com-acao-beneficente\/","title":{"rendered":"Junho Violeta com a\u00e7\u00e3o beneficente"},"content":{"rendered":"\n<p>A <a href=\"https:\/\/www.instagram.com\/idealfoodacai\/\" title=\"\">IDeal A\u00e7a\u00ed<\/a> est\u00e1 promovendo uma a\u00e7\u00e3o beneficente em seu estabelecimento para ajudar a <a href=\"https:\/\/www.instagram.com\/casadoidoso2\/\" title=\"\">Casa do Isodo<\/a>, convidando a todos a fazerem parte dessa linda campanha de a\u00e7\u00e3o social que acontece de 24 de junho \u00e0 29 de junho.<\/p>\n\n\n\n<p>No dia 30 de Junho ser\u00e1 feita na <a href=\"https:\/\/www.instagram.com\/casadoidoso2\/\" title=\"\">Casa do Isodo<\/a> entrega em forma de alimentos, materiais de higiene e limpeza ou fraldas toda arrecada\u00e7\u00e3o que ser\u00e3o conseguidas.<\/p>\n\n\n\n<p>Participe dessa a\u00e7\u00e3o beneficente comprando seu a\u00e7a\u00ed, pois nesse per\u00edodo parte da verba ser\u00e1 destinada a casa do idoso (Asilo).<\/p>\n\n\n\n<p>IDeal Food A\u00e7a\u00ed fica localizada na avenida Atl\u00e2ntica, 2790, Cavaleiros, Maca\u00e9-RJ e funciona de ter\u00e7a \u00e0 domingo das 10h \u00e0s 20h.<br><\/p>\n\n\n\n<figure class=\"wp-block-image size-full\"><img fetchpriority=\"high\" decoding=\"async\" width=\"863\" height=\"641\" src=\"https:\/\/aconteceemmacaeeregiao.com.br\/wp-content\/uploads\/2023\/06\/2b9a6ff9-d25f-453a-95ee-7d99d43b4c4d.jpeg\" alt=\"\" class=\"wp-image-10821\" srcset=\"https:\/\/aconteceemmacaeeregiao.com.br\/wp-content\/uploads\/2023\/06\/2b9a6ff9-d25f-453a-95ee-7d99d43b4c4d.jpeg 863w, https:\/\/aconteceemmacaeeregiao.com.br\/wp-content\/uploads\/2023\/06\/2b9a6ff9-d25f-453a-95ee-7d99d43b4c4d-300x223.jpeg 300w, https:\/\/aconteceemmacaeeregiao.com.br\/wp-content\/uploads\/2023\/06\/2b9a6ff9-d25f-453a-95ee-7d99d43b4c4d-768x570.jpeg 768w\" sizes=\"(max-width: 863px) 100vw, 863px\" \/><\/figure>\n\n\n\n<p><\/p>\n","protected":false},"excerpt":{"rendered":"<p>A IDeal A\u00e7a\u00ed est\u00e1 promovendo uma a\u00e7\u00e3o beneficente em seu estabelecimento para ajudar a Casa do Isodo, convidando a todos a fazerem parte dessa linda campanha de a\u00e7\u00e3o social que acontece de 24 de junho \u00e0 29 de junho. No dia 30 de Junho ser\u00e1 feita na Casa do Isodo entrega em forma de alimentos, [&hellip;]<\/p>\n","protected":false},"author":2,"featured_media":10822,"comment_status":"closed","ping_status":"closed","sticky":false,"template":"","format":"standard","meta":{"postBodyCss":"","postBodyMargin":[],"postBodyPadding":[],"postBodyBackground":{"backgroundType":"classic","gradient":""},"footnotes":""},"categories":[200,42],"tags":[313,314,540,250],"class_list":["post-10819","post","type-post","status-publish","format-standard","has-post-thumbnail","hentry","category-evento","category-macae","tag-beneficiente","tag-casa-do-idoso","tag-doacao","tag-empresario"],"aioseo_notices":[],"_links":{"self":[{"href":"https:\/\/aconteceemmacaeeregiao.com.br\/index.php\/wp-json\/wp\/v2\/posts\/10819","targetHints":{"allow":["GET"]}}],"collection":[{"href":"https:\/\/aconteceemmacaeeregiao.com.br\/index.php\/wp-json\/wp\/v2\/posts"}],"about":[{"href":"https:\/\/aconteceemmacaeeregiao.com.br\/index.php\/wp-json\/wp\/v2\/types\/post"}],"author":[{"embeddable":true,"href":"https:\/\/aconteceemmacaeeregiao.com.br\/index.php\/wp-json\/wp\/v2\/users\/2"}],"replies":[{"embeddable":true,"href":"https:\/\/aconteceemmacaeeregiao.com.br\/index.php\/wp-json\/wp\/v2\/comments?post=10819"}],"version-history":[{"count":0,"href":"https:\/\/aconteceemmacaeeregiao.com.br\/index.php\/wp-json\/wp\/v2\/posts\/10819\/revisions"}],"wp:featuredmedia":[{"embeddable":true,"href":"https:\/\/aconteceemmacaeeregiao.com.br\/index.php\/wp-json\/wp\/v2\/media\/10822"}],"wp:attachment":[{"href":"https:\/\/aconteceemmacaeeregiao.com.br\/index.php\/wp-json\/wp\/v2\/media?parent=10819"}],"wp:term":[{"taxonomy":"category","embeddable":true,"href":"https:\/\/aconteceemmacaeeregiao.com.br\/index.php\/wp-json\/wp\/v2\/categories?post=10819"},{"taxonomy":"post_tag","embeddable":true,"href":"https:\/\/aconteceemmacaeeregiao.com.br\/index.php\/wp-json\/wp\/v2\/tags?post=10819"}],"curies":[{"name":"wp","href":"https:\/\/api.w.org\/{rel}","templated":true}]}}