{"id":10903,"date":"2023-06-28T23:12:10","date_gmt":"2023-06-29T02:12:10","guid":{"rendered":"https:\/\/aconteceemmacaeeregiao.com.br\/?p=10903"},"modified":"2023-06-28T23:12:11","modified_gmt":"2023-06-29T02:12:11","slug":"brk-qualifica-segue-com-inscricoes-abertas-para-nova-turma","status":"publish","type":"post","link":"https:\/\/aconteceemmacaeeregiao.com.br\/index.php\/2023\/06\/28\/brk-qualifica-segue-com-inscricoes-abertas-para-nova-turma\/","title":{"rendered":"BRK Qualifica segue com inscri\u00e7\u00f5es abertas para nova turma"},"content":{"rendered":"\n<p><em><strong>Curso\u00a0gratuito\u00a0para a forma\u00e7\u00e3o de bombeiros e bombeiras hidr\u00e1ulicos oferece 25 vagas no programa de qualifica\u00e7\u00e3o da concession\u00e1ria realizado em parceria com a Firjan SENAI SESI<\/strong><\/em><\/p>\n\n\n\n<p>As inscri\u00e7\u00f5es para o programa&nbsp;BRK Qualifica&nbsp;seguem abertas at\u00e9 o dia 7 de julho para uma nova turma do curso de bombeiros e bombeiras hidr\u00e1ulicos oferecido pela concession\u00e1ria respons\u00e1vel pela coleta e tratamento de esgoto em Maca\u00e9-RJ, em parceria com a Firjan SENAI SESI. No total, est\u00e3o sendo ofertadas 25 vagas para sele\u00e7\u00e3o entre moradores e moradoras dos bairros que ficam na \u00e1rea atendida pela BRK na cidade. A forma\u00e7\u00e3o gratuita \u00e9 certificada pelo SENAI e reconhecida pela Classifica\u00e7\u00e3o Brasileira de Ocupa\u00e7\u00f5es (CBO).<\/p>\n\n\n\n<p>A documenta\u00e7\u00e3o exigida para a inscri\u00e7\u00e3o est\u00e1 dispon\u00edvel no&nbsp;<a href=\"https:\/\/bit.ly\/3Bwv1Uv\" target=\"_blank\" rel=\"noreferrer noopener\">edital<\/a>&nbsp;divulgado e podem se candidatar pessoas com idade a partir de 18 anos que possuam o Ensino Fundamental completo. A sele\u00e7\u00e3o dos candidatos e candidatas leva em considera\u00e7\u00e3o, ainda, crit\u00e9rios ligados \u00e0 vulnerabilidade socioecon\u00f4mica e a equidade de g\u00eanero.<\/p>\n\n\n\n<p>\u2013 O BRK Qualifica tem por objetivo oferecer uma forma\u00e7\u00e3o que abra portas ao mercado de trabalho e incentive a gera\u00e7\u00e3o de renda para quem participa do curso. Inclusive, temos exemplos de alunos habilitados e que est\u00e3o exercendo a atividade de bombeiros e bombeiras hidr\u00e1ulicos e crescendo nesta \u00e1rea \u2013 pontua o diretor da BRK Maca\u00e9, Ricardo Santiago.<\/p>\n\n\n\n<p>Um desses ex-alunos \u00e9 Ismael Santos Andrade. Morador do bairro Lagomar, participou do BRK Qualifica em 2022 e hoje atua como bombeiro hidr\u00e1ulico, n\u00e3o s\u00f3 em Maca\u00e9, mas tamb\u00e9m fora da cidade:<\/p>\n\n\n\n<p>&#8211; Fiz um curso profissionalizante BRK Qualifica e minha vida profissional est\u00e1 bem melhor, mesmo tendo pouco tempo que terminei o curso. Hoje tenho minha empresa de hidr\u00e1ulica para atender em Maca\u00e9 e na Regi\u00e3o dos Lagos, com clientes a todo momento, podendo oferecer a eles um trabalho com qualidade. Foi uma \u00f3tima oportunidade de crescimento na profiss\u00e3o \u2013 relata Ismael.<\/p>\n\n\n\n<p>Com&nbsp;aulas presenciais&nbsp;realizadas, no&nbsp;per\u00edodo noturno,&nbsp;das 18h \u00e0s 22h, o curso tem dura\u00e7\u00e3o estimada de dois meses e acontece na sede do Firjan SENAI Maca\u00e9. Al\u00e9m da forma\u00e7\u00e3o como bombeiros e bombeiras hidr\u00e1ulicos, os (as) selecionados (as) para o curso profissionalizante participar\u00e3o de oficinas de Desenvolvimento Humano, visando o desenvolvimento de habilidades para elevar o potencial de empregabilidade.<\/p>\n\n\n\n<p>Para saber mais sobre o processo seletivo de 2023 do BRK Qualifica, acesse o&nbsp;<a href=\"https:\/\/bit.ly\/3Bwv1Uv\" target=\"_blank\" rel=\"noreferrer noopener\">Edital<\/a>&nbsp;e acompanhe as informa\u00e7\u00f5es no&nbsp;<a href=\"http:\/\/brkambiental.com.br\/macae\" target=\"_blank\" rel=\"noreferrer noopener\">site<\/a>&nbsp;(brkambiental.com.br\/macae).<\/p>\n\n\n\n<p><strong>Servi\u00e7o<\/strong>&nbsp; &nbsp;<\/p>\n\n\n\n<p><strong>BRK Qualifica &#8211; Curso de Bombeiro e Bombeira Hidr\u00e1ulicos<\/strong><br><strong>Inscri\u00e7\u00f5es:&nbsp;<\/strong>19 de junho a 7 de julho de 2023<br><strong>Formul\u00e1rio para inscri\u00e7\u00f5es:&nbsp;<\/strong><a href=\"https:\/\/bit.ly\/BRKQUALIFICA\" target=\"_blank\" rel=\"noreferrer noopener\">CLIQUE AQUI<\/a><br><strong>Edital:&nbsp;<\/strong><a href=\"https:\/\/bit.ly\/3Bwv1Uv\" target=\"_blank\" rel=\"noreferrer noopener\">CLIQUE AQUI<\/a>&nbsp;ou acesse&nbsp;<a href=\"https:\/\/bit.ly\/3Bwv1Uv\" target=\"_blank\" rel=\"noreferrer noopener\">https:\/\/bit.ly\/3Bwv1Uv<\/a><br><strong>In\u00edcio das aulas:&nbsp;<\/strong>14 de agosto de 2023<br><strong>Dura\u00e7\u00e3o estimada:&nbsp;<\/strong>2 meses<\/p>\n","protected":false},"excerpt":{"rendered":"<p>Curso\u00a0gratuito\u00a0para a forma\u00e7\u00e3o de bombeiros e bombeiras hidr\u00e1ulicos oferece 25 vagas no programa de qualifica\u00e7\u00e3o da concession\u00e1ria realizado em parceria com a Firjan SENAI SESI As inscri\u00e7\u00f5es para o programa&nbsp;BRK Qualifica&nbsp;seguem abertas at\u00e9 o dia 7 de julho para uma nova turma do curso de bombeiros e bombeiras hidr\u00e1ulicos oferecido pela concession\u00e1ria respons\u00e1vel pela coleta [&hellip;]<\/p>\n","protected":false},"author":2,"featured_media":10905,"comment_status":"closed","ping_status":"closed","sticky":false,"template":"","format":"standard","meta":{"postBodyCss":"","postBodyMargin":[],"postBodyPadding":[],"postBodyBackground":{"backgroundType":"classic","gradient":""},"footnotes":""},"categories":[73,42],"tags":[104,132,82,197,84],"class_list":["post-10903","post","type-post","status-publish","format-standard","has-post-thumbnail","hentry","category-emprego","category-macae","tag-brk","tag-cursos-gratuitos","tag-oportunidade","tag-senai","tag-sesi"],"aioseo_notices":[],"_links":{"self":[{"href":"https:\/\/aconteceemmacaeeregiao.com.br\/index.php\/wp-json\/wp\/v2\/posts\/10903","targetHints":{"allow":["GET"]}}],"collection":[{"href":"https:\/\/aconteceemmacaeeregiao.com.br\/index.php\/wp-json\/wp\/v2\/posts"}],"about":[{"href":"https:\/\/aconteceemmacaeeregiao.com.br\/index.php\/wp-json\/wp\/v2\/types\/post"}],"author":[{"embeddable":true,"href":"https:\/\/aconteceemmacaeeregiao.com.br\/index.php\/wp-json\/wp\/v2\/users\/2"}],"replies":[{"embeddable":true,"href":"https:\/\/aconteceemmacaeeregiao.com.br\/index.php\/wp-json\/wp\/v2\/comments?post=10903"}],"version-history":[{"count":0,"href":"https:\/\/aconteceemmacaeeregiao.com.br\/index.php\/wp-json\/wp\/v2\/posts\/10903\/revisions"}],"wp:featuredmedia":[{"embeddable":true,"href":"https:\/\/aconteceemmacaeeregiao.com.br\/index.php\/wp-json\/wp\/v2\/media\/10905"}],"wp:attachment":[{"href":"https:\/\/aconteceemmacaeeregiao.com.br\/index.php\/wp-json\/wp\/v2\/media?parent=10903"}],"wp:term":[{"taxonomy":"category","embeddable":true,"href":"https:\/\/aconteceemmacaeeregiao.com.br\/index.php\/wp-json\/wp\/v2\/categories?post=10903"},{"taxonomy":"post_tag","embeddable":true,"href":"https:\/\/aconteceemmacaeeregiao.com.br\/index.php\/wp-json\/wp\/v2\/tags?post=10903"}],"curies":[{"name":"wp","href":"https:\/\/api.w.org\/{rel}","templated":true}]}}