{"id":10933,"date":"2023-06-29T20:17:03","date_gmt":"2023-06-29T23:17:03","guid":{"rendered":"https:\/\/aconteceemmacaeeregiao.com.br\/?p=10933"},"modified":"2023-06-29T20:17:04","modified_gmt":"2023-06-29T23:17:04","slug":"xii-festival-do-aipim-agita-serra-da-cruz","status":"publish","type":"post","link":"https:\/\/aconteceemmacaeeregiao.com.br\/index.php\/2023\/06\/29\/xii-festival-do-aipim-agita-serra-da-cruz\/","title":{"rendered":"XII Festival do Aipim agita Serra da Cruz"},"content":{"rendered":"\n<p>A regi\u00e3o serrana macaense se prepara para receber os turistas em sua XII edi\u00e7\u00e3o do Festival do Aipim de Serra da Cruz, que acontece de 7 a 9 de julho. O evento \u00e9 organizado pela Aprusc &#8211; Associa\u00e7\u00e3o dos Moradores de Serra da Cruz. A estimativa di\u00e1ria de p\u00fablico, em m\u00e9dia, \u00e9 de 950 pessoas. A realiza\u00e7\u00e3o desse evento de grande porte visa fomentar o turismo na serra.<\/p>\n\n\n\n<p>A festa do aipim ter\u00e1 v\u00e1rias atra\u00e7\u00f5es como a chegada das Aranhas (carros estilizados usados para trilhas), brinquedos infantis, shows musicais, pau de sebo, culto ecum\u00eanico, a\u00e7\u00e3o entre amigos, leil\u00e3o e concurso de pratos t\u00edpicos tendo como base o aipim.<\/p>\n\n\n\n<p><em>Por jornalista Marilene Carvalho\/ Secom Pref. de Maca\u00e9<\/em><\/p>\n","protected":false},"excerpt":{"rendered":"<p>A regi\u00e3o serrana macaense se prepara para receber os turistas em sua XII edi\u00e7\u00e3o do Festival do Aipim de Serra da Cruz, que acontece de 7 a 9 de julho. O evento \u00e9 organizado pela Aprusc &#8211; Associa\u00e7\u00e3o dos Moradores de Serra da Cruz. A estimativa di\u00e1ria de p\u00fablico, em m\u00e9dia, \u00e9 de 950 pessoas. [&hellip;]<\/p>\n","protected":false},"author":2,"featured_media":10935,"comment_status":"closed","ping_status":"closed","sticky":false,"template":"","format":"standard","meta":{"postBodyCss":"","postBodyMargin":[],"postBodyPadding":[],"postBodyBackground":{"backgroundType":"classic","gradient":""},"footnotes":""},"categories":[200,42],"tags":[461,184,417],"class_list":["post-10933","post","type-post","status-publish","format-standard","has-post-thumbnail","hentry","category-evento","category-macae","tag-festival","tag-gastronomia","tag-regiao-serrana"],"aioseo_notices":[],"_links":{"self":[{"href":"https:\/\/aconteceemmacaeeregiao.com.br\/index.php\/wp-json\/wp\/v2\/posts\/10933","targetHints":{"allow":["GET"]}}],"collection":[{"href":"https:\/\/aconteceemmacaeeregiao.com.br\/index.php\/wp-json\/wp\/v2\/posts"}],"about":[{"href":"https:\/\/aconteceemmacaeeregiao.com.br\/index.php\/wp-json\/wp\/v2\/types\/post"}],"author":[{"embeddable":true,"href":"https:\/\/aconteceemmacaeeregiao.com.br\/index.php\/wp-json\/wp\/v2\/users\/2"}],"replies":[{"embeddable":true,"href":"https:\/\/aconteceemmacaeeregiao.com.br\/index.php\/wp-json\/wp\/v2\/comments?post=10933"}],"version-history":[{"count":0,"href":"https:\/\/aconteceemmacaeeregiao.com.br\/index.php\/wp-json\/wp\/v2\/posts\/10933\/revisions"}],"wp:featuredmedia":[{"embeddable":true,"href":"https:\/\/aconteceemmacaeeregiao.com.br\/index.php\/wp-json\/wp\/v2\/media\/10935"}],"wp:attachment":[{"href":"https:\/\/aconteceemmacaeeregiao.com.br\/index.php\/wp-json\/wp\/v2\/media?parent=10933"}],"wp:term":[{"taxonomy":"category","embeddable":true,"href":"https:\/\/aconteceemmacaeeregiao.com.br\/index.php\/wp-json\/wp\/v2\/categories?post=10933"},{"taxonomy":"post_tag","embeddable":true,"href":"https:\/\/aconteceemmacaeeregiao.com.br\/index.php\/wp-json\/wp\/v2\/tags?post=10933"}],"curies":[{"name":"wp","href":"https:\/\/api.w.org\/{rel}","templated":true}]}}