{"id":10990,"date":"2023-06-30T20:52:29","date_gmt":"2023-06-30T23:52:29","guid":{"rendered":"https:\/\/aconteceemmacaeeregiao.com.br\/?p=10990"},"modified":"2023-06-30T20:52:29","modified_gmt":"2023-06-30T23:52:29","slug":"teatro-firjan-sesi-campos-com-peca-infanto-juvenil-samba-de-leci-brandao-e-rock-de-cazuza","status":"publish","type":"post","link":"https:\/\/aconteceemmacaeeregiao.com.br\/index.php\/2023\/06\/30\/teatro-firjan-sesi-campos-com-peca-infanto-juvenil-samba-de-leci-brandao-e-rock-de-cazuza\/","title":{"rendered":"Teatro Firjan SESI Campos com pe\u00e7a infanto-juvenil, samba de Leci Brand\u00e3o e rock de Cazuza"},"content":{"rendered":"\n<p><strong><em>Primeira atra\u00e7\u00e3o \u00e9 espet\u00e1culo que narra a trajet\u00f3ria do orix\u00e1 Xang\u00f4, transportando o p\u00fablico para uma Nig\u00e9ria m\u00edtica<\/em><\/strong><\/p>\n\n\n\n<p>O m\u00eas de julho no Teatro Firjan SESI Campos est\u00e1 com uma programa\u00e7\u00e3o diversificada que vai desde pe\u00e7a infanto-infantil a espet\u00e1culos que envolvem desde o samba de Leci Brand\u00e3o, a MPB de Luciana Mello e o pop-rock de Cazuza. A primeira atra\u00e7\u00e3o \u00e9 a pe\u00e7a \u201cKaw\u00f3 \u2013 O rei chama\u201d, que acontece no s\u00e1bado (15\/7) e narra a trajet\u00f3ria do orix\u00e1 Xang\u00f4, transportando o p\u00fablico para uma Nig\u00e9ria m\u00edtica.&nbsp;<a href=\"https:\/\/bit.ly\/kawo_cam\" target=\"_blank\" rel=\"noreferrer noopener\">Os ingressos j\u00e1 podem ser adquiridos neste link.<\/a>&nbsp;A programa\u00e7\u00e3o \u00e9 divulgada mensalmente na&nbsp;<a href=\"https:\/\/www.firjan.com.br\/sesi\/qualidade-de-vida\/guia-sesi-cultural\/guia-cultural\/\" target=\"_blank\" rel=\"noreferrer noopener\">p\u00e1gina do Guia de Cultura do SESI<\/a>&nbsp;e tamb\u00e9m no&nbsp;<a href=\"https:\/\/www.instagram.com\/firjansesicampos\/\" target=\"_blank\" rel=\"noreferrer noopener\">Instagram da unidade<\/a>.<\/p>\n\n\n\n<p>O espet\u00e1culo \u00e9 centrado na trajet\u00f3ria do orix\u00e1 Xang\u00f4, importante divindade presente na mitologia do povo Yorub\u00e1 Nag\u00f4, representante da justi\u00e7a, do fogo e do trov\u00e3o. Com um elenco completamente formado de atores e atrizes negros, o espet\u00e1culo celebra a heran\u00e7a ancestral desse povo e dessa figura, transportando o p\u00fablico para uma Nig\u00e9ria m\u00edtica, em que uma fam\u00edlia prepara uma festa para celebrar a mem\u00f3ria do rei Xang\u00f4 atrav\u00e9s de narrativas que comp\u00f5em a sua hist\u00f3ria.<\/p>\n\n\n\n<p>A proposta busca contemplar crian\u00e7as e adolescentes de 5 a 16 anos. Nas apresenta\u00e7\u00f5es quando couber, realizaremos ap\u00f3s as apresenta\u00e7\u00f5es uma roda de conversa envolvendo os atores, a dire\u00e7\u00e3o e parte da equipe de cria\u00e7\u00e3o do espet\u00e1culo para falarmos um pouco sobre o processo do espet\u00e1culo e refletir sobre a import\u00e2ncia de a\u00e7\u00f5es culturais que busquem promover uma luta antirracista.<\/p>\n\n\n\n<p><strong>Luciana Mello, Leci Brand\u00e3o e Cazuza<\/strong><\/p>\n\n\n\n<p>Na semana seguinte \u2013 quinta-feira (20\/7), \u00e0s 20h \u2013 ser\u00e1 a vez do show de Luciana Mello. A artista, filha de Jair Rodrigues, celebra sua carreira no show \u201c35 Anos na M\u00fasica\u201d, com grandes sucessos e novas can\u00e7\u00f5es de samba, pop e MPB que incluem desde sucessos pops como \u201cAssim Que Se Faz\u201d e \u201cSimples Desejo\u201d at\u00e9 cl\u00e1ssicos do samba com \u201cFoi Um Rio Que Passou Em Minha Vida\u201d e \u201cOgum\u201d. Com oito discos gravados, ela j\u00e1 fez duetos com grandes nomes da m\u00fasica brasileira como Zeca Pagodinho, Alcione e Luiz Melodia.<\/p>\n\n\n\n<p>Na mesma semana \u2013 s\u00e1bado (22\/7), \u00e0s 20h \u2013, ser\u00e1 a vez do musical \u201cLeci Brand\u00e3o \u2013 Na palma da m\u00e3o\u201d, que celebra a vida e a obra da sambista. O espet\u00e1culo \u00e9 constru\u00eddo a partir da rela\u00e7\u00e3o entre m\u00e3e e filha, muito forte at\u00e9 a morte de D. Lecy, aos 96 anos, em 2019. A sambista \u00e9 autora de sucessos atemporais como Papai vadiou, Isso \u00e9 fundo de quintal, Essa tal criatura, Ombro amigo e Z\u00e9 do Caro\u00e7o, este \u00faltimo regravado por artistas t\u00e3o diversos como Seu Jorge, Anitta, Mariana Aydar, Grupo Revela\u00e7\u00e3o e a banda de rock Canto Cego.&nbsp;<\/p>\n\n\n\n<p>J\u00e1 no fim do m\u00eas entra em cena o espet\u00e1culo de dan\u00e7a \u201cExagerado\u201d, que usa a musicalidade e irrever\u00eancia da obra de Cazuza para falar sobre padr\u00f5es e comportamentos da sociedade. A Companhia de Dan\u00e7a Movimento traz para cena uma tem\u00e1tica sobre a autoimagem, sobre a nossa presen\u00e7a no mundo e a influ\u00eancia do mundo em n\u00f3s mesmos, e como pano de fundo tem a musicalidade e a irrever\u00eancia da obra de Cazuza.<\/p>\n\n\n\n<p><a href=\"https:\/\/www.firjan.com.br\/sesi\/qualidade-de-vida\/guia-sesi-cultural\/guia-cultural\/\" target=\"_blank\" rel=\"noreferrer noopener\">Confira as atra\u00e7\u00f5es atualizadas mensalmente na p\u00e1gina Guia de Cultura da Firjan SESI.<\/a><\/p>\n\n\n\n<p><strong>Servi\u00e7o:<\/strong><\/p>\n\n\n\n<p><strong>\u2022 Kaw\u00f3 \u2013 O rei chama<\/strong><\/p>\n\n\n\n<p>Data: S\u00e1bado, 15 de julho<\/p>\n\n\n\n<p>Hor\u00e1rio: 16h<\/p>\n\n\n\n<p>Ingressos: R$ 20 inteira | R$ 10 meia. Na bilheteria ou no link:&nbsp;<a href=\"https:\/\/bit.ly\/kawo_cam\" target=\"_blank\" rel=\"noreferrer noopener\">https:\/\/bit.ly\/kawo_cam<\/a><\/p>\n\n\n\n<p><strong>\u2022 Luciana Mello<\/strong><\/p>\n\n\n\n<p>Data: Quinta-feira, 20 de julho<\/p>\n\n\n\n<p>Hor\u00e1rio: 20h<\/p>\n\n\n\n<p>Ingressos: R$ 40 inteira | R$ 20 meia. Na bilheteria ou no link:&nbsp;<a href=\"https:\/\/bit.ly\/lucianamello_cam\" target=\"_blank\" rel=\"noreferrer noopener\">https:\/\/bit.ly\/lucianamello_cam<\/a><\/p>\n\n\n\n<p><strong>\u2022 Leci Brand\u00e3o \u2013 Na palma da m\u00e3o<\/strong><\/p>\n\n\n\n<p>Data: S\u00e1bado, 22 de julho<\/p>\n\n\n\n<p>Hor\u00e1rio: 20h<\/p>\n\n\n\n<p>Ingressos: R$ 30 inteira | R$ 15 meia. Na bilheteria ou no link:&nbsp;<a href=\"https:\/\/bit.ly\/leci_cam\" target=\"_blank\" rel=\"noreferrer noopener\">https:\/\/bit.ly\/leci_cam<\/a><\/p>\n\n\n\n<p><strong>\u2022 Exagerado<\/strong><\/p>\n\n\n\n<p>Data: S\u00e1bado, 29 de julho<\/p>\n\n\n\n<p>Hor\u00e1rio: 20h<\/p>\n\n\n\n<p>Ingressos: R$ 30 inteira | R$ 15 meia. Na bilheteria ou no link:&nbsp;<a href=\"https:\/\/bit.ly\/exagerado_cam\" target=\"_blank\" rel=\"noreferrer noopener\">https:\/\/bit.ly\/exagerado_cam<\/a><\/p>\n","protected":false},"excerpt":{"rendered":"<p>Primeira atra\u00e7\u00e3o \u00e9 espet\u00e1culo que narra a trajet\u00f3ria do orix\u00e1 Xang\u00f4, transportando o p\u00fablico para uma Nig\u00e9ria m\u00edtica O m\u00eas de julho no Teatro Firjan SESI Campos est\u00e1 com uma programa\u00e7\u00e3o diversificada que vai desde pe\u00e7a infanto-infantil a espet\u00e1culos que envolvem desde o samba de Leci Brand\u00e3o, a MPB de Luciana Mello e o pop-rock [&hellip;]<\/p>\n","protected":false},"author":2,"featured_media":10992,"comment_status":"closed","ping_status":"closed","sticky":false,"template":"","format":"standard","meta":{"postBodyCss":"","postBodyMargin":[],"postBodyPadding":[],"postBodyBackground":{"backgroundType":"classic","gradient":""},"footnotes":""},"categories":[93,46,200,43],"tags":[75,84,90,83],"class_list":["post-10990","post","type-post","status-publish","format-standard","has-post-thumbnail","hentry","category-campos-dos-goytacases","category-diversao","category-evento","category-regiao","tag-firjan","tag-sesi","tag-shows","tag-teatro"],"aioseo_notices":[],"_links":{"self":[{"href":"https:\/\/aconteceemmacaeeregiao.com.br\/index.php\/wp-json\/wp\/v2\/posts\/10990","targetHints":{"allow":["GET"]}}],"collection":[{"href":"https:\/\/aconteceemmacaeeregiao.com.br\/index.php\/wp-json\/wp\/v2\/posts"}],"about":[{"href":"https:\/\/aconteceemmacaeeregiao.com.br\/index.php\/wp-json\/wp\/v2\/types\/post"}],"author":[{"embeddable":true,"href":"https:\/\/aconteceemmacaeeregiao.com.br\/index.php\/wp-json\/wp\/v2\/users\/2"}],"replies":[{"embeddable":true,"href":"https:\/\/aconteceemmacaeeregiao.com.br\/index.php\/wp-json\/wp\/v2\/comments?post=10990"}],"version-history":[{"count":0,"href":"https:\/\/aconteceemmacaeeregiao.com.br\/index.php\/wp-json\/wp\/v2\/posts\/10990\/revisions"}],"wp:featuredmedia":[{"embeddable":true,"href":"https:\/\/aconteceemmacaeeregiao.com.br\/index.php\/wp-json\/wp\/v2\/media\/10992"}],"wp:attachment":[{"href":"https:\/\/aconteceemmacaeeregiao.com.br\/index.php\/wp-json\/wp\/v2\/media?parent=10990"}],"wp:term":[{"taxonomy":"category","embeddable":true,"href":"https:\/\/aconteceemmacaeeregiao.com.br\/index.php\/wp-json\/wp\/v2\/categories?post=10990"},{"taxonomy":"post_tag","embeddable":true,"href":"https:\/\/aconteceemmacaeeregiao.com.br\/index.php\/wp-json\/wp\/v2\/tags?post=10990"}],"curies":[{"name":"wp","href":"https:\/\/api.w.org\/{rel}","templated":true}]}}