{"id":11011,"date":"2023-07-03T20:38:42","date_gmt":"2023-07-03T23:38:42","guid":{"rendered":"https:\/\/aconteceemmacaeeregiao.com.br\/?p=11011"},"modified":"2023-07-03T20:38:43","modified_gmt":"2023-07-03T23:38:43","slug":"central-do-trabalhador-divulga-212-oportunidades-nesta-segunda-03","status":"publish","type":"post","link":"https:\/\/aconteceemmacaeeregiao.com.br\/index.php\/2023\/07\/03\/central-do-trabalhador-divulga-212-oportunidades-nesta-segunda-03\/","title":{"rendered":"Central do Trabalhador divulga 212 oportunidades nesta segunda (03)"},"content":{"rendered":"\n<p>Algumas vagas s\u00e3o voltadas para portadores de defici\u00eancia e quem n\u00e3o possui experi\u00eancia<br><br>Central do Trabalhador divulga 212 oportunidades nesta segunda (03)<br><br>Maca\u00e9 continua liderando a gera\u00e7\u00e3o de empregos na regi\u00e3o. Segundo dados do Cadastro Geral de Empregados e Desempregados (Caged), neste ano foram criados 4.985 postos de trabalho. Entre 2021 e maio de 2023 foram criados 25,4 mil novos postos. Nesta segunda-feira (03), a Secretaria Adjunta de Trabalho e Renda divulgou 212 oportunidades de emprego.<\/p>\n\n\n\n<p>Do total de vagas divulgadas nesta segunda-feira, algumas s\u00e3o voltadas para pessoas portadoras de defici\u00eancia e para aquelas que n\u00e3o possuem experi\u00eancia como para locutor e operador de empilhadeira, para atuarem em uma rede de mercado atacadista. A \u00fanica exig\u00eancia \u00e9 que resida em Maca\u00e9 e tenha o ensino m\u00e9dio completo. S\u00e3o 20 vagas, sendo 10 para cada uma das profiss\u00f5es.<br><br>Os outros destaques da semana s\u00e3o: padeiro, t\u00e9cnico em impressoras, corretor de im\u00f3veis, motorista de ve\u00edculo leve, fiscal de caixa, eletricista irata, chefe de cozinha, auxiliar de almoxarife j\u00fanior, auxiliar administrativo, professor de ingl\u00eas, carpinteiro, mec\u00e2nico automotivo, professor de inform\u00e1tica, promotor de cart\u00e3o, arrumador, supervisor de atendimento noturno, entre outros.<br><br>Para quem busca retornar ao mercado de trabalho ou quer novas oportunidades deve procurar a Central do Trabalhador, que funciona no Edif\u00edcio Comercial Lotus, na Avenida Nossa Senhora da Gl\u00f3ria, 1181, Praia Campista, das 8h \u00e0s 17h. Caso n\u00e3o encontre uma vaga que se encaixe no perfil desejado, \u00e9 poss\u00edvel fazer um cadastro.<br><a href=\"https:\/\/sistemas.macae.rj.gov.br:84\/semtre\/interno\/interno\/muralexterno.php\">Clique e confira a lista completa<\/a>:<br><br>Seguem os links de acesso aos servi\u00e7os da Secretaria de Trabalho e Renda:<br><br>Ao empres\u00e1rio:\u00a0<a href=\"https:\/\/sistemas.macae.rj.gov.br:84\/trabalhoerenda\/\">cadastrar vagas de emprego<\/a>.<br><br>Ao trabalhador:\u00a0<a href=\"https:\/\/sistemas.macae.rj.gov.br:84\/trabalhoerenda\/\">efetuar o cadastro para vagas de emprego<\/a>.<\/p>\n\n\n\n<p><em>Por jornalista Genimarta Oliveira\/ Secom Pref. de Maca\u00e9<\/em><\/p>\n","protected":false},"excerpt":{"rendered":"<p>Algumas vagas s\u00e3o voltadas para portadores de defici\u00eancia e quem n\u00e3o possui experi\u00eancia Central do Trabalhador divulga 212 oportunidades nesta segunda (03) Maca\u00e9 continua liderando a gera\u00e7\u00e3o de empregos na regi\u00e3o. Segundo dados do Cadastro Geral de Empregados e Desempregados (Caged), neste ano foram criados 4.985 postos de trabalho. Entre 2021 e maio de 2023 [&hellip;]<\/p>\n","protected":false},"author":2,"featured_media":11013,"comment_status":"closed","ping_status":"closed","sticky":false,"template":"","format":"standard","meta":{"postBodyCss":"","postBodyMargin":[],"postBodyPadding":[],"postBodyBackground":{"backgroundType":"classic","gradient":""},"footnotes":""},"categories":[73,42],"tags":[77,82,87],"class_list":["post-11011","post","type-post","status-publish","format-standard","has-post-thumbnail","hentry","category-emprego","category-macae","tag-emprego","tag-oportunidade","tag-vagas"],"aioseo_notices":[],"_links":{"self":[{"href":"https:\/\/aconteceemmacaeeregiao.com.br\/index.php\/wp-json\/wp\/v2\/posts\/11011","targetHints":{"allow":["GET"]}}],"collection":[{"href":"https:\/\/aconteceemmacaeeregiao.com.br\/index.php\/wp-json\/wp\/v2\/posts"}],"about":[{"href":"https:\/\/aconteceemmacaeeregiao.com.br\/index.php\/wp-json\/wp\/v2\/types\/post"}],"author":[{"embeddable":true,"href":"https:\/\/aconteceemmacaeeregiao.com.br\/index.php\/wp-json\/wp\/v2\/users\/2"}],"replies":[{"embeddable":true,"href":"https:\/\/aconteceemmacaeeregiao.com.br\/index.php\/wp-json\/wp\/v2\/comments?post=11011"}],"version-history":[{"count":0,"href":"https:\/\/aconteceemmacaeeregiao.com.br\/index.php\/wp-json\/wp\/v2\/posts\/11011\/revisions"}],"wp:featuredmedia":[{"embeddable":true,"href":"https:\/\/aconteceemmacaeeregiao.com.br\/index.php\/wp-json\/wp\/v2\/media\/11013"}],"wp:attachment":[{"href":"https:\/\/aconteceemmacaeeregiao.com.br\/index.php\/wp-json\/wp\/v2\/media?parent=11011"}],"wp:term":[{"taxonomy":"category","embeddable":true,"href":"https:\/\/aconteceemmacaeeregiao.com.br\/index.php\/wp-json\/wp\/v2\/categories?post=11011"},{"taxonomy":"post_tag","embeddable":true,"href":"https:\/\/aconteceemmacaeeregiao.com.br\/index.php\/wp-json\/wp\/v2\/tags?post=11011"}],"curies":[{"name":"wp","href":"https:\/\/api.w.org\/{rel}","templated":true}]}}