{"id":11061,"date":"2023-07-04T21:25:09","date_gmt":"2023-07-05T00:25:09","guid":{"rendered":"https:\/\/aconteceemmacaeeregiao.com.br\/?p=11061"},"modified":"2023-07-04T21:43:16","modified_gmt":"2023-07-05T00:43:16","slug":"festival-estudantil-de-quissama-comeca-nesta-quarta-5","status":"publish","type":"post","link":"https:\/\/aconteceemmacaeeregiao.com.br\/index.php\/2023\/07\/04\/festival-estudantil-de-quissama-comeca-nesta-quarta-5\/","title":{"rendered":"Festival Estudantil de Quissam\u00e3 come\u00e7a nesta quarta (5)"},"content":{"rendered":"\n<p class=\"wp-block-paragraph\"><strong><em>Na programa\u00e7\u00e3o tem atividades educacionais e shows de Patati &amp; Patat\u00e1 e Vanessa da Mata\u00a0<\/em><\/strong><\/p>\n\n\n\n<p class=\"wp-block-paragraph\">Quissam\u00e3 ser\u00e1 palco de mais um evento que oportuniza o desenvolvimento dos estudantes nesta semana. O Festival Estudantil de Quissam\u00e3 (FEQ), projeto realizado pela Prefeitura Municipal, atrav\u00e9s da Secretaria de Educa\u00e7\u00e3o, chega ao munic\u00edpio com proposta de aproximar a ci\u00eancia, arte, m\u00fasica, entretenimento e cultura aos alunos de quarta (5) e sexta-feira (7). As atividades iniciam sempre \u00e0s 9h, no p\u00e1tio da Igreja Matriz. A abertura oficial ser\u00e1 nesta quarta, \u00e0s 9h. Na quinta, Patati &amp; Patat\u00e1 se apresentam, \u00e0s 14h. Na sexta, o evento ser\u00e1 encerrado com o show da cantora Vanessa da Mata, \u00e0s 20h.&nbsp;<\/p>\n\n\n\n<p class=\"wp-block-paragraph\">Entre as atividades, a FEQ conta com Feira de Ci\u00eancias e Tecnologia; Troca de Livros; Lan\u00e7amento do \u00c1lbum de Figurinhas da FLIQ; Espa\u00e7os Baby (para Educa\u00e7\u00e3o Infantil) e Kids (Pr\u00e9-Escola ao 3\u00ba Ano) com brinquedos infl\u00e1veis; Orienta\u00e7\u00e3o Vocacional com o Prepara Cursos, voltado para alunos do 9\u00ba ano ao Ensino M\u00e9dio; Tenda do Conhecimento; Rodas de Conversa sobre profiss\u00f5es e mercado de trabalho no Audit\u00f3rio Futuro; Soletrando; Matematicando; Atra\u00e7\u00e3o Cultural Musical; Apresenta\u00e7\u00f5es Escolares; Teatro; Conta\u00e7\u00e3o de Hist\u00f3ria; Festival de Talentos; entre outras.<\/p>\n\n\n\n<p class=\"wp-block-paragraph\">&#8220;Vamos realizar mais um evento com foco na Educa\u00e7\u00e3o, que vai incentivar os alunos de nossa cidade com jogos interativos, exaltando o saber. Investimos na Educa\u00e7\u00e3o, pensando no futuro das nossas crian\u00e7as e adolescentes. Gostaria de convidar a todos para curtirem o Festival Estudantil de Quissam\u00e3&#8221;, disse a prefeita F\u00e1tima Pacheco.&nbsp;<\/p>\n\n\n\n<p class=\"wp-block-paragraph\">O local do evento vai comportar o palco principal, camarim, audit\u00f3rio, recep\u00e7\u00e3o, lounges, espa\u00e7o instagram\u00e1vel, espa\u00e7os para Feira de Ci\u00eancias, troca de figurinhas, jogos de mesa, stands da Prefeitura e Secretaria de Educa\u00e7\u00e3o, espa\u00e7o tech, orienta\u00e7\u00e3o vocacional, espa\u00e7o baby e espa\u00e7o kids.<\/p>\n\n\n\n<p class=\"wp-block-paragraph\">De acordo com a secret\u00e1ria de Educa\u00e7\u00e3o, Helena Lima, o primeiro Festival Estudantil tem a proposta de valorizar os talentos da comunidade escolar, proporcionar integra\u00e7\u00e3o entre alunos de diferentes anos, letramento, orienta\u00e7\u00e3o vocacional, racioc\u00ednio l\u00f3gico-matem\u00e1tico, arte, m\u00fasica, entretenimento e cultura, al\u00e9m de incentivar uma competi\u00e7\u00e3o saud\u00e1vel aos jovens, estimulando o desenvolvimento de aptid\u00f5es esportivas e art\u00edsticas e utilizar a arte como instrumento de promo\u00e7\u00e3o social.<\/p>\n\n\n<div class=\"wp-block-image\">\n<figure class=\"aligncenter size-large\"><img fetchpriority=\"high\" decoding=\"async\" width=\"1024\" height=\"684\" src=\"https:\/\/aconteceemmacaeeregiao.com.br\/wp-content\/uploads\/2023\/07\/WhatsApp-Image-2023-07-04-at-21.22.49-1024x684.jpeg\" alt=\"\" class=\"wp-image-11064\" srcset=\"https:\/\/aconteceemmacaeeregiao.com.br\/wp-content\/uploads\/2023\/07\/WhatsApp-Image-2023-07-04-at-21.22.49-1024x684.jpeg 1024w, https:\/\/aconteceemmacaeeregiao.com.br\/wp-content\/uploads\/2023\/07\/WhatsApp-Image-2023-07-04-at-21.22.49-300x200.jpeg 300w, https:\/\/aconteceemmacaeeregiao.com.br\/wp-content\/uploads\/2023\/07\/WhatsApp-Image-2023-07-04-at-21.22.49-768x513.jpeg 768w, https:\/\/aconteceemmacaeeregiao.com.br\/wp-content\/uploads\/2023\/07\/WhatsApp-Image-2023-07-04-at-21.22.49-1536x1025.jpeg 1536w, https:\/\/aconteceemmacaeeregiao.com.br\/wp-content\/uploads\/2023\/07\/WhatsApp-Image-2023-07-04-at-21.22.49-1200x800.jpeg 1200w, https:\/\/aconteceemmacaeeregiao.com.br\/wp-content\/uploads\/2023\/07\/WhatsApp-Image-2023-07-04-at-21.22.49.jpeg 1600w\" sizes=\"(max-width: 1024px) 100vw, 1024px\" \/><\/figure>\n<\/div>\n\n\n<p class=\"wp-block-paragraph\">&#8220;Com a promo\u00e7\u00e3o de eventos como este, que constam do calend\u00e1rio escolar da rede e de leis municipais, o munic\u00edpio cumpre o que prev\u00ea a Constitui\u00e7\u00e3o, com a educa\u00e7\u00e3o sendo promovida com a colabora\u00e7\u00e3o da popula\u00e7\u00e3o, visando o preparo para o exerc\u00edcio da cidadania e qualifica\u00e7\u00e3o do aluno para o mercado de trabalho. Cumprimos tamb\u00e9m a Lei de Diretrizes e Bases da Educa\u00e7\u00e3o Nacional e Base Nacional Comum-Curricular (BNCC), que abrangem a valoriza\u00e7\u00e3o de manifesta\u00e7\u00f5es culturais e produ\u00e7\u00e3o dos alunos na participa\u00e7\u00e3o art\u00edstico-cultural&#8221;, comentou a secret\u00e1ria de Educa\u00e7\u00e3o, Helena Lima.<\/p>\n\n\n\n<p class=\"wp-block-paragraph\"><strong>Programa\u00e7\u00e3o FEQ<\/strong><\/p>\n\n\n\n<p class=\"wp-block-paragraph\"><strong>Local &#8211; P\u00e1tio da Igreja Matriz &#8211; Centro&nbsp;&nbsp;<\/strong><\/p>\n\n\n\n<p class=\"wp-block-paragraph\"><strong>\u2014 4\u00aa feira 05\/07 \u2014<\/strong><\/p>\n\n\n\n<p class=\"wp-block-paragraph\">9h \u00e0s 15h &#8211; Feira de Ci\u00eancias e Tecnologia (Alunos do 4\u00ba ao 5\u00ba ano)<\/p>\n\n\n\n<p class=\"wp-block-paragraph\">9h \u00e0s 15h &#8211; Espa\u00e7o tech e jogos de mesa<\/p>\n\n\n\n<p class=\"wp-block-paragraph\">9h \u00e0s 15h &#8211;&nbsp; Espa\u00e7o Baby (Educa\u00e7\u00e3o Infantil)<br>Espa\u00e7o Kids (Pr\u00e9-Escola ao 3\u00ba ano)<br>Brinquedos infl\u00e1veis e outros<\/p>\n\n\n\n<p class=\"wp-block-paragraph\">9h \u00e0s 15h &#8211; Semana de Orienta\u00e7\u00e3o Vocacional (Alunos a partir do 9\u00ba ano do Ensino Fundamental)<\/p>\n\n\n\n<p class=\"wp-block-paragraph\">9h \u00e0s 11h &#8211; Soletrando (Alunos do 4\u00ba e 5\u00ba ano)<\/p>\n\n\n\n<p class=\"wp-block-paragraph\">13h \u00e0s 15h &#8211; Soletrando (Alunos do 6\u00ba ao 9\u00ba ano)&nbsp;<\/p>\n\n\n\n<p class=\"wp-block-paragraph\">15h \u00e0s 17h &#8211; Festival de Talentos (Modalidade; Teens (4\u00ba ao 9\u00ba ano)<\/p>\n\n\n\n<p class=\"wp-block-paragraph\">13h e 17h &#8211; Teatro&nbsp;<\/p>\n\n\n\n<p class=\"wp-block-paragraph\"><strong>\u2014&nbsp; 5\u00aa feira 06\/07 \u2014<\/strong><\/p>\n\n\n\n<p class=\"wp-block-paragraph\">9h \u00e0s 15h &#8211; Feira de Ci\u00eancias e Tecnologia (Alunos do 6\u00ba ao 7\u00ba ano)&nbsp;<\/p>\n\n\n\n<p class=\"wp-block-paragraph\">9h \u00e0s 15h &#8211; Espa\u00e7o tech e jogos de mesa<\/p>\n\n\n\n<p class=\"wp-block-paragraph\">9h \u00e0s 15h &#8211; Espa\u00e7o Baby (Educa\u00e7\u00e3o Infantil)<br>Espa\u00e7o Kids (Pr\u00e9-Escola ao 3\u00ba ano)<br>Brinquedos infl\u00e1veis e outros<\/p>\n\n\n\n<p class=\"wp-block-paragraph\">9h \u00e0s 15h &#8211; Semana de Orienta\u00e7\u00e3o Vocacional (Alunos a partir do 9\u00ba ano do Ensino Fundamental)<\/p>\n\n\n\n<p class=\"wp-block-paragraph\">9h \u00e0s 11h &#8211; Matematicando (Alunos do 6\u00ba e 7\u00ba ano)&nbsp;<\/p>\n\n\n\n<p class=\"wp-block-paragraph\">15h \u00e0s 17h &#8211; Festival de Talentos (Modalidade: Kids (Educa\u00e7\u00e3o Infantil e CBA)<\/p>\n\n\n\n<p class=\"wp-block-paragraph\">13h e 17h &#8211; Atra\u00e7\u00e3o Cultural: Conta\u00e7\u00e3o de hist\u00f3rias<\/p>\n\n\n\n<p class=\"wp-block-paragraph\">14h &#8211; Atra\u00e7\u00e3o Musical &#8211; show de Patati Patat\u00e1&nbsp;<\/p>\n\n\n\n<p class=\"wp-block-paragraph\"><strong>\u2014 6\u00aa feira 07\/07 \u2014<\/strong><\/p>\n\n\n\n<p class=\"wp-block-paragraph\">9h \u00e0s 15h &#8211;&nbsp; Feira de Ci\u00eancias e Tecnologia (Alunos do 8\u00ba ao 9\u00ba ano do Ensino Fundamental e M\u00e9dio)&nbsp;<\/p>\n\n\n\n<p class=\"wp-block-paragraph\">9h \u00e0s 15h &#8211; Espa\u00e7o tech e jogos de mesa<\/p>\n\n\n\n<p class=\"wp-block-paragraph\">&nbsp;9h \u00e0s 15h &#8211; Espa\u00e7o Baby (Educa\u00e7\u00e3o Infantil)<br>Espa\u00e7o Kids (Pr\u00e9-Escola ao 3\u00ba ano)<br>Brinquedos infl\u00e1veis e outros<\/p>\n\n\n\n<p class=\"wp-block-paragraph\">9h \u00e0s 15h &#8211; Semana de Orienta\u00e7\u00e3o Vocacional (Alunos a partir do 9\u00ba ano do Ensino Fundamental)<\/p>\n\n\n\n<p class=\"wp-block-paragraph\">9h \u00e0s 11h | das 13h \u00e0s 15h &#8211; Apresenta\u00e7\u00f5es escolares<\/p>\n\n\n\n<p class=\"wp-block-paragraph\">15h \u00e0s 17h &#8211; Festival de Talentos (Modalidade: Adulto (EJA\/Profissionais e fam\u00edlias)<\/p>\n\n\n\n<p class=\"wp-block-paragraph\">13h e 17h &#8211; Atra\u00e7\u00e3o Cultural&nbsp;<\/p>\n\n\n\n<p class=\"wp-block-paragraph\">20h &#8211; Atra\u00e7\u00e3o Musical &#8211; show de Vanessa da Mata<\/p>\n\n\n\n<p class=\"wp-block-paragraph\"><em>Por Secom Pref de Quissam\u00e3<\/em><\/p>\n","protected":false},"excerpt":{"rendered":"<p>Na programa\u00e7\u00e3o tem atividades educacionais e shows de Patati &amp; Patat\u00e1 e Vanessa da Mata\u00a0 Quissam\u00e3 ser\u00e1 palco de mais um evento que oportuniza o desenvolvimento dos estudantes nesta semana. O Festival Estudantil de Quissam\u00e3 (FEQ), projeto realizado pela Prefeitura Municipal, atrav\u00e9s da Secretaria de Educa\u00e7\u00e3o, chega ao munic\u00edpio com proposta de aproximar a ci\u00eancia, [&hellip;]<\/p>\n","protected":false},"author":2,"featured_media":11063,"comment_status":"closed","ping_status":"closed","sticky":false,"template":"","format":"standard","meta":{"postBodyCss":"","postBodyMargin":[],"postBodyPadding":[],"postBodyBackground":{"backgroundType":"classic","gradient":""},"_themeisle_gutenberg_block_has_review":false,"footnotes":""},"categories":[86,61,200,50,43],"tags":[68,454,90],"class_list":["post-11061","post","type-post","status-publish","format-standard","has-post-thumbnail","hentry","category-cultura","category-educacao","category-evento","category-quissama","category-regiao","tag-escolas-publicas","tag-estudante","tag-shows"],"aioseo_notices":[],"aioseo_head":"\n\t\t<!-- All in One SEO 4.9.10 - aioseo.com -->\n\t<meta name=\"description\" content=\"Na programa\u00e7\u00e3o tem atividades educacionais e shows de Patati &amp; Patat\u00e1 e Vanessa da Mata Quissam\u00e3 ser\u00e1 palco de mais um evento que oportuniza o desenvolvimento dos estudantes nesta semana. O Festival Estudantil de Quissam\u00e3 (FEQ), projeto realizado pela Prefeitura Municipal, atrav\u00e9s da Secretaria de Educa\u00e7\u00e3o, chega ao munic\u00edpio com proposta de aproximar a ci\u00eancia,\" \/>\n\t<meta name=\"robots\" content=\"max-image-preview:large\" \/>\n\t<meta name=\"author\" content=\"Reda\u00e7\u00e3o\"\/>\n\t<link rel=\"canonical\" href=\"https:\/\/aconteceemmacaeeregiao.com.br\/index.php\/2023\/07\/04\/festival-estudantil-de-quissama-comeca-nesta-quarta-5\/\" \/>\n\t<meta name=\"generator\" content=\"All in One SEO (AIOSEO) 4.9.10\" \/>\n\t\t<meta property=\"og:locale\" content=\"pt_BR\" \/>\n\t\t<meta property=\"og:site_name\" content=\"Acontece em Macae e Regiao - Not\u00edcias e Colunas de Maca\u00e9 e Regi\u00e3o\" \/>\n\t\t<meta property=\"og:type\" content=\"article\" \/>\n\t\t<meta property=\"og:title\" content=\"Festival Estudantil de Quissam\u00e3 come\u00e7a nesta quarta (5) - Acontece em Macae e Regiao\" \/>\n\t\t<meta property=\"og:description\" content=\"Na programa\u00e7\u00e3o tem atividades educacionais e shows de Patati &amp; Patat\u00e1 e Vanessa da Mata Quissam\u00e3 ser\u00e1 palco de mais um evento que oportuniza o desenvolvimento dos estudantes nesta semana. O Festival Estudantil de Quissam\u00e3 (FEQ), projeto realizado pela Prefeitura Municipal, atrav\u00e9s da Secretaria de Educa\u00e7\u00e3o, chega ao munic\u00edpio com proposta de aproximar a ci\u00eancia,\" \/>\n\t\t<meta property=\"og:url\" content=\"https:\/\/aconteceemmacaeeregiao.com.br\/index.php\/2023\/07\/04\/festival-estudantil-de-quissama-comeca-nesta-quarta-5\/\" \/>\n\t\t<meta property=\"article:published_time\" content=\"2023-07-05T00:25:09+00:00\" \/>\n\t\t<meta property=\"article:modified_time\" content=\"2023-07-05T00:43:16+00:00\" \/>\n\t\t<meta property=\"article:publisher\" content=\"https:\/\/www.facebook.com\/Acontecemacaeemmacaeeregiao\" \/>\n\t\t<script type=\"application\/ld+json\" class=\"aioseo-schema\">\n\t\t\t{\"@context\":\"https:\\\/\\\/schema.org\",\"@graph\":[{\"@type\":\"BlogPosting\",\"@id\":\"https:\\\/\\\/aconteceemmacaeeregiao.com.br\\\/index.php\\\/2023\\\/07\\\/04\\\/festival-estudantil-de-quissama-comeca-nesta-quarta-5\\\/#blogposting\",\"name\":\"Festival Estudantil de Quissam\\u00e3 come\\u00e7a nesta quarta (5) - Acontece em Macae e Regiao\",\"headline\":\"Festival Estudantil de Quissam\\u00e3 come\\u00e7a nesta quarta (5)\",\"author\":{\"@id\":\"https:\\\/\\\/aconteceemmacaeeregiao.com.br\\\/index.php\\\/author\\\/lena-fernandes\\\/#author\"},\"publisher\":{\"@id\":\"https:\\\/\\\/aconteceemmacaeeregiao.com.br\\\/#organization\"},\"image\":{\"@type\":\"ImageObject\",\"url\":\"https:\\\/\\\/aconteceemmacaeeregiao.com.br\\\/wp-content\\\/uploads\\\/2023\\\/07\\\/WhatsApp-Image-2023-07-04-at-21.22.49-1.jpeg\",\"width\":1600,\"height\":1068,\"caption\":\"Fotos: Divulga\\u00e7\\u00e3o\"},\"datePublished\":\"2023-07-04T21:25:09-03:00\",\"dateModified\":\"2023-07-04T21:43:16-03:00\",\"inLanguage\":\"pt-BR\",\"mainEntityOfPage\":{\"@id\":\"https:\\\/\\\/aconteceemmacaeeregiao.com.br\\\/index.php\\\/2023\\\/07\\\/04\\\/festival-estudantil-de-quissama-comeca-nesta-quarta-5\\\/#webpage\"},\"isPartOf\":{\"@id\":\"https:\\\/\\\/aconteceemmacaeeregiao.com.br\\\/index.php\\\/2023\\\/07\\\/04\\\/festival-estudantil-de-quissama-comeca-nesta-quarta-5\\\/#webpage\"},\"articleSection\":\"Cultura, Educa\\u00e7\\u00e3o, Evento, Quissam\\u00e3, Regi\\u00e3o, Escolas P\\u00fablicas, Estudante, Shows\"},{\"@type\":\"BreadcrumbList\",\"@id\":\"https:\\\/\\\/aconteceemmacaeeregiao.com.br\\\/index.php\\\/2023\\\/07\\\/04\\\/festival-estudantil-de-quissama-comeca-nesta-quarta-5\\\/#breadcrumblist\",\"itemListElement\":[{\"@type\":\"ListItem\",\"@id\":\"https:\\\/\\\/aconteceemmacaeeregiao.com.br#listItem\",\"position\":1,\"name\":\"Home\",\"item\":\"https:\\\/\\\/aconteceemmacaeeregiao.com.br\",\"nextItem\":{\"@type\":\"ListItem\",\"@id\":\"https:\\\/\\\/aconteceemmacaeeregiao.com.br\\\/index.php\\\/category\\\/regiao\\\/#listItem\",\"name\":\"Regi\\u00e3o\"}},{\"@type\":\"ListItem\",\"@id\":\"https:\\\/\\\/aconteceemmacaeeregiao.com.br\\\/index.php\\\/category\\\/regiao\\\/#listItem\",\"position\":2,\"name\":\"Regi\\u00e3o\",\"item\":\"https:\\\/\\\/aconteceemmacaeeregiao.com.br\\\/index.php\\\/category\\\/regiao\\\/\",\"nextItem\":{\"@type\":\"ListItem\",\"@id\":\"https:\\\/\\\/aconteceemmacaeeregiao.com.br\\\/index.php\\\/category\\\/regiao\\\/quissama\\\/#listItem\",\"name\":\"Quissam\\u00e3\"},\"previousItem\":{\"@type\":\"ListItem\",\"@id\":\"https:\\\/\\\/aconteceemmacaeeregiao.com.br#listItem\",\"name\":\"Home\"}},{\"@type\":\"ListItem\",\"@id\":\"https:\\\/\\\/aconteceemmacaeeregiao.com.br\\\/index.php\\\/category\\\/regiao\\\/quissama\\\/#listItem\",\"position\":3,\"name\":\"Quissam\\u00e3\",\"item\":\"https:\\\/\\\/aconteceemmacaeeregiao.com.br\\\/index.php\\\/category\\\/regiao\\\/quissama\\\/\",\"nextItem\":{\"@type\":\"ListItem\",\"@id\":\"https:\\\/\\\/aconteceemmacaeeregiao.com.br\\\/index.php\\\/2023\\\/07\\\/04\\\/festival-estudantil-de-quissama-comeca-nesta-quarta-5\\\/#listItem\",\"name\":\"Festival Estudantil de Quissam\\u00e3 come\\u00e7a nesta quarta (5)\"},\"previousItem\":{\"@type\":\"ListItem\",\"@id\":\"https:\\\/\\\/aconteceemmacaeeregiao.com.br\\\/index.php\\\/category\\\/regiao\\\/#listItem\",\"name\":\"Regi\\u00e3o\"}},{\"@type\":\"ListItem\",\"@id\":\"https:\\\/\\\/aconteceemmacaeeregiao.com.br\\\/index.php\\\/2023\\\/07\\\/04\\\/festival-estudantil-de-quissama-comeca-nesta-quarta-5\\\/#listItem\",\"position\":4,\"name\":\"Festival Estudantil de Quissam\\u00e3 come\\u00e7a nesta quarta (5)\",\"previousItem\":{\"@type\":\"ListItem\",\"@id\":\"https:\\\/\\\/aconteceemmacaeeregiao.com.br\\\/index.php\\\/category\\\/regiao\\\/quissama\\\/#listItem\",\"name\":\"Quissam\\u00e3\"}}]},{\"@type\":\"Organization\",\"@id\":\"https:\\\/\\\/aconteceemmacaeeregiao.com.br\\\/#organization\",\"name\":\"Acontece em Macae e Regi\\u00e3o\",\"description\":\"Not\\u00edcias e Colunas de Maca\\u00e9 e Regi\\u00e3o\",\"url\":\"https:\\\/\\\/aconteceemmacaeeregiao.com.br\\\/\",\"telephone\":\"+5522988389134\",\"logo\":{\"@type\":\"ImageObject\",\"url\":\"https:\\\/\\\/aconteceemmacaeeregiao.com.br\\\/wp-content\\\/uploads\\\/2022\\\/06\\\/logo_acontece_em_macae_header.png\",\"@id\":\"https:\\\/\\\/aconteceemmacaeeregiao.com.br\\\/index.php\\\/2023\\\/07\\\/04\\\/festival-estudantil-de-quissama-comeca-nesta-quarta-5\\\/#organizationLogo\",\"width\":350,\"height\":100},\"image\":{\"@id\":\"https:\\\/\\\/aconteceemmacaeeregiao.com.br\\\/index.php\\\/2023\\\/07\\\/04\\\/festival-estudantil-de-quissama-comeca-nesta-quarta-5\\\/#organizationLogo\"},\"sameAs\":[\"https:\\\/\\\/www.instagram.com\\\/aconteceemmacae\\\/\"]},{\"@type\":\"Person\",\"@id\":\"https:\\\/\\\/aconteceemmacaeeregiao.com.br\\\/index.php\\\/author\\\/lena-fernandes\\\/#author\",\"url\":\"https:\\\/\\\/aconteceemmacaeeregiao.com.br\\\/index.php\\\/author\\\/lena-fernandes\\\/\",\"name\":\"Reda\\u00e7\\u00e3o\",\"image\":{\"@type\":\"ImageObject\",\"@id\":\"https:\\\/\\\/aconteceemmacaeeregiao.com.br\\\/index.php\\\/2023\\\/07\\\/04\\\/festival-estudantil-de-quissama-comeca-nesta-quarta-5\\\/#authorImage\",\"url\":\"https:\\\/\\\/secure.gravatar.com\\\/avatar\\\/2ec464c21c5544b6a22d3a22ff4a551fc746139156e38a8d3ab13521dc2d34bc?s=96&d=mm&r=g\",\"width\":96,\"height\":96,\"caption\":\"Reda\\u00e7\\u00e3o\"}},{\"@type\":\"WebPage\",\"@id\":\"https:\\\/\\\/aconteceemmacaeeregiao.com.br\\\/index.php\\\/2023\\\/07\\\/04\\\/festival-estudantil-de-quissama-comeca-nesta-quarta-5\\\/#webpage\",\"url\":\"https:\\\/\\\/aconteceemmacaeeregiao.com.br\\\/index.php\\\/2023\\\/07\\\/04\\\/festival-estudantil-de-quissama-comeca-nesta-quarta-5\\\/\",\"name\":\"Festival Estudantil de Quissam\\u00e3 come\\u00e7a nesta quarta (5) - Acontece em Macae e Regiao\",\"description\":\"Na programa\\u00e7\\u00e3o tem atividades educacionais e shows de Patati & Patat\\u00e1 e Vanessa da Mata Quissam\\u00e3 ser\\u00e1 palco de mais um evento que oportuniza o desenvolvimento dos estudantes nesta semana. O Festival Estudantil de Quissam\\u00e3 (FEQ), projeto realizado pela Prefeitura Municipal, atrav\\u00e9s da Secretaria de Educa\\u00e7\\u00e3o, chega ao munic\\u00edpio com proposta de aproximar a ci\\u00eancia,\",\"inLanguage\":\"pt-BR\",\"isPartOf\":{\"@id\":\"https:\\\/\\\/aconteceemmacaeeregiao.com.br\\\/#website\"},\"breadcrumb\":{\"@id\":\"https:\\\/\\\/aconteceemmacaeeregiao.com.br\\\/index.php\\\/2023\\\/07\\\/04\\\/festival-estudantil-de-quissama-comeca-nesta-quarta-5\\\/#breadcrumblist\"},\"author\":{\"@id\":\"https:\\\/\\\/aconteceemmacaeeregiao.com.br\\\/index.php\\\/author\\\/lena-fernandes\\\/#author\"},\"creator\":{\"@id\":\"https:\\\/\\\/aconteceemmacaeeregiao.com.br\\\/index.php\\\/author\\\/lena-fernandes\\\/#author\"},\"image\":{\"@type\":\"ImageObject\",\"url\":\"https:\\\/\\\/aconteceemmacaeeregiao.com.br\\\/wp-content\\\/uploads\\\/2023\\\/07\\\/WhatsApp-Image-2023-07-04-at-21.22.49-1.jpeg\",\"@id\":\"https:\\\/\\\/aconteceemmacaeeregiao.com.br\\\/index.php\\\/2023\\\/07\\\/04\\\/festival-estudantil-de-quissama-comeca-nesta-quarta-5\\\/#mainImage\",\"width\":1600,\"height\":1068,\"caption\":\"Fotos: Divulga\\u00e7\\u00e3o\"},\"primaryImageOfPage\":{\"@id\":\"https:\\\/\\\/aconteceemmacaeeregiao.com.br\\\/index.php\\\/2023\\\/07\\\/04\\\/festival-estudantil-de-quissama-comeca-nesta-quarta-5\\\/#mainImage\"},\"datePublished\":\"2023-07-04T21:25:09-03:00\",\"dateModified\":\"2023-07-04T21:43:16-03:00\"},{\"@type\":\"WebSite\",\"@id\":\"https:\\\/\\\/aconteceemmacaeeregiao.com.br\\\/#website\",\"url\":\"https:\\\/\\\/aconteceemmacaeeregiao.com.br\\\/\",\"name\":\"Acontece em Macae e Regiao\",\"description\":\"Not\\u00edcias e Colunas de Maca\\u00e9 e Regi\\u00e3o\",\"inLanguage\":\"pt-BR\",\"publisher\":{\"@id\":\"https:\\\/\\\/aconteceemmacaeeregiao.com.br\\\/#organization\"}}]}\n\t\t<\/script>\n\t\t<!-- All in One SEO -->\n\n","aioseo_head_json":{"title":"Festival Estudantil de Quissam\u00e3 come\u00e7a nesta quarta (5) - Acontece em Macae e Regiao","description":"Na programa\u00e7\u00e3o tem atividades educacionais e shows de Patati & Patat\u00e1 e Vanessa da Mata Quissam\u00e3 ser\u00e1 palco de mais um evento que oportuniza o desenvolvimento dos estudantes nesta semana. O Festival Estudantil de Quissam\u00e3 (FEQ), projeto realizado pela Prefeitura Municipal, atrav\u00e9s da Secretaria de Educa\u00e7\u00e3o, chega ao munic\u00edpio com proposta de aproximar a ci\u00eancia,","canonical_url":"https:\/\/aconteceemmacaeeregiao.com.br\/index.php\/2023\/07\/04\/festival-estudantil-de-quissama-comeca-nesta-quarta-5\/","robots":"max-image-preview:large","keywords":"","webmasterTools":{"miscellaneous":""},"schema":{"@context":"https:\/\/schema.org","@graph":[{"@type":"BlogPosting","@id":"https:\/\/aconteceemmacaeeregiao.com.br\/index.php\/2023\/07\/04\/festival-estudantil-de-quissama-comeca-nesta-quarta-5\/#blogposting","name":"Festival Estudantil de Quissam\u00e3 come\u00e7a nesta quarta (5) - Acontece em Macae e Regiao","headline":"Festival Estudantil de Quissam\u00e3 come\u00e7a nesta quarta (5)","author":{"@id":"https:\/\/aconteceemmacaeeregiao.com.br\/index.php\/author\/lena-fernandes\/#author"},"publisher":{"@id":"https:\/\/aconteceemmacaeeregiao.com.br\/#organization"},"image":{"@type":"ImageObject","url":"https:\/\/aconteceemmacaeeregiao.com.br\/wp-content\/uploads\/2023\/07\/WhatsApp-Image-2023-07-04-at-21.22.49-1.jpeg","width":1600,"height":1068,"caption":"Fotos: Divulga\u00e7\u00e3o"},"datePublished":"2023-07-04T21:25:09-03:00","dateModified":"2023-07-04T21:43:16-03:00","inLanguage":"pt-BR","mainEntityOfPage":{"@id":"https:\/\/aconteceemmacaeeregiao.com.br\/index.php\/2023\/07\/04\/festival-estudantil-de-quissama-comeca-nesta-quarta-5\/#webpage"},"isPartOf":{"@id":"https:\/\/aconteceemmacaeeregiao.com.br\/index.php\/2023\/07\/04\/festival-estudantil-de-quissama-comeca-nesta-quarta-5\/#webpage"},"articleSection":"Cultura, Educa\u00e7\u00e3o, Evento, Quissam\u00e3, Regi\u00e3o, Escolas P\u00fablicas, Estudante, Shows"},{"@type":"BreadcrumbList","@id":"https:\/\/aconteceemmacaeeregiao.com.br\/index.php\/2023\/07\/04\/festival-estudantil-de-quissama-comeca-nesta-quarta-5\/#breadcrumblist","itemListElement":[{"@type":"ListItem","@id":"https:\/\/aconteceemmacaeeregiao.com.br#listItem","position":1,"name":"Home","item":"https:\/\/aconteceemmacaeeregiao.com.br","nextItem":{"@type":"ListItem","@id":"https:\/\/aconteceemmacaeeregiao.com.br\/index.php\/category\/regiao\/#listItem","name":"Regi\u00e3o"}},{"@type":"ListItem","@id":"https:\/\/aconteceemmacaeeregiao.com.br\/index.php\/category\/regiao\/#listItem","position":2,"name":"Regi\u00e3o","item":"https:\/\/aconteceemmacaeeregiao.com.br\/index.php\/category\/regiao\/","nextItem":{"@type":"ListItem","@id":"https:\/\/aconteceemmacaeeregiao.com.br\/index.php\/category\/regiao\/quissama\/#listItem","name":"Quissam\u00e3"},"previousItem":{"@type":"ListItem","@id":"https:\/\/aconteceemmacaeeregiao.com.br#listItem","name":"Home"}},{"@type":"ListItem","@id":"https:\/\/aconteceemmacaeeregiao.com.br\/index.php\/category\/regiao\/quissama\/#listItem","position":3,"name":"Quissam\u00e3","item":"https:\/\/aconteceemmacaeeregiao.com.br\/index.php\/category\/regiao\/quissama\/","nextItem":{"@type":"ListItem","@id":"https:\/\/aconteceemmacaeeregiao.com.br\/index.php\/2023\/07\/04\/festival-estudantil-de-quissama-comeca-nesta-quarta-5\/#listItem","name":"Festival Estudantil de Quissam\u00e3 come\u00e7a nesta quarta (5)"},"previousItem":{"@type":"ListItem","@id":"https:\/\/aconteceemmacaeeregiao.com.br\/index.php\/category\/regiao\/#listItem","name":"Regi\u00e3o"}},{"@type":"ListItem","@id":"https:\/\/aconteceemmacaeeregiao.com.br\/index.php\/2023\/07\/04\/festival-estudantil-de-quissama-comeca-nesta-quarta-5\/#listItem","position":4,"name":"Festival Estudantil de Quissam\u00e3 come\u00e7a nesta quarta (5)","previousItem":{"@type":"ListItem","@id":"https:\/\/aconteceemmacaeeregiao.com.br\/index.php\/category\/regiao\/quissama\/#listItem","name":"Quissam\u00e3"}}]},{"@type":"Organization","@id":"https:\/\/aconteceemmacaeeregiao.com.br\/#organization","name":"Acontece em Macae e Regi\u00e3o","description":"Not\u00edcias e Colunas de Maca\u00e9 e Regi\u00e3o","url":"https:\/\/aconteceemmacaeeregiao.com.br\/","telephone":"+5522988389134","logo":{"@type":"ImageObject","url":"https:\/\/aconteceemmacaeeregiao.com.br\/wp-content\/uploads\/2022\/06\/logo_acontece_em_macae_header.png","@id":"https:\/\/aconteceemmacaeeregiao.com.br\/index.php\/2023\/07\/04\/festival-estudantil-de-quissama-comeca-nesta-quarta-5\/#organizationLogo","width":350,"height":100},"image":{"@id":"https:\/\/aconteceemmacaeeregiao.com.br\/index.php\/2023\/07\/04\/festival-estudantil-de-quissama-comeca-nesta-quarta-5\/#organizationLogo"},"sameAs":["https:\/\/www.instagram.com\/aconteceemmacae\/"]},{"@type":"Person","@id":"https:\/\/aconteceemmacaeeregiao.com.br\/index.php\/author\/lena-fernandes\/#author","url":"https:\/\/aconteceemmacaeeregiao.com.br\/index.php\/author\/lena-fernandes\/","name":"Reda\u00e7\u00e3o","image":{"@type":"ImageObject","@id":"https:\/\/aconteceemmacaeeregiao.com.br\/index.php\/2023\/07\/04\/festival-estudantil-de-quissama-comeca-nesta-quarta-5\/#authorImage","url":"https:\/\/secure.gravatar.com\/avatar\/2ec464c21c5544b6a22d3a22ff4a551fc746139156e38a8d3ab13521dc2d34bc?s=96&d=mm&r=g","width":96,"height":96,"caption":"Reda\u00e7\u00e3o"}},{"@type":"WebPage","@id":"https:\/\/aconteceemmacaeeregiao.com.br\/index.php\/2023\/07\/04\/festival-estudantil-de-quissama-comeca-nesta-quarta-5\/#webpage","url":"https:\/\/aconteceemmacaeeregiao.com.br\/index.php\/2023\/07\/04\/festival-estudantil-de-quissama-comeca-nesta-quarta-5\/","name":"Festival Estudantil de Quissam\u00e3 come\u00e7a nesta quarta (5) - Acontece em Macae e Regiao","description":"Na programa\u00e7\u00e3o tem atividades educacionais e shows de Patati & Patat\u00e1 e Vanessa da Mata Quissam\u00e3 ser\u00e1 palco de mais um evento que oportuniza o desenvolvimento dos estudantes nesta semana. O Festival Estudantil de Quissam\u00e3 (FEQ), projeto realizado pela Prefeitura Municipal, atrav\u00e9s da Secretaria de Educa\u00e7\u00e3o, chega ao munic\u00edpio com proposta de aproximar a ci\u00eancia,","inLanguage":"pt-BR","isPartOf":{"@id":"https:\/\/aconteceemmacaeeregiao.com.br\/#website"},"breadcrumb":{"@id":"https:\/\/aconteceemmacaeeregiao.com.br\/index.php\/2023\/07\/04\/festival-estudantil-de-quissama-comeca-nesta-quarta-5\/#breadcrumblist"},"author":{"@id":"https:\/\/aconteceemmacaeeregiao.com.br\/index.php\/author\/lena-fernandes\/#author"},"creator":{"@id":"https:\/\/aconteceemmacaeeregiao.com.br\/index.php\/author\/lena-fernandes\/#author"},"image":{"@type":"ImageObject","url":"https:\/\/aconteceemmacaeeregiao.com.br\/wp-content\/uploads\/2023\/07\/WhatsApp-Image-2023-07-04-at-21.22.49-1.jpeg","@id":"https:\/\/aconteceemmacaeeregiao.com.br\/index.php\/2023\/07\/04\/festival-estudantil-de-quissama-comeca-nesta-quarta-5\/#mainImage","width":1600,"height":1068,"caption":"Fotos: Divulga\u00e7\u00e3o"},"primaryImageOfPage":{"@id":"https:\/\/aconteceemmacaeeregiao.com.br\/index.php\/2023\/07\/04\/festival-estudantil-de-quissama-comeca-nesta-quarta-5\/#mainImage"},"datePublished":"2023-07-04T21:25:09-03:00","dateModified":"2023-07-04T21:43:16-03:00"},{"@type":"WebSite","@id":"https:\/\/aconteceemmacaeeregiao.com.br\/#website","url":"https:\/\/aconteceemmacaeeregiao.com.br\/","name":"Acontece em Macae e Regiao","description":"Not\u00edcias e Colunas de Maca\u00e9 e Regi\u00e3o","inLanguage":"pt-BR","publisher":{"@id":"https:\/\/aconteceemmacaeeregiao.com.br\/#organization"}}]},"og:locale":"pt_BR","og:site_name":"Acontece em Macae e Regiao - Not\u00edcias e Colunas de Maca\u00e9 e Regi\u00e3o","og:type":"article","og:title":"Festival Estudantil de Quissam\u00e3 come\u00e7a nesta quarta (5) - Acontece em Macae e Regiao","og:description":"Na programa\u00e7\u00e3o tem atividades educacionais e shows de Patati &amp; Patat\u00e1 e Vanessa da Mata Quissam\u00e3 ser\u00e1 palco de mais um evento que oportuniza o desenvolvimento dos estudantes nesta semana. O Festival Estudantil de Quissam\u00e3 (FEQ), projeto realizado pela Prefeitura Municipal, atrav\u00e9s da Secretaria de Educa\u00e7\u00e3o, chega ao munic\u00edpio com proposta de aproximar a ci\u00eancia,","og:url":"https:\/\/aconteceemmacaeeregiao.com.br\/index.php\/2023\/07\/04\/festival-estudantil-de-quissama-comeca-nesta-quarta-5\/","article:published_time":"2023-07-05T00:25:09+00:00","article:modified_time":"2023-07-05T00:43:16+00:00","article:publisher":"https:\/\/www.facebook.com\/Acontecemacaeemmacaeeregiao"},"aioseo_meta_data":{"post_id":"11061","title":null,"description":null,"keywords":[],"keyphrases":{"focus":{"keyphrase":"","score":0,"analysis":{"keyphraseInTitle":{"score":0,"maxScore":9,"error":1}}},"additional":[]},"primary_term":null,"canonical_url":null,"og_title":null,"og_description":null,"og_object_type":"default","og_image_type":"default","og_image_url":null,"og_image_width":null,"og_image_height":null,"og_image_custom_url":null,"og_image_custom_fields":null,"og_video":"","og_custom_url":null,"og_article_section":null,"og_article_tags":[],"twitter_use_og":false,"twitter_card":"default","twitter_image_type":"default","twitter_image_url":null,"twitter_image_custom_url":null,"twitter_image_custom_fields":null,"twitter_title":null,"twitter_description":null,"schema":{"blockGraphs":[],"customGraphs":[],"default":{"data":{"Article":[],"Course":[],"Dataset":[],"FAQPage":[],"Movie":[],"Person":[],"Product":[],"ProductReview":[],"Car":[],"Recipe":[],"Service":[],"SoftwareApplication":[],"WebPage":[]},"graphName":"BlogPosting","isEnabled":true},"graphs":[]},"schema_type":"default","schema_type_options":null,"pillar_content":false,"robots_default":true,"robots_noindex":false,"robots_noarchive":false,"robots_nosnippet":false,"robots_nofollow":false,"robots_noimageindex":false,"robots_noodp":false,"robots_notranslate":false,"robots_max_snippet":"-1","robots_max_videopreview":"-1","robots_max_imagepreview":"large","priority":null,"frequency":"default","local_seo":null,"breadcrumb_settings":null,"limit_modified_date":false,"ai":null,"created":"2023-07-05 00:25:11","updated":"2025-06-09 20:31:05","seo_analyzer_scan_date":null},"aioseo_breadcrumb":"<div class=\"aioseo-breadcrumbs\"><span class=\"aioseo-breadcrumb\">\n\t\t\t<a href=\"https:\/\/aconteceemmacaeeregiao.com.br\" title=\"Home\">Home<\/a>\n\t\t<\/span><span class=\"aioseo-breadcrumb-separator\">\u00bb<\/span><span class=\"aioseo-breadcrumb\">\n\t\t\t<a href=\"https:\/\/aconteceemmacaeeregiao.com.br\/index.php\/category\/regiao\/\" title=\"Regi\u00e3o\">Regi\u00e3o<\/a>\n\t\t<\/span><span class=\"aioseo-breadcrumb-separator\">\u00bb<\/span><span class=\"aioseo-breadcrumb\">\n\t\t\t<a href=\"https:\/\/aconteceemmacaeeregiao.com.br\/index.php\/category\/regiao\/quissama\/\" title=\"Quissam\u00e3\">Quissam\u00e3<\/a>\n\t\t<\/span><span class=\"aioseo-breadcrumb-separator\">\u00bb<\/span><span class=\"aioseo-breadcrumb\">\n\t\t\tFestival Estudantil de Quissam\u00e3 come\u00e7a nesta quarta (5)\n\t\t<\/span><\/div>","aioseo_breadcrumb_json":[{"label":"Home","link":"https:\/\/aconteceemmacaeeregiao.com.br"},{"label":"Regi\u00e3o","link":"https:\/\/aconteceemmacaeeregiao.com.br\/index.php\/category\/regiao\/"},{"label":"Quissam\u00e3","link":"https:\/\/aconteceemmacaeeregiao.com.br\/index.php\/category\/regiao\/quissama\/"},{"label":"Festival Estudantil de Quissam\u00e3 come\u00e7a nesta quarta (5)","link":"https:\/\/aconteceemmacaeeregiao.com.br\/index.php\/2023\/07\/04\/festival-estudantil-de-quissama-comeca-nesta-quarta-5\/"}],"_links":{"self":[{"href":"https:\/\/aconteceemmacaeeregiao.com.br\/index.php\/wp-json\/wp\/v2\/posts\/11061","targetHints":{"allow":["GET"]}}],"collection":[{"href":"https:\/\/aconteceemmacaeeregiao.com.br\/index.php\/wp-json\/wp\/v2\/posts"}],"about":[{"href":"https:\/\/aconteceemmacaeeregiao.com.br\/index.php\/wp-json\/wp\/v2\/types\/post"}],"author":[{"embeddable":true,"href":"https:\/\/aconteceemmacaeeregiao.com.br\/index.php\/wp-json\/wp\/v2\/users\/2"}],"replies":[{"embeddable":true,"href":"https:\/\/aconteceemmacaeeregiao.com.br\/index.php\/wp-json\/wp\/v2\/comments?post=11061"}],"version-history":[{"count":0,"href":"https:\/\/aconteceemmacaeeregiao.com.br\/index.php\/wp-json\/wp\/v2\/posts\/11061\/revisions"}],"wp:featuredmedia":[{"embeddable":true,"href":"https:\/\/aconteceemmacaeeregiao.com.br\/index.php\/wp-json\/wp\/v2\/media\/11063"}],"wp:attachment":[{"href":"https:\/\/aconteceemmacaeeregiao.com.br\/index.php\/wp-json\/wp\/v2\/media?parent=11061"}],"wp:term":[{"taxonomy":"category","embeddable":true,"href":"https:\/\/aconteceemmacaeeregiao.com.br\/index.php\/wp-json\/wp\/v2\/categories?post=11061"},{"taxonomy":"post_tag","embeddable":true,"href":"https:\/\/aconteceemmacaeeregiao.com.br\/index.php\/wp-json\/wp\/v2\/tags?post=11061"}],"curies":[{"name":"wp","href":"https:\/\/api.w.org\/{rel}","templated":true}]}}