{"id":11066,"date":"2023-07-04T21:37:14","date_gmt":"2023-07-05T00:37:14","guid":{"rendered":"https:\/\/aconteceemmacaeeregiao.com.br\/?p=11066"},"modified":"2023-07-04T21:39:09","modified_gmt":"2023-07-05T00:39:09","slug":"cha-verde-conheca-os-beneficios-contra-o-envelhecimento-precoce","status":"publish","type":"post","link":"https:\/\/aconteceemmacaeeregiao.com.br\/index.php\/2023\/07\/04\/cha-verde-conheca-os-beneficios-contra-o-envelhecimento-precoce\/","title":{"rendered":"Ch\u00e1 verde: conhe\u00e7a os benef\u00edcios contra o envelhecimento precoce"},"content":{"rendered":"\n<p><em><strong>Especialista comenta sobre estudos que apontam como o consumo di\u00e1rio do ch\u00e1 verde pode prevenir os efeitos do envelhecimento na pele<\/strong><\/em><\/p>\n\n\n\n<p><strong>S\u00e3o Paulo, julho de 2023<\/strong>&nbsp;\u2013 Envelhecer \u00e9 inevit\u00e1vel e, mesmo com tantos tratamentos dispon\u00edveis hoje em dia para melhorar a sa\u00fade da pele, caso o corpo n\u00e3o esteja sendo bem cuidado de dentro para fora, os efeitos do envelhecimento precoce ser\u00e3o inevit\u00e1veis. O que muitos ainda n\u00e3o sabem, \u00e9 que \u00e9 alguns alimentos contribuem com o retardamento do envelhecimento e de uma maneira bem simples: como \u00e9 o caso do ch\u00e1 verde.<\/p>\n\n\n\n<p>\u201cO ch\u00e1 verde \u00e9 conhecido por seus in\u00fameros benef\u00edcios para a sa\u00fade e essa fama \u00e9 real. Poderoso antioxidante, o ch\u00e1 verde possui potente a\u00e7\u00e3o contra os radicais livres, respons\u00e1veis pelo envelhecimento precoce. Ou seja, ele \u00e9 capaz de prevenir o surgimento de rugas e flacidez da pele\u201d, explica Dr. Maurizio Pupo, farmac\u00eautico e professor especialista em cosmetologia.<\/p>\n\n\n\n<p><strong>Estudos atestam os benef\u00edcios do ch\u00e1 verde<\/strong><\/p>\n\n\n\n<p>E esses benef\u00edcios j\u00e1 foram comprovados cientificamente. Um estudo realizado na&nbsp;<em>Witten University Institute for Experimental Dermatology<\/em>, na Alemanha, investigou os efeitos do consumo de ch\u00e1 verde em rela\u00e7\u00e3o \u00e0 sensibilidade da pele, estrutura da pele, textura e microcircula\u00e7\u00e3o. Com 60 mulheres volunt\u00e1rias, entre 40 e 65 anos, que consumiram um litro de ch\u00e1 verde por 12 semanas consecutivas, foram obtidos os seguintes resultados:<\/p>\n\n\n\n<ul class=\"wp-block-list\">\n<li><strong>Aumento da hidrata\u00e7\u00e3o da pele<\/strong>: 9% mais na 6\u00aa semana e 17% mais na 12\u00aa semana;&nbsp;<\/li>\n\n\n\n<li><strong>Aumento da elasticidade biol\u00f3gica:<\/strong>&nbsp;2,6% mais na 6\u00aa semana e 3,9% mais na 12\u00aa semana;<\/li>\n\n\n\n<li><strong>Redu\u00e7\u00e3o de rugas:<\/strong>&nbsp;1,9% menos na 6\u00aa semana e 2,1% menos na 12\u00aa semana;<\/li>\n\n\n\n<li><strong>Redu\u00e7\u00e3o da descama\u00e7\u00e3o:<\/strong>&nbsp;20% menos na 6\u00aa semana e 25% menos na 12\u00aa semana.&nbsp;<\/li>\n<\/ul>\n\n\n\n<p>\u201cAinda vale ressaltar que esse estudo tamb\u00e9m mostrou que os polifen\u00f3is (ativo respons\u00e1vel pela a\u00e7\u00e3o antioxidante da folha) presentes no ch\u00e1 verde, possuem capacidade de proteger a pele contra os danos dos raios solares, como queimaduras, imunossupress\u00e3o induzida por UV e fotoenvelhecimento\u201d, ressalta o especialista.<\/p>\n\n\n\n<p>Ainda segundo o farmac\u00eautico, esses resultados mostraram que sim, \u00e9 poss\u00edvel alcan\u00e7ar uma melhora consider\u00e1vel na pele. \u201cCom apenas 3 x\u00edcaras de ch\u00e1 verde (aproximadamente 1 litro) por dia, conseguimos notar as diferen\u00e7as e manter a pele mais jovem e iluminada\u201d, diz.<\/p>\n\n\n\n<p>Ainda vale ressaltar que as propriedades ben\u00e9ficas do ch\u00e1 verde, al\u00e9m de comprovadamente fazerem bem para a sa\u00fade da pele, o consumo desta bebida tamb\u00e9m \u00e9 ben\u00e9fico para a sa\u00fade do corpo como um todo. \u201cPor ser um alimento funcional, o ch\u00e1 verde \u00e9 rico em nutrientes que favorecem o funcionamento do organismo de uma forma geral. Entre os seus benef\u00edcios est\u00e3o a preven\u00e7\u00e3o de riscos cardiovasculares, preven\u00e7\u00e3o de alguns tipos de c\u00e2ncer, contribui\u00e7\u00e3o com a perda de peso, controle da press\u00e3o arterial, melhora da sa\u00fade dental e do intestino, entre outros\u201d, finaliza Dr. Maurizio.<\/p>\n\n\n\n<p><strong>Sobre o Dr. Maurizio Pupo<\/strong><\/p>\n\n\n\n<p>Dr. Maurizio Pupo \u00e9 farmac\u00eautico \u00edtalo-brasileiro, pesquisador e professor especialista em cosmetologia. \u00c9 autor de v\u00e1rios livros na \u00e1rea cosm\u00e9tica como: Tratado de Fotoprote\u00e7\u00e3o, Luz Azul | Luz Vis\u00edvel e Impactos na Dermatologia, DIFENDIOX\u00ae OPP\u2019s Antioxidantes Biologicamente Ativos e Estabilizados em Sistema Hydromicelar, entre outros. Al\u00e9m disso, \u00e9 CEO e respons\u00e1vel pelo desenvolvimento dos produtos marca de dermocosm\u00e9ticos ADA TINA.<\/p>\n","protected":false},"excerpt":{"rendered":"<p>Especialista comenta sobre estudos que apontam como o consumo di\u00e1rio do ch\u00e1 verde pode prevenir os efeitos do envelhecimento na pele S\u00e3o Paulo, julho de 2023&nbsp;\u2013 Envelhecer \u00e9 inevit\u00e1vel e, mesmo com tantos tratamentos dispon\u00edveis hoje em dia para melhorar a sa\u00fade da pele, caso o corpo n\u00e3o esteja sendo bem cuidado de dentro para [&hellip;]<\/p>\n","protected":false},"author":2,"featured_media":11068,"comment_status":"closed","ping_status":"closed","sticky":false,"template":"","format":"standard","meta":{"postBodyCss":"","postBodyMargin":[],"postBodyPadding":[],"postBodyBackground":{"backgroundType":"classic","gradient":""},"footnotes":""},"categories":[78],"tags":[636,637,622,638],"class_list":["post-11066","post","type-post","status-publish","format-standard","has-post-thumbnail","hentry","category-saude","tag-cha","tag-estetica","tag-pele-2","tag-rejuvenescimento"],"aioseo_notices":[],"_links":{"self":[{"href":"https:\/\/aconteceemmacaeeregiao.com.br\/index.php\/wp-json\/wp\/v2\/posts\/11066","targetHints":{"allow":["GET"]}}],"collection":[{"href":"https:\/\/aconteceemmacaeeregiao.com.br\/index.php\/wp-json\/wp\/v2\/posts"}],"about":[{"href":"https:\/\/aconteceemmacaeeregiao.com.br\/index.php\/wp-json\/wp\/v2\/types\/post"}],"author":[{"embeddable":true,"href":"https:\/\/aconteceemmacaeeregiao.com.br\/index.php\/wp-json\/wp\/v2\/users\/2"}],"replies":[{"embeddable":true,"href":"https:\/\/aconteceemmacaeeregiao.com.br\/index.php\/wp-json\/wp\/v2\/comments?post=11066"}],"version-history":[{"count":0,"href":"https:\/\/aconteceemmacaeeregiao.com.br\/index.php\/wp-json\/wp\/v2\/posts\/11066\/revisions"}],"wp:featuredmedia":[{"embeddable":true,"href":"https:\/\/aconteceemmacaeeregiao.com.br\/index.php\/wp-json\/wp\/v2\/media\/11068"}],"wp:attachment":[{"href":"https:\/\/aconteceemmacaeeregiao.com.br\/index.php\/wp-json\/wp\/v2\/media?parent=11066"}],"wp:term":[{"taxonomy":"category","embeddable":true,"href":"https:\/\/aconteceemmacaeeregiao.com.br\/index.php\/wp-json\/wp\/v2\/categories?post=11066"},{"taxonomy":"post_tag","embeddable":true,"href":"https:\/\/aconteceemmacaeeregiao.com.br\/index.php\/wp-json\/wp\/v2\/tags?post=11066"}],"curies":[{"name":"wp","href":"https:\/\/api.w.org\/{rel}","templated":true}]}}