{"id":11070,"date":"2023-07-04T21:40:39","date_gmt":"2023-07-05T00:40:39","guid":{"rendered":"https:\/\/aconteceemmacaeeregiao.com.br\/?p=11070"},"modified":"2023-07-04T21:40:40","modified_gmt":"2023-07-05T00:40:40","slug":"mulher-acusada-de-trafico-de-drogas-e-presa-em-macae","status":"publish","type":"post","link":"https:\/\/aconteceemmacaeeregiao.com.br\/index.php\/2023\/07\/04\/mulher-acusada-de-trafico-de-drogas-e-presa-em-macae\/","title":{"rendered":"Mulher acusada de tr\u00e1fico de drogas \u00e9 presa em Maca\u00e9"},"content":{"rendered":"\n<p>Policiais civis da 123\u00aa DP (Maca\u00e9) prenderam, nesta ter\u00e7a-feira (04\/07), uma mulher acusada de tr\u00e1fico de drogas e associa\u00e7\u00e3o ao tr\u00e1fico. Com base em investiga\u00e7\u00f5es do Setor de Intelig\u00eancia, os agentes localizaram a foragida no bairro Parque Aeroporto, em Maca\u00e9. Ela n\u00e3o reagiu \u00e0 pris\u00e3o.<\/p>\n\n\n\n<p>De acordo com os agentes, a acusada havia fugido do sistema penitenci\u00e1rio em agosto de 2022. A pris\u00e3o anterior ocorreu em 2018, tamb\u00e9m em Maca\u00e9, quando ela foi detida por policiais militares, em uma resid\u00eancia do mesmo bairro. Na ocasi\u00e3o, ela portava uma quantidade de drogas em sua mochila.<\/p>\n\n\n\n<p>Contra a mulher, foi cumprido mandado de pris\u00e3o decorrente de evas\u00e3o do sistema prisional.<\/p>\n\n\n\n<p><em>Por Secom Pol\u00edcia Civil RJ<\/em><\/p>\n","protected":false},"excerpt":{"rendered":"<p>Policiais civis da 123\u00aa DP (Maca\u00e9) prenderam, nesta ter\u00e7a-feira (04\/07), uma mulher acusada de tr\u00e1fico de drogas e associa\u00e7\u00e3o ao tr\u00e1fico. Com base em investiga\u00e7\u00f5es do Setor de Intelig\u00eancia, os agentes localizaram a foragida no bairro Parque Aeroporto, em Maca\u00e9. Ela n\u00e3o reagiu \u00e0 pris\u00e3o. De acordo com os agentes, a acusada havia fugido do [&hellip;]<\/p>\n","protected":false},"author":2,"featured_media":7171,"comment_status":"closed","ping_status":"closed","sticky":false,"template":"","format":"standard","meta":{"postBodyCss":"","postBodyMargin":[],"postBodyPadding":[],"postBodyBackground":{"backgroundType":"classic","gradient":""},"footnotes":""},"categories":[47],"tags":[98,120,100,513],"class_list":["post-11070","post","type-post","status-publish","format-standard","has-post-thumbnail","hentry","category-ocorrencias","tag-drogas","tag-mulher","tag-prisao","tag-trafico"],"aioseo_notices":[],"_links":{"self":[{"href":"https:\/\/aconteceemmacaeeregiao.com.br\/index.php\/wp-json\/wp\/v2\/posts\/11070","targetHints":{"allow":["GET"]}}],"collection":[{"href":"https:\/\/aconteceemmacaeeregiao.com.br\/index.php\/wp-json\/wp\/v2\/posts"}],"about":[{"href":"https:\/\/aconteceemmacaeeregiao.com.br\/index.php\/wp-json\/wp\/v2\/types\/post"}],"author":[{"embeddable":true,"href":"https:\/\/aconteceemmacaeeregiao.com.br\/index.php\/wp-json\/wp\/v2\/users\/2"}],"replies":[{"embeddable":true,"href":"https:\/\/aconteceemmacaeeregiao.com.br\/index.php\/wp-json\/wp\/v2\/comments?post=11070"}],"version-history":[{"count":0,"href":"https:\/\/aconteceemmacaeeregiao.com.br\/index.php\/wp-json\/wp\/v2\/posts\/11070\/revisions"}],"wp:featuredmedia":[{"embeddable":true,"href":"https:\/\/aconteceemmacaeeregiao.com.br\/index.php\/wp-json\/wp\/v2\/media\/7171"}],"wp:attachment":[{"href":"https:\/\/aconteceemmacaeeregiao.com.br\/index.php\/wp-json\/wp\/v2\/media?parent=11070"}],"wp:term":[{"taxonomy":"category","embeddable":true,"href":"https:\/\/aconteceemmacaeeregiao.com.br\/index.php\/wp-json\/wp\/v2\/categories?post=11070"},{"taxonomy":"post_tag","embeddable":true,"href":"https:\/\/aconteceemmacaeeregiao.com.br\/index.php\/wp-json\/wp\/v2\/tags?post=11070"}],"curies":[{"name":"wp","href":"https:\/\/api.w.org\/{rel}","templated":true}]}}