{"id":11080,"date":"2023-07-05T18:28:11","date_gmt":"2023-07-05T21:28:11","guid":{"rendered":"https:\/\/aconteceemmacaeeregiao.com.br\/?p=11080"},"modified":"2023-07-05T18:28:12","modified_gmt":"2023-07-05T21:28:12","slug":"curso-de-mecanica-exclusivo-para-mulheres-esta-com-inscricoes-abertas","status":"publish","type":"post","link":"https:\/\/aconteceemmacaeeregiao.com.br\/index.php\/2023\/07\/05\/curso-de-mecanica-exclusivo-para-mulheres-esta-com-inscricoes-abertas\/","title":{"rendered":"Curso de mec\u00e2nica exclusivo para mulheres est\u00e1 com inscri\u00e7\u00f5es abertas"},"content":{"rendered":"\n<p><em><strong>Al\u00e9m da certifica\u00e7\u00e3o, cada aluna receber\u00e1 uma bicicleta como diploma de conclus\u00e3o<\/strong><\/em><\/p>\n\n\n\n<p>Com o objetivo de ampliar o uso da bicicleta nos empreendimentos realizados por mulheres e promover cada vez mais diversidade e inclus\u00e3o no setor, o Instituto Aromeiazero por meio do Pedala Maca\u00e9, patroc\u00ednio da Foresea&nbsp; e apoio da Secretaria de Pol\u00edticas para as Mulheres est\u00e1 com inscri\u00e7\u00f5es abertas para o Viver de Bike. As vagas s\u00e3o limitadas e as interessadas poder\u00e3o se inscrever at\u00e9 dia 7 de julho. Para participar, \u00e9 necess\u00e1rio ser maior de 18 anos.&nbsp;<\/p>\n\n\n\n<p>Ser\u00e3o ministradas durante o curso, aulas sobre mec\u00e2nica b\u00e1sica de bicicleta, poder transformador da bicicleta, como pedalar com seguran\u00e7a na cidade, empreendedorismo e gest\u00e3o financeira. As aulas ir\u00e3o acontecer de 12 de julho a 4 de agosto, na Secretaria da Mulher, localizada na Rua Doutor Luiz Bellegard, 139, Imbetiba.<\/p>\n\n\n\n<p>O curso que acontece desde 2016, em S\u00e3o Paulo, hoje tamb\u00e9m \u00e9 oferecido em Maca\u00e9, no Rio de Janeiro. Apenas como exemplo, do total de 300 inscri\u00e7\u00f5es do curso em Maca\u00e9, onde a iniciativa come\u00e7ou em 2021, 162 mulheres foram inscritas. Destas, 72&nbsp; conclu\u00edram&nbsp; o Viver de Bike. O curso de 30 horas \u00e9 100% gratuito e vai oferecer para as formandas, uma bicicleta reformada, um capacete e trava de seguran\u00e7a para bicicleta, certificado de conclus\u00e3o e o Caderno Viver de Bike impresso, material pedag\u00f3gico do curso desenvolvido pelo Aromeiazero.<\/p>\n\n\n\n<p>As inscri\u00e7\u00f5es podem ser feitas atrav\u00e9s do link:&nbsp;<a href=\"https:\/\/www.aromeiazero.org.br\/pedalamacae\" target=\"_blank\" rel=\"noreferrer noopener\">https:\/\/www.aromeiazero.org.br\/pedalamacae<\/a>.&nbsp;<\/p>\n\n\n\n<p><strong>Sobre o Aromeiazero<\/strong><\/p>\n\n\n\n<p>O Instituto Aromeiazero \u00e9 uma organiza\u00e7\u00e3o sem fins lucrativos que utiliza a bicicleta para reduzir as desigualdades sociais e contribuir para tornar as cidades mais resilientes. O Aromeiazero conta com o patroc\u00ednio institucional do Ita\u00fa Unibanco, al\u00e9m de leis de incentivo, sendo grande parte das a\u00e7\u00f5es em periferias e comunidades vulner\u00e1veis. Desde 2011, as iniciativas do Aro promovem uma vis\u00e3o integral da bicicleta, potencializando express\u00f5es culturais e art\u00edsticas, gera\u00e7\u00e3o de renda e h\u00e1bitos de vida saud\u00e1veis.<\/p>\n","protected":false},"excerpt":{"rendered":"<p>Al\u00e9m da certifica\u00e7\u00e3o, cada aluna receber\u00e1 uma bicicleta como diploma de conclus\u00e3o Com o objetivo de ampliar o uso da bicicleta nos empreendimentos realizados por mulheres e promover cada vez mais diversidade e inclus\u00e3o no setor, o Instituto Aromeiazero por meio do Pedala Maca\u00e9, patroc\u00ednio da Foresea&nbsp; e apoio da Secretaria de Pol\u00edticas para as [&hellip;]<\/p>\n","protected":false},"author":2,"featured_media":11082,"comment_status":"closed","ping_status":"closed","sticky":false,"template":"","format":"standard","meta":{"postBodyCss":"","postBodyMargin":[],"postBodyPadding":[],"postBodyBackground":{"backgroundType":"classic","gradient":""},"footnotes":""},"categories":[61,73,42],"tags":[145,132,82],"class_list":["post-11080","post","type-post","status-publish","format-standard","has-post-thumbnail","hentry","category-educacao","category-emprego","category-macae","tag-bicicletas","tag-cursos-gratuitos","tag-oportunidade"],"aioseo_notices":[],"_links":{"self":[{"href":"https:\/\/aconteceemmacaeeregiao.com.br\/index.php\/wp-json\/wp\/v2\/posts\/11080","targetHints":{"allow":["GET"]}}],"collection":[{"href":"https:\/\/aconteceemmacaeeregiao.com.br\/index.php\/wp-json\/wp\/v2\/posts"}],"about":[{"href":"https:\/\/aconteceemmacaeeregiao.com.br\/index.php\/wp-json\/wp\/v2\/types\/post"}],"author":[{"embeddable":true,"href":"https:\/\/aconteceemmacaeeregiao.com.br\/index.php\/wp-json\/wp\/v2\/users\/2"}],"replies":[{"embeddable":true,"href":"https:\/\/aconteceemmacaeeregiao.com.br\/index.php\/wp-json\/wp\/v2\/comments?post=11080"}],"version-history":[{"count":0,"href":"https:\/\/aconteceemmacaeeregiao.com.br\/index.php\/wp-json\/wp\/v2\/posts\/11080\/revisions"}],"wp:featuredmedia":[{"embeddable":true,"href":"https:\/\/aconteceemmacaeeregiao.com.br\/index.php\/wp-json\/wp\/v2\/media\/11082"}],"wp:attachment":[{"href":"https:\/\/aconteceemmacaeeregiao.com.br\/index.php\/wp-json\/wp\/v2\/media?parent=11080"}],"wp:term":[{"taxonomy":"category","embeddable":true,"href":"https:\/\/aconteceemmacaeeregiao.com.br\/index.php\/wp-json\/wp\/v2\/categories?post=11080"},{"taxonomy":"post_tag","embeddable":true,"href":"https:\/\/aconteceemmacaeeregiao.com.br\/index.php\/wp-json\/wp\/v2\/tags?post=11080"}],"curies":[{"name":"wp","href":"https:\/\/api.w.org\/{rel}","templated":true}]}}