{"id":11084,"date":"2023-07-05T18:42:37","date_gmt":"2023-07-05T21:42:37","guid":{"rendered":"https:\/\/aconteceemmacaeeregiao.com.br\/?p=11084"},"modified":"2023-07-05T18:42:38","modified_gmt":"2023-07-05T21:42:38","slug":"contagem-regressiva-para-a-corrida-21k-buzios","status":"publish","type":"post","link":"https:\/\/aconteceemmacaeeregiao.com.br\/index.php\/2023\/07\/05\/contagem-regressiva-para-a-corrida-21k-buzios\/","title":{"rendered":"Contagem regressiva para a corrida &#8220;21K B\u00fazios&#8221;"},"content":{"rendered":"\n<p><em><strong>Segunda edi\u00e7\u00e3o da prova acontece dia 16 de julho. Categorias 5km e 10km tamb\u00e9m est\u00e3o na programa\u00e7\u00e3o<\/strong><\/em><\/p>\n\n\n\n<p>Contagem regressiva para a segunda edi\u00e7\u00e3o da corrida &#8220;21k B\u00fazios&#8221;, que acontece no dia 16 de julho (domingo). Uma das provas cl\u00e1ssicas do esporte, a meia maratona retorna ao balne\u00e1rio com direito a um cen\u00e1rio emoldurado por muitas belezas naturais. Ao longo do percurso est\u00e3o trechos de asfalto e, claro, desafios em meio aos encantos do Parque Estadual da Costa do Sol, incluindo suas trilhas e a linda praia de Caravelas. A largada e a chegada ser\u00e3o no Aret\u00ea B\u00fazios.<\/p>\n\n\n\n<p>As inscri\u00e7\u00f5es est\u00e3o abertas e podem ser feitas at\u00e9 o pr\u00f3ximo domingo (09\/07) pelo site&nbsp;<a href=\"http:\/\/www.seveneco.com.br\/\" target=\"_blank\" rel=\"noreferrer noopener\">www.seveneco.com.br<\/a>. O evento ter\u00e1, ainda, as provas de Caminhada 3km, Corrida 5km, Corrida 10km e Corrida Kids, que acontecem dentro do Aret\u00ea B\u00fazios.<\/p>\n\n\n\n<figure class=\"wp-block-image size-large\"><img fetchpriority=\"high\" decoding=\"async\" width=\"1024\" height=\"576\" src=\"https:\/\/aconteceemmacaeeregiao.com.br\/wp-content\/uploads\/2023\/07\/21K-Buzios-2022-2-1024x576.jpeg\" alt=\"\" class=\"wp-image-11087\" srcset=\"https:\/\/aconteceemmacaeeregiao.com.br\/wp-content\/uploads\/2023\/07\/21K-Buzios-2022-2-1024x576.jpeg 1024w, https:\/\/aconteceemmacaeeregiao.com.br\/wp-content\/uploads\/2023\/07\/21K-Buzios-2022-2-300x169.jpeg 300w, https:\/\/aconteceemmacaeeregiao.com.br\/wp-content\/uploads\/2023\/07\/21K-Buzios-2022-2-768x432.jpeg 768w, https:\/\/aconteceemmacaeeregiao.com.br\/wp-content\/uploads\/2023\/07\/21K-Buzios-2022-2-1536x864.jpeg 1536w, https:\/\/aconteceemmacaeeregiao.com.br\/wp-content\/uploads\/2023\/07\/21K-Buzios-2022-2.jpeg 1600w\" sizes=\"(max-width: 1024px) 100vw, 1024px\" \/><\/figure>\n\n\n<div class=\"wp-block-image\">\n<figure class=\"aligncenter size-large\"><img decoding=\"async\" width=\"1024\" height=\"576\" data-src=\"https:\/\/aconteceemmacaeeregiao.com.br\/wp-content\/uploads\/2023\/07\/21K-Buzios-2022-4-1024x576.jpeg\" alt=\"\" class=\"wp-image-11086 lazyload\" data-srcset=\"https:\/\/aconteceemmacaeeregiao.com.br\/wp-content\/uploads\/2023\/07\/21K-Buzios-2022-4-1024x576.jpeg 1024w, https:\/\/aconteceemmacaeeregiao.com.br\/wp-content\/uploads\/2023\/07\/21K-Buzios-2022-4-300x169.jpeg 300w, https:\/\/aconteceemmacaeeregiao.com.br\/wp-content\/uploads\/2023\/07\/21K-Buzios-2022-4-768x432.jpeg 768w, https:\/\/aconteceemmacaeeregiao.com.br\/wp-content\/uploads\/2023\/07\/21K-Buzios-2022-4-1536x864.jpeg 1536w, https:\/\/aconteceemmacaeeregiao.com.br\/wp-content\/uploads\/2023\/07\/21K-Buzios-2022-4.jpeg 1600w\" data-sizes=\"(max-width: 1024px) 100vw, 1024px\" src=\"data:image\/svg+xml;base64,PHN2ZyB3aWR0aD0iMSIgaGVpZ2h0PSIxIiB4bWxucz0iaHR0cDovL3d3dy53My5vcmcvMjAwMC9zdmciPjwvc3ZnPg==\" style=\"--smush-placeholder-width: 1024px; --smush-placeholder-aspect-ratio: 1024\/576;\" \/><\/figure>\n<\/div>\n\n\n<p><strong>Sustentabilidade &amp; Economia<\/strong><\/p>\n\n\n\n<p>Definida como um evento Carbono Neutro, a &#8220;21K B\u00fazios&#8221; ir\u00e1 promover uma a\u00e7\u00e3o ambiental com o plantio de 50 mudas de \u00e1rvores de esp\u00e9cies nativas da Mata Atl\u00e2ntica no munic\u00edpio, dentro da \u00c1rea de Preserva\u00e7\u00e3o Ambiental do Parque Estadual da Costa do Sol. O evento \u00e9 organizado pela Seven Eco Events, sempre atenta \u00e0s causas sustent\u00e1veis e sociais.<\/p>\n\n\n\n<p>A expectativa da organiza\u00e7\u00e3o \u00e9 de que a corrida re\u00fana 800 atletas, boa parte proveniente de outras cidades e de estados como Rio de Janeiro, S\u00e3o Paulo e Minas Gerais. &#8220;Temos inscritos tamb\u00e9m do Distrito Federal, Paran\u00e1, Acre e Amazonas&#8221;, comenta Hayllan Lima, diretor da Seven Eco.<\/p>\n\n\n<div class=\"wp-block-image\">\n<figure class=\"aligncenter size-large\"><img decoding=\"async\" width=\"1024\" height=\"683\" data-src=\"https:\/\/aconteceemmacaeeregiao.com.br\/wp-content\/uploads\/2023\/07\/21K-Buzios-2022-3-1024x683.jpeg\" alt=\"\" class=\"wp-image-11088 lazyload\" data-srcset=\"https:\/\/aconteceemmacaeeregiao.com.br\/wp-content\/uploads\/2023\/07\/21K-Buzios-2022-3-1024x683.jpeg 1024w, https:\/\/aconteceemmacaeeregiao.com.br\/wp-content\/uploads\/2023\/07\/21K-Buzios-2022-3-300x200.jpeg 300w, https:\/\/aconteceemmacaeeregiao.com.br\/wp-content\/uploads\/2023\/07\/21K-Buzios-2022-3-768x512.jpeg 768w, https:\/\/aconteceemmacaeeregiao.com.br\/wp-content\/uploads\/2023\/07\/21K-Buzios-2022-3.jpeg 1200w\" data-sizes=\"(max-width: 1024px) 100vw, 1024px\" src=\"data:image\/svg+xml;base64,PHN2ZyB3aWR0aD0iMSIgaGVpZ2h0PSIxIiB4bWxucz0iaHR0cDovL3d3dy53My5vcmcvMjAwMC9zdmciPjwvc3ZnPg==\" style=\"--smush-placeholder-width: 1024px; --smush-placeholder-aspect-ratio: 1024\/683;\" \/><\/figure>\n<\/div>\n\n\n<p>Os participantes prometem movimentar a economia da cidade, uma vez que eventos esportivos envolvem diversos segmentos, em especial, o do Turismo, atraindo atletas de outros munic\u00edpios. &#8220;Os que v\u00eam de fora costumam trazer suas fam\u00edlias, incrementando a rede hoteleira, a gastronomia e os servi\u00e7os em geral durante o fim de semana&#8221;, completa Hayllan.<\/p>\n\n\n<div class=\"wp-block-image\">\n<figure class=\"aligncenter size-large\"><img decoding=\"async\" width=\"1024\" height=\"582\" data-src=\"https:\/\/aconteceemmacaeeregiao.com.br\/wp-content\/uploads\/2023\/07\/21K-Buzios-2022-7-1024x582.jpeg\" alt=\"\" class=\"wp-image-11090 lazyload\" data-srcset=\"https:\/\/aconteceemmacaeeregiao.com.br\/wp-content\/uploads\/2023\/07\/21K-Buzios-2022-7-1024x582.jpeg 1024w, https:\/\/aconteceemmacaeeregiao.com.br\/wp-content\/uploads\/2023\/07\/21K-Buzios-2022-7-300x171.jpeg 300w, https:\/\/aconteceemmacaeeregiao.com.br\/wp-content\/uploads\/2023\/07\/21K-Buzios-2022-7-768x437.jpeg 768w, https:\/\/aconteceemmacaeeregiao.com.br\/wp-content\/uploads\/2023\/07\/21K-Buzios-2022-7-1536x874.jpeg 1536w, https:\/\/aconteceemmacaeeregiao.com.br\/wp-content\/uploads\/2023\/07\/21K-Buzios-2022-7.jpeg 1600w\" data-sizes=\"(max-width: 1024px) 100vw, 1024px\" src=\"data:image\/svg+xml;base64,PHN2ZyB3aWR0aD0iMSIgaGVpZ2h0PSIxIiB4bWxucz0iaHR0cDovL3d3dy53My5vcmcvMjAwMC9zdmciPjwvc3ZnPg==\" style=\"--smush-placeholder-width: 1024px; --smush-placeholder-aspect-ratio: 1024\/582;\" \/><\/figure>\n<\/div>\n\n\n<p><strong>Sobre a Seven Eco Events<\/strong><\/p>\n\n\n\n<p>A Seven Eco Events \u00e9 uma empresa produtora de eventos esportivos no Estado do Rio, promovendo experi\u00eancias inspiradas na sa\u00fade e no bem-estar atrav\u00e9s da pr\u00e1tica de esportes. Em seu portf\u00f3lio, a empresa assina a realiza\u00e7\u00e3o de provas tradicionais na Regi\u00e3o dos Lagos, como Forte Run, Corrida da Padroeira, CF Trail, Jogos de Ver\u00e3o, Rei e Rainha do Mar e Circuito Faetec em Movimento.<\/p>\n\n\n\n<p>A empresa \u00e9 engajada no respeito \u00e0s causas sociais, ambientais e de sustentabilidade, buscando promover esses princ\u00edpios em todos os seus eventos. A natureza privilegiada do estado faz parte dos cen\u00e1rios dos eventos da empresa, sendo um de seus diferenciais.<\/p>\n\n\n\n<p><strong><u>21K B\u00fazios<\/u><\/strong><\/p>\n\n\n\n<p><strong>Data:<\/strong>&nbsp;16 de julho \u2013 domingo<\/p>\n\n\n\n<p><strong>Hora:<\/strong>&nbsp;7h30, prova de 21k. As provas de 3k, 5k e 10k t\u00eam largada \u00e0s 7h45<\/p>\n\n\n\n<p><strong>Largada e Chegada:&nbsp;<\/strong>Aret\u00ea B\u00fazios &#8211; Av. Jos\u00e9 Bento Ribeiro Dantas, 8.300<\/p>\n\n\n\n<p><strong>Inscri\u00e7\u00f5es:<\/strong>&nbsp;<a href=\"http:\/\/www.seveneco.com.br\/\" target=\"_blank\" rel=\"noreferrer noopener\">www.seveneco.com.br<\/a><\/p>\n\n\n\n<p><strong><u>Premia\u00e7\u00e3o com trof\u00e9u:<\/u><\/strong><\/p>\n\n\n\n<p><strong>21k<\/strong><\/p>\n\n\n\n<p>. Trof\u00e9u para os 5 primeiros colocados gerais (feminino e masculino) que, automaticamente saem da categoria de idade e s\u00e3o denominados &#8220;Elite&#8221;<\/p>\n\n\n\n<p>. Trof\u00e9u para os 3 primeiros colocados em cada Categoria (at\u00e9 19 anos, 20-29 anos; 30-39 anos, 40-49 anos, 50 -59 anos, 60 anos a 64 anos, 65 anos a 69 anos, 70 +)<\/p>\n\n\n\n<p><strong>5K e 10K<\/strong><\/p>\n\n\n\n<p>. Trof\u00e9u para os 3 primeiros colocados gerais (feminino e masculino)<\/p>\n\n\n\n<p>. Trof\u00e9u para os 3 primeiros colocados em cada Categoria (at\u00e9 19 anos, 20-29 anos; 30-39 anos, 40-49 anos, 50 -59 anos, 60 +)<\/p>\n\n\n\n<p><strong><em>Obs: Todos os atletas que completarem as provas recebem medalha<\/em><\/strong><\/p>\n","protected":false},"excerpt":{"rendered":"<p>Segunda edi\u00e7\u00e3o da prova acontece dia 16 de julho. Categorias 5km e 10km tamb\u00e9m est\u00e3o na programa\u00e7\u00e3o Contagem regressiva para a segunda edi\u00e7\u00e3o da corrida &#8220;21k B\u00fazios&#8221;, que acontece no dia 16 de julho (domingo). Uma das provas cl\u00e1ssicas do esporte, a meia maratona retorna ao balne\u00e1rio com direito a um cen\u00e1rio emoldurado por muitas [&hellip;]<\/p>\n","protected":false},"author":2,"featured_media":11089,"comment_status":"closed","ping_status":"closed","sticky":false,"template":"","format":"standard","meta":{"postBodyCss":"","postBodyMargin":[],"postBodyPadding":[],"postBodyBackground":{"backgroundType":"classic","gradient":""},"footnotes":""},"categories":[168,6,43],"tags":[399,484],"class_list":["post-11084","post","type-post","status-publish","format-standard","has-post-thumbnail","hentry","category-buzios","category-esporte","category-regiao","tag-corrida","tag-maratona"],"aioseo_notices":[],"_links":{"self":[{"href":"https:\/\/aconteceemmacaeeregiao.com.br\/index.php\/wp-json\/wp\/v2\/posts\/11084","targetHints":{"allow":["GET"]}}],"collection":[{"href":"https:\/\/aconteceemmacaeeregiao.com.br\/index.php\/wp-json\/wp\/v2\/posts"}],"about":[{"href":"https:\/\/aconteceemmacaeeregiao.com.br\/index.php\/wp-json\/wp\/v2\/types\/post"}],"author":[{"embeddable":true,"href":"https:\/\/aconteceemmacaeeregiao.com.br\/index.php\/wp-json\/wp\/v2\/users\/2"}],"replies":[{"embeddable":true,"href":"https:\/\/aconteceemmacaeeregiao.com.br\/index.php\/wp-json\/wp\/v2\/comments?post=11084"}],"version-history":[{"count":0,"href":"https:\/\/aconteceemmacaeeregiao.com.br\/index.php\/wp-json\/wp\/v2\/posts\/11084\/revisions"}],"wp:featuredmedia":[{"embeddable":true,"href":"https:\/\/aconteceemmacaeeregiao.com.br\/index.php\/wp-json\/wp\/v2\/media\/11089"}],"wp:attachment":[{"href":"https:\/\/aconteceemmacaeeregiao.com.br\/index.php\/wp-json\/wp\/v2\/media?parent=11084"}],"wp:term":[{"taxonomy":"category","embeddable":true,"href":"https:\/\/aconteceemmacaeeregiao.com.br\/index.php\/wp-json\/wp\/v2\/categories?post=11084"},{"taxonomy":"post_tag","embeddable":true,"href":"https:\/\/aconteceemmacaeeregiao.com.br\/index.php\/wp-json\/wp\/v2\/tags?post=11084"}],"curies":[{"name":"wp","href":"https:\/\/api.w.org\/{rel}","templated":true}]}}