{"id":11092,"date":"2023-07-05T19:04:49","date_gmt":"2023-07-05T22:04:49","guid":{"rendered":"https:\/\/aconteceemmacaeeregiao.com.br\/?p=11092"},"modified":"2023-07-05T19:10:33","modified_gmt":"2023-07-05T22:10:33","slug":"arraia-marca-o-lancamento-de-novos-cursos-do-espaco-mulher-cidada","status":"publish","type":"post","link":"https:\/\/aconteceemmacaeeregiao.com.br\/index.php\/2023\/07\/05\/arraia-marca-o-lancamento-de-novos-cursos-do-espaco-mulher-cidada\/","title":{"rendered":"Arrai\u00e1 marca o lan\u00e7amento de novos cursos do Espa\u00e7o Mulher Cidad\u00e3"},"content":{"rendered":"\n<p>Nesta sexta-feira (07), a Secretaria de Pol\u00edticas para as Mulheres, atrav\u00e9s do Espa\u00e7o Mulher Cidad\u00e3, promove um grande arrai\u00e1 para marcar o lan\u00e7amento dos novos cursos e oficinas do pr\u00f3ximo trimestre. A programa\u00e7\u00e3o conta ainda com apresenta\u00e7\u00f5es culturais, palestra, mostra de dan\u00e7a e uma feira de pequenas empreendedoras. O evento acontece das 9h \u00e0s 16 horas, na sede da pasta. J\u00e1 a feira ser\u00e1 realizada tamb\u00e9m durante todo o dia na rua em frente.<\/p>\n\n\n\n<p>A coordenadora do Espa\u00e7o Mulher Cidad\u00e3, Raquel Duarte, explica que ser\u00e3o lan\u00e7ados tr\u00eas novos cursos, al\u00e9m de ponto cruz, canto, defesa pessoal, patch apliqu\u00ea, pintura em tecido e dan\u00e7a s\u00eanior que j\u00e1 fazem parte da grade. As inscri\u00e7\u00f5es come\u00e7am no dia 17 de julho e as aulas a partir de 1\u00b0 de agosto.<\/p>\n\n\n\n<p>&#8220;Estamos sempre buscando novas ideias e maneiras de promover um ambiente de intera\u00e7\u00e3o, com o objetivo principal de capacitar mulheres como forma de incentivo ao trabalho e autonomia econ\u00f4mica. Queremos estar cada vez mais perto, construindo essa rede que s\u00f3 nos fortalece&#8221;, destaca Raquel Duarte.<\/p>\n\n\n\n<p>Toda a programa\u00e7\u00e3o foi pensada de forma a contemplar ainda as alunas dos cursos que encerram neste trimestre. Para isso, haver\u00e1 apresenta\u00e7\u00f5es das turmas de dan\u00e7a s\u00eanior, canto e libras. Ao final do evento, ser\u00e3o entregues os certificados de conclus\u00e3o a cerca de 70 mulheres.<\/p>\n\n\n\n<p>Em paralelo, acontecer\u00e1 a feira de pequenas empreendedoras. Na ocasi\u00e3o, alunas dos cursos de artesanato comercializar\u00e3o seus produtos, al\u00e9m daquelas que preencheram cadastro para o evento.<\/p>\n\n\n\n<p><strong>Servi\u00e7o:<\/strong><br><strong>Arrai\u00e1 do Espa\u00e7o Mulher Cidad\u00e3<\/strong><br><strong>Dia 07\/07<\/strong>&nbsp;&#8211; 9h \u00e0s 16h<br><strong>Local:<\/strong>&nbsp;Espa\u00e7o Mulher Cidad\u00e3<\/p>\n\n\n\n<p>Rua Doutor Luiz Bellegard, 139 &#8211; Imbetiba<\/p>\n\n\n\n<p><em>Por jornalista Cris Rosa\/ Secom Pref. de Maca\u00e9<\/em><\/p>\n","protected":false},"excerpt":{"rendered":"<p>Nesta sexta-feira (07), a Secretaria de Pol\u00edticas para as Mulheres, atrav\u00e9s do Espa\u00e7o Mulher Cidad\u00e3, promove um grande arrai\u00e1 para marcar o lan\u00e7amento dos novos cursos e oficinas do pr\u00f3ximo trimestre. A programa\u00e7\u00e3o conta ainda com apresenta\u00e7\u00f5es culturais, palestra, mostra de dan\u00e7a e uma feira de pequenas empreendedoras. O evento acontece das 9h \u00e0s 16 [&hellip;]<\/p>\n","protected":false},"author":2,"featured_media":11097,"comment_status":"closed","ping_status":"closed","sticky":false,"template":"","format":"standard","meta":{"postBodyCss":"","postBodyMargin":[],"postBodyPadding":[],"postBodyBackground":{"backgroundType":"classic","gradient":""},"footnotes":""},"categories":[200,42],"tags":[608,132,65,120],"class_list":["post-11092","post","type-post","status-publish","format-standard","has-post-thumbnail","hentry","category-evento","category-macae","tag-arraial","tag-cursos-gratuitos","tag-festa-caipira","tag-mulher"],"aioseo_notices":[],"_links":{"self":[{"href":"https:\/\/aconteceemmacaeeregiao.com.br\/index.php\/wp-json\/wp\/v2\/posts\/11092","targetHints":{"allow":["GET"]}}],"collection":[{"href":"https:\/\/aconteceemmacaeeregiao.com.br\/index.php\/wp-json\/wp\/v2\/posts"}],"about":[{"href":"https:\/\/aconteceemmacaeeregiao.com.br\/index.php\/wp-json\/wp\/v2\/types\/post"}],"author":[{"embeddable":true,"href":"https:\/\/aconteceemmacaeeregiao.com.br\/index.php\/wp-json\/wp\/v2\/users\/2"}],"replies":[{"embeddable":true,"href":"https:\/\/aconteceemmacaeeregiao.com.br\/index.php\/wp-json\/wp\/v2\/comments?post=11092"}],"version-history":[{"count":0,"href":"https:\/\/aconteceemmacaeeregiao.com.br\/index.php\/wp-json\/wp\/v2\/posts\/11092\/revisions"}],"wp:featuredmedia":[{"embeddable":true,"href":"https:\/\/aconteceemmacaeeregiao.com.br\/index.php\/wp-json\/wp\/v2\/media\/11097"}],"wp:attachment":[{"href":"https:\/\/aconteceemmacaeeregiao.com.br\/index.php\/wp-json\/wp\/v2\/media?parent=11092"}],"wp:term":[{"taxonomy":"category","embeddable":true,"href":"https:\/\/aconteceemmacaeeregiao.com.br\/index.php\/wp-json\/wp\/v2\/categories?post=11092"},{"taxonomy":"post_tag","embeddable":true,"href":"https:\/\/aconteceemmacaeeregiao.com.br\/index.php\/wp-json\/wp\/v2\/tags?post=11092"}],"curies":[{"name":"wp","href":"https:\/\/api.w.org\/{rel}","templated":true}]}}