{"id":11123,"date":"2023-07-06T19:33:21","date_gmt":"2023-07-06T22:33:21","guid":{"rendered":"https:\/\/aconteceemmacaeeregiao.com.br\/?p=11123"},"modified":"2023-07-06T19:33:22","modified_gmt":"2023-07-06T22:33:22","slug":"dupla-presa-envolvida-em-tentativa-de-homicidio-sequestro-e-tortura","status":"publish","type":"post","link":"https:\/\/aconteceemmacaeeregiao.com.br\/index.php\/2023\/07\/06\/dupla-presa-envolvida-em-tentativa-de-homicidio-sequestro-e-tortura\/","title":{"rendered":"Dupla presa envolvida em tentativa de homic\u00eddio, sequestro e tortura"},"content":{"rendered":"\n<p>Nesta quarta-feira (5), policiais civis da 123\u00aa DP-MACA\u00c9, sob a coordena\u00e7\u00e3o do delegado titular, Dr. Pedro Em\u00edlio Braga, capturaram os nacionais P.D.S.C., de 21 anos, e C.D.S.L., de 19 anos, contra os quais havia mandados de pris\u00e3o em aberto pelos crimes de homic\u00eddio qualificado e tortura, expedido pela 1\u00aa Vara Criminal de Maca\u00e9.<\/p>\n\n\n\n<p>As pris\u00f5es aconteceram ap\u00f3s investiga\u00e7\u00e3o da equipe de homic\u00eddios da unidade, que elucidou o caso. A mulher foi capturada em uma resid\u00eancia na Rua S\u00e3o Jos\u00e9, no Novo Cavaleiros. J\u00e1 o homem na rua Via do Sol, no Granja dos Cavaleiros.<\/p>\n\n\n\n<p>Na \u00e9poca do crime, ocorrido em maio deste ano, a dupla e um comparsa foram autores de uma a\u00e7\u00e3o violenta envolvendo uma tentativa de homic\u00eddio, sequestro e tortura.<\/p>\n\n\n\n<p>A v\u00edtima foi abordada em uma rua do bairro Granja dos Cavaleiros ap\u00f3s ser confundida com um policial.<\/p>\n\n\n\n<p>As investiga\u00e7\u00f5es apontaram para a participa\u00e7\u00e3o de integrantes de uma organiza\u00e7\u00e3o criminosa local. Os envolvidos foram reconhecidos em sede policial pela v\u00edtima atrav\u00e9s de fotografias.<\/p>\n\n\n\n<figure class=\"wp-block-video\"><video height=\"480\" style=\"aspect-ratio: 848 \/ 480;\" width=\"848\" controls src=\"https:\/\/aconteceemmacaeeregiao.com.br\/wp-content\/uploads\/2023\/07\/WhatsApp-Video-2023-07-06-at-18.43.59.mp4\"><\/video><\/figure>\n\n\n\n<p>Os dois acusados foram encaminhados para a 123\u00aa DP, onde aguardam a transfer\u00eancia para o sistema penitenci\u00e1rio.<\/p>\n\n\n\n<p>A Pol\u00edcia Civil solicita a colabora\u00e7\u00e3o de todos para tornarmos MACA\u00c9 uma cidade mais segura.<\/p>\n\n\n\n<p>Denuncie pelo WhatsApp da 123\u00aa DP \u2013 Maca\u00e9 Tel.: (22) 98831 \u2013 8043.<\/p>\n\n\n\n<p>O SIGILO \u00c9 GARANTIDO.<\/p>\n\n\n\n<p>\u201cPol\u00edcia Civil em defesa de quem precisar\u201d.<\/p>\n\n\n\n<p><em>Por Secom Pol\u00edcia Civil\/ RJ<\/em><\/p>\n","protected":false},"excerpt":{"rendered":"<p>Nesta quarta-feira (5), policiais civis da 123\u00aa DP-MACA\u00c9, sob a coordena\u00e7\u00e3o do delegado titular, Dr. Pedro Em\u00edlio Braga, capturaram os nacionais P.D.S.C., de 21 anos, e C.D.S.L., de 19 anos, contra os quais havia mandados de pris\u00e3o em aberto pelos crimes de homic\u00eddio qualificado e tortura, expedido pela 1\u00aa Vara Criminal de Maca\u00e9. As pris\u00f5es [&hellip;]<\/p>\n","protected":false},"author":2,"featured_media":11126,"comment_status":"closed","ping_status":"closed","sticky":false,"template":"","format":"standard","meta":{"postBodyCss":"","postBodyMargin":[],"postBodyPadding":[],"postBodyBackground":{"backgroundType":"classic","gradient":""},"footnotes":""},"categories":[42,47],"tags":[96,211,575],"class_list":["post-11123","post","type-post","status-publish","format-standard","has-post-thumbnail","hentry","category-macae","category-ocorrencias","tag-123-dp","tag-homicidio","tag-preso"],"aioseo_notices":[],"_links":{"self":[{"href":"https:\/\/aconteceemmacaeeregiao.com.br\/index.php\/wp-json\/wp\/v2\/posts\/11123","targetHints":{"allow":["GET"]}}],"collection":[{"href":"https:\/\/aconteceemmacaeeregiao.com.br\/index.php\/wp-json\/wp\/v2\/posts"}],"about":[{"href":"https:\/\/aconteceemmacaeeregiao.com.br\/index.php\/wp-json\/wp\/v2\/types\/post"}],"author":[{"embeddable":true,"href":"https:\/\/aconteceemmacaeeregiao.com.br\/index.php\/wp-json\/wp\/v2\/users\/2"}],"replies":[{"embeddable":true,"href":"https:\/\/aconteceemmacaeeregiao.com.br\/index.php\/wp-json\/wp\/v2\/comments?post=11123"}],"version-history":[{"count":0,"href":"https:\/\/aconteceemmacaeeregiao.com.br\/index.php\/wp-json\/wp\/v2\/posts\/11123\/revisions"}],"wp:featuredmedia":[{"embeddable":true,"href":"https:\/\/aconteceemmacaeeregiao.com.br\/index.php\/wp-json\/wp\/v2\/media\/11126"}],"wp:attachment":[{"href":"https:\/\/aconteceemmacaeeregiao.com.br\/index.php\/wp-json\/wp\/v2\/media?parent=11123"}],"wp:term":[{"taxonomy":"category","embeddable":true,"href":"https:\/\/aconteceemmacaeeregiao.com.br\/index.php\/wp-json\/wp\/v2\/categories?post=11123"},{"taxonomy":"post_tag","embeddable":true,"href":"https:\/\/aconteceemmacaeeregiao.com.br\/index.php\/wp-json\/wp\/v2\/tags?post=11123"}],"curies":[{"name":"wp","href":"https:\/\/api.w.org\/{rel}","templated":true}]}}