{"id":11178,"date":"2023-07-07T21:15:56","date_gmt":"2023-07-08T00:15:56","guid":{"rendered":"https:\/\/aconteceemmacaeeregiao.com.br\/?p=11178"},"modified":"2023-07-07T21:15:57","modified_gmt":"2023-07-08T00:15:57","slug":"seu-filho-e-chato-para-comer-os-pais-podem-ter-influencia","status":"publish","type":"post","link":"https:\/\/aconteceemmacaeeregiao.com.br\/index.php\/2023\/07\/07\/seu-filho-e-chato-para-comer-os-pais-podem-ter-influencia\/","title":{"rendered":"Seu filho \u00e9 chato para comer? Os pais podem ter influ\u00eancia"},"content":{"rendered":"\n<p><em>Carla Deliberato, fonoaudi\u00f3loga com experi\u00eancia em casos de seletividade alimentar, mostra a relev\u00e2ncia da interfer\u00eancia parental na alimenta\u00e7\u00e3o dos pequenos<\/em><\/p>\n\n\n\n<p>&#8220;Meu filho \u00e9 chato para comer&#8221;. Se voc\u00ea nunca ouviu essa frase, com certeza pelo menos conhece algu\u00e9m que j\u00e1 falou algo parecido. Quando as crian\u00e7as s\u00e3o pequenas \u00e9 normal que manifestem alguma estranheza em comer certos alimentos. A textura e o cheiro, por exemplo, acabam influenciando muito as caras feias dos pequenos na hora das refei\u00e7\u00f5es.<\/p>\n\n\n\n<p>Estudos realizados pelo Cenda mostram que de 3 a 5 m\u00e3es de cada 10 dizem que o filho tem ou teve problemas importantes de alimenta\u00e7\u00e3o. &#8220;A seletividade alimentar \u00e9 algo inerente \u00e0 crian\u00e7a e tem v\u00e1rios motivos, a participa\u00e7\u00e3o dos&nbsp; pais \u00e9 com certeza uma delas&#8221;, explica a fonoaudi\u00f3loga, especialista em motricidade oral com experi\u00eancia em casos de recusa e seletividade alimentar, Carla Deliberato.<\/p>\n\n\n\n<p>Muitos acreditam plenamente naquele achismo passado de gera\u00e7\u00e3o em gera\u00e7\u00e3o que diz que a seletividade alimentar e a recusa por determinados alimentos pelos pequenos \u00e9 uma fase e que isso passa. No entanto, isso n\u00e3o \u00e9 uma verdade como pode parecer e respons\u00e1veis pelas crian\u00e7as&nbsp; precisam sim dedicar tempo e aten\u00e7\u00e3o ao momento das refei\u00e7\u00f5es.<\/p>\n\n\n\n<p>Com a correira do dia a dia, os respons\u00e1veis podem negligenciar o momento de comer com os filhos.&nbsp;Durante o desenvolvimento do paladar da crian\u00e7a, tudo que ela experimenta \u00e9 novidade e \u00e9 extremamente crucial que introduzam alimentos saud\u00e1veis para as crian\u00e7as, mesmo que elas fa\u00e7am birra e se recusem a comer.&nbsp;<\/p>\n\n\n\n<p>&#8220;\u00c9 necess\u00e1rio introduzir a refei\u00e7\u00e3o ao menos 12 vezes, apresentando para a crian\u00e7a o mesmo ingrediente preparado de formas diferentes para ter certeza de que ela realmente n\u00e3o gosta&#8221;, comenta a especialista.<\/p>\n\n\n\n<p>Cada vez mais vemos crian\u00e7as com acesso \u00e0 tablets, computadores e celulares. \u00c0s vezes, o erro das m\u00e3es \u00e9 acreditar que as telas s\u00e3o uma alternativa, uma \u00f3tima op\u00e7\u00e3o para entreter os pequenos na hora da refei\u00e7\u00e3o, mas a pr\u00e1tica pode ser perigosa.<\/p>\n\n\n\n<p>&#8220;Quando a crian\u00e7a est\u00e1 na frente de uma tela, toda a concentra\u00e7\u00e3o est\u00e1 naquilo que ela est\u00e1 vendo e ouvindo, quando na verdade deveria estar com o foco total nos alimentos que est\u00e1 consumindo&#8221;, ressalta a fonoaudi\u00f3loga.&nbsp;&nbsp;<\/p>\n\n\n\n<p>&#8220;Evite se estressar quando seu filho se recusar a experimentar novos alimentos. Tente apresent\u00e1-los de maneira criativa e divertida, como cortando em formatos engra\u00e7ados ou envolvendo seu filho no processo de cozimento. Seja paciente e continue oferecendo novos alimentos ao longo do tempo&#8221;, finaliza Carla.<\/p>\n","protected":false},"excerpt":{"rendered":"<p>Carla Deliberato, fonoaudi\u00f3loga com experi\u00eancia em casos de seletividade alimentar, mostra a relev\u00e2ncia da interfer\u00eancia parental na alimenta\u00e7\u00e3o dos pequenos &#8220;Meu filho \u00e9 chato para comer&#8221;. Se voc\u00ea nunca ouviu essa frase, com certeza pelo menos conhece algu\u00e9m que j\u00e1 falou algo parecido. Quando as crian\u00e7as s\u00e3o pequenas \u00e9 normal que manifestem alguma estranheza em [&hellip;]<\/p>\n","protected":false},"author":2,"featured_media":11180,"comment_status":"closed","ping_status":"closed","sticky":false,"template":"","format":"standard","meta":{"postBodyCss":"","postBodyMargin":[],"postBodyPadding":[],"postBodyBackground":{"backgroundType":"classic","gradient":""},"footnotes":""},"categories":[78],"tags":[153,241],"class_list":["post-11178","post","type-post","status-publish","format-standard","has-post-thumbnail","hentry","category-saude","tag-alimentos","tag-criancas"],"aioseo_notices":[],"_links":{"self":[{"href":"https:\/\/aconteceemmacaeeregiao.com.br\/index.php\/wp-json\/wp\/v2\/posts\/11178","targetHints":{"allow":["GET"]}}],"collection":[{"href":"https:\/\/aconteceemmacaeeregiao.com.br\/index.php\/wp-json\/wp\/v2\/posts"}],"about":[{"href":"https:\/\/aconteceemmacaeeregiao.com.br\/index.php\/wp-json\/wp\/v2\/types\/post"}],"author":[{"embeddable":true,"href":"https:\/\/aconteceemmacaeeregiao.com.br\/index.php\/wp-json\/wp\/v2\/users\/2"}],"replies":[{"embeddable":true,"href":"https:\/\/aconteceemmacaeeregiao.com.br\/index.php\/wp-json\/wp\/v2\/comments?post=11178"}],"version-history":[{"count":0,"href":"https:\/\/aconteceemmacaeeregiao.com.br\/index.php\/wp-json\/wp\/v2\/posts\/11178\/revisions"}],"wp:featuredmedia":[{"embeddable":true,"href":"https:\/\/aconteceemmacaeeregiao.com.br\/index.php\/wp-json\/wp\/v2\/media\/11180"}],"wp:attachment":[{"href":"https:\/\/aconteceemmacaeeregiao.com.br\/index.php\/wp-json\/wp\/v2\/media?parent=11178"}],"wp:term":[{"taxonomy":"category","embeddable":true,"href":"https:\/\/aconteceemmacaeeregiao.com.br\/index.php\/wp-json\/wp\/v2\/categories?post=11178"},{"taxonomy":"post_tag","embeddable":true,"href":"https:\/\/aconteceemmacaeeregiao.com.br\/index.php\/wp-json\/wp\/v2\/tags?post=11178"}],"curies":[{"name":"wp","href":"https:\/\/api.w.org\/{rel}","templated":true}]}}