{"id":11189,"date":"2023-07-10T22:29:39","date_gmt":"2023-07-11T01:29:39","guid":{"rendered":"https:\/\/aconteceemmacaeeregiao.com.br\/?p=11189"},"modified":"2023-07-10T22:29:40","modified_gmt":"2023-07-11T01:29:40","slug":"prefeitura-de-macae-divulga-205-vagas-de-emprego","status":"publish","type":"post","link":"https:\/\/aconteceemmacaeeregiao.com.br\/index.php\/2023\/07\/10\/prefeitura-de-macae-divulga-205-vagas-de-emprego\/","title":{"rendered":"Prefeitura de Maca\u00e9 divulga 205 vagas de emprego"},"content":{"rendered":"\n<p>A semana come\u00e7a com 205 oportunidades de emprego para diversas \u00e1reas e n\u00edveis de escolaridade. A Secretaria de Trabalho e Renda de Maca\u00e9 informa que a lista completa com as vagas est\u00e1 dispon\u00edvel no site oficial da prefeitura.<\/p>\n\n\n\n<p>Dentre as fun\u00e7\u00f5es, h\u00e1 vagas para recepcionista de cl\u00ednica m\u00e9dica, professor de inform\u00e1tica, marceneiro, auxiliar de servi\u00e7os gerais, fiscal de caixa, piscineiro, ajudante de cozinha, eletricista irata, engenheiro de servi\u00e7os j\u00fanior e s\u00eanior, mec\u00e2nico de manuten\u00e7\u00e3o e opera\u00e7\u00e3o, servente de obras, gerente, chefe de cozinha, atendente de sorveteria, professor de ingl\u00eas, balconista, entre outras.<br><br>Os interessados em concorrer \u00e0s vagas podem se dirigir \u00e0 sede da Central do Trabalhador, que funciona no Edif\u00edcio Comercial Lotus, na Avenida Nossa Senhora da Gl\u00f3ria, 1181, Praia Campista, de 8h \u00e0s 17h. Caso n\u00e3o encontre uma vaga que se encaixe no perfil desejado, \u00e9 poss\u00edvel fazer um cadastro de forma online.<br><a href=\"https:\/\/sistemas.macae.rj.gov.br:84\/semtre\/interno\/interno\/muralexterno.php\">Clique e confira a lista completa:<\/a><br>Seguem os links de acesso aos servi\u00e7os da Secretaria de Trabalho e Renda:<br>Ao empres\u00e1rio:\u00a0<a href=\"https:\/\/sistemas.macae.rj.gov.br:84\/trabalhoerenda\/\">cadastrar vagas de emprego.<\/a><br>Ao trabalhador:\u00a0<a href=\"https:\/\/sistemas.macae.rj.gov.br:84\/trabalhoerenda\/\">efetuar o cadastro para vagas de emprego.<\/a><\/p>\n\n\n\n<p><em>Por jornalista: Genimarta Oliveira\/ Secom Pref de Maca\u00e9<\/em><\/p>\n","protected":false},"excerpt":{"rendered":"<p>A semana come\u00e7a com 205 oportunidades de emprego para diversas \u00e1reas e n\u00edveis de escolaridade. A Secretaria de Trabalho e Renda de Maca\u00e9 informa que a lista completa com as vagas est\u00e1 dispon\u00edvel no site oficial da prefeitura. Dentre as fun\u00e7\u00f5es, h\u00e1 vagas para recepcionista de cl\u00ednica m\u00e9dica, professor de inform\u00e1tica, marceneiro, auxiliar de servi\u00e7os [&hellip;]<\/p>\n","protected":false},"author":2,"featured_media":11191,"comment_status":"closed","ping_status":"closed","sticky":false,"template":"","format":"standard","meta":{"postBodyCss":"","postBodyMargin":[],"postBodyPadding":[],"postBodyBackground":{"backgroundType":"classic","gradient":""},"footnotes":""},"categories":[73,42],"tags":[77,82,87],"class_list":["post-11189","post","type-post","status-publish","format-standard","has-post-thumbnail","hentry","category-emprego","category-macae","tag-emprego","tag-oportunidade","tag-vagas"],"aioseo_notices":[],"_links":{"self":[{"href":"https:\/\/aconteceemmacaeeregiao.com.br\/index.php\/wp-json\/wp\/v2\/posts\/11189","targetHints":{"allow":["GET"]}}],"collection":[{"href":"https:\/\/aconteceemmacaeeregiao.com.br\/index.php\/wp-json\/wp\/v2\/posts"}],"about":[{"href":"https:\/\/aconteceemmacaeeregiao.com.br\/index.php\/wp-json\/wp\/v2\/types\/post"}],"author":[{"embeddable":true,"href":"https:\/\/aconteceemmacaeeregiao.com.br\/index.php\/wp-json\/wp\/v2\/users\/2"}],"replies":[{"embeddable":true,"href":"https:\/\/aconteceemmacaeeregiao.com.br\/index.php\/wp-json\/wp\/v2\/comments?post=11189"}],"version-history":[{"count":0,"href":"https:\/\/aconteceemmacaeeregiao.com.br\/index.php\/wp-json\/wp\/v2\/posts\/11189\/revisions"}],"wp:featuredmedia":[{"embeddable":true,"href":"https:\/\/aconteceemmacaeeregiao.com.br\/index.php\/wp-json\/wp\/v2\/media\/11191"}],"wp:attachment":[{"href":"https:\/\/aconteceemmacaeeregiao.com.br\/index.php\/wp-json\/wp\/v2\/media?parent=11189"}],"wp:term":[{"taxonomy":"category","embeddable":true,"href":"https:\/\/aconteceemmacaeeregiao.com.br\/index.php\/wp-json\/wp\/v2\/categories?post=11189"},{"taxonomy":"post_tag","embeddable":true,"href":"https:\/\/aconteceemmacaeeregiao.com.br\/index.php\/wp-json\/wp\/v2\/tags?post=11189"}],"curies":[{"name":"wp","href":"https:\/\/api.w.org\/{rel}","templated":true}]}}