{"id":11339,"date":"2023-07-14T21:23:59","date_gmt":"2023-07-15T00:23:59","guid":{"rendered":"https:\/\/aconteceemmacaeeregiao.com.br\/?p=11339"},"modified":"2023-07-14T21:23:59","modified_gmt":"2023-07-15T00:23:59","slug":"mercado-sebastiao-lan-em-cabo-frio-recebe-festa-julina-no-proximo-domingo-16","status":"publish","type":"post","link":"https:\/\/aconteceemmacaeeregiao.com.br\/index.php\/2023\/07\/14\/mercado-sebastiao-lan-em-cabo-frio-recebe-festa-julina-no-proximo-domingo-16\/","title":{"rendered":"Mercado Sebasti\u00e3o Lan, em Cabo Frio, recebe Festa Julina no pr\u00f3ximo domingo (16)"},"content":{"rendered":"\n<p><em>Confraterniza\u00e7\u00e3o entre feirantes e frequentadores ter\u00e1 barracas de comidas t\u00edpicas e m\u00fasica ao vivo<\/em><\/p>\n\n\n\n<p>O clima de \u201carrai\u00e1\u201d vai tomar conta do Mercado Municipal Sebasti\u00e3o Lan, em Cabo Frio, no pr\u00f3ximo domingo (16), quando ser\u00e1 promovida uma festa julina para confraterniza\u00e7\u00e3o entre os feirantes e os frequentadores do espa\u00e7o.<\/p>\n\n\n\n<p>O evento ser\u00e1 realizado no hor\u00e1rio de funcionamento da feira, das 7h \u00e0s 17h, com direito \u00e0 decora\u00e7\u00e3o tradicional; comidas t\u00edpicas; e muita m\u00fasica ao vivo, a partir do meio-dia.<\/p>\n\n\n\n<p>A secret\u00e1ria de Agricultura e Pesca, Katyuscia Brito, falou da import\u00e2ncia da celebra\u00e7\u00e3o, como forma de fomentar a atividade econ\u00f4mica no espa\u00e7o.<\/p>\n\n\n\n<p>\u201cResolvemos fazer essa festinha em um dia normal de feira justamente para que as pessoas que j\u00e1 tem o h\u00e1bito de frequentar possam participar, al\u00e9m de que a ideia \u00e9 que a divulga\u00e7\u00e3o do card\u00e1pio com comidas t\u00edpicas, e a m\u00fasica ao vivo, ajudem a aumentar o movimento na feira e, dessa forma, o lucro de todos os feirantes\u201d, explica Katyuscia.<\/p>\n\n\n\n<p>O Mercado Sebasti\u00e3o Lan fica na Rua Inglaterra, s\/n, no bairro Jardim Cai\u00e7ara.<\/p>\n\n\n\n<p><em>Por Secom Pref de Cabo Frio<\/em><\/p>\n","protected":false},"excerpt":{"rendered":"<p>Confraterniza\u00e7\u00e3o entre feirantes e frequentadores ter\u00e1 barracas de comidas t\u00edpicas e m\u00fasica ao vivo O clima de \u201carrai\u00e1\u201d vai tomar conta do Mercado Municipal Sebasti\u00e3o Lan, em Cabo Frio, no pr\u00f3ximo domingo (16), quando ser\u00e1 promovida uma festa julina para confraterniza\u00e7\u00e3o entre os feirantes e os frequentadores do espa\u00e7o. O evento ser\u00e1 realizado no hor\u00e1rio [&hellip;]<\/p>\n","protected":false},"author":2,"featured_media":11341,"comment_status":"closed","ping_status":"closed","sticky":false,"template":"","format":"standard","meta":{"postBodyCss":"","postBodyMargin":[],"postBodyPadding":[],"postBodyBackground":{"backgroundType":"classic","gradient":""},"footnotes":""},"categories":[155,46,200,43],"tags":[65],"class_list":["post-11339","post","type-post","status-publish","format-standard","has-post-thumbnail","hentry","category-cabo-frio","category-diversao","category-evento","category-regiao","tag-festa-caipira"],"aioseo_notices":[],"_links":{"self":[{"href":"https:\/\/aconteceemmacaeeregiao.com.br\/index.php\/wp-json\/wp\/v2\/posts\/11339","targetHints":{"allow":["GET"]}}],"collection":[{"href":"https:\/\/aconteceemmacaeeregiao.com.br\/index.php\/wp-json\/wp\/v2\/posts"}],"about":[{"href":"https:\/\/aconteceemmacaeeregiao.com.br\/index.php\/wp-json\/wp\/v2\/types\/post"}],"author":[{"embeddable":true,"href":"https:\/\/aconteceemmacaeeregiao.com.br\/index.php\/wp-json\/wp\/v2\/users\/2"}],"replies":[{"embeddable":true,"href":"https:\/\/aconteceemmacaeeregiao.com.br\/index.php\/wp-json\/wp\/v2\/comments?post=11339"}],"version-history":[{"count":0,"href":"https:\/\/aconteceemmacaeeregiao.com.br\/index.php\/wp-json\/wp\/v2\/posts\/11339\/revisions"}],"wp:featuredmedia":[{"embeddable":true,"href":"https:\/\/aconteceemmacaeeregiao.com.br\/index.php\/wp-json\/wp\/v2\/media\/11341"}],"wp:attachment":[{"href":"https:\/\/aconteceemmacaeeregiao.com.br\/index.php\/wp-json\/wp\/v2\/media?parent=11339"}],"wp:term":[{"taxonomy":"category","embeddable":true,"href":"https:\/\/aconteceemmacaeeregiao.com.br\/index.php\/wp-json\/wp\/v2\/categories?post=11339"},{"taxonomy":"post_tag","embeddable":true,"href":"https:\/\/aconteceemmacaeeregiao.com.br\/index.php\/wp-json\/wp\/v2\/tags?post=11339"}],"curies":[{"name":"wp","href":"https:\/\/api.w.org\/{rel}","templated":true}]}}