{"id":11366,"date":"2023-07-17T21:19:25","date_gmt":"2023-07-18T00:19:25","guid":{"rendered":"https:\/\/aconteceemmacaeeregiao.com.br\/?p=11366"},"modified":"2023-07-17T21:19:26","modified_gmt":"2023-07-18T00:19:26","slug":"boa-mesa-e-eventos-culturais-e-esportivos-agitam-o-inverno-em-cabo-frio","status":"publish","type":"post","link":"https:\/\/aconteceemmacaeeregiao.com.br\/index.php\/2023\/07\/17\/boa-mesa-e-eventos-culturais-e-esportivos-agitam-o-inverno-em-cabo-frio\/","title":{"rendered":"Boa mesa e eventos culturais e esportivos agitam o inverno em Cabo Frio"},"content":{"rendered":"\n<p>A boa mesa de inverno e os eventos culturais e esportivos aguardam quem escolher Cabo Frio para curtir as f\u00e9rias de julho! Nos dias 22 e 23 tem a primeira edi\u00e7\u00e3o do Festival Sesc de Inverno, com shows de&nbsp;Mart&#8217;n\u00e1lia (22\/07) e Alceu Valen\u00e7a (23\/07), na Praia do Forte. No dia 30, a corrida Forte Run promete colocar os atletas para suarem em meio a belos cart\u00f5es-postais da cidade, como as praias das Dunas e do Foguete, al\u00e9m do Forte S\u00e3o Mateus. &#8220;Estamos muito felizes em sediar os eventos. E muito honrados pelo Sesc RJ ter escolhido Cabo Frio como uma das sedes do tradicional Festival de Inverno 2023&#8221;, comenta Maria In\u00eas Oliveros, presidente do Cabo Frio Convention &amp; Vistors Bureau. &nbsp;<\/p>\n\n\n\n<p><strong>Feijoada p\u00e9 na areia &nbsp;&nbsp;<\/strong><\/p>\n\n\n\n<p>Para os f\u00e3s de um dos pratos mais suculentos da gastronomia brasileira,&nbsp;o Hotel Premium Recanto da Passagem, na orla do bairro, oferece, todos os domingos, a feijoada com m\u00fasica ao vivo, das 12h \u00e0s 16h. O almo\u00e7o \u00e9 aberto ao p\u00fablico e servido no Snack Premium, espa\u00e7o de frente para o Canal, com bel\u00edssima vista. O prato serve duas pessoas e sai a R$ 75.&nbsp; De dar \u00e1gua na boca! As reservas podem ser feitas pelo whatsapp: (22) 9-9221- 2874.<\/p>\n\n\n\n<p>J\u00e1 aos s\u00e1bados, durante o m\u00eas de julho, o mesmo hotel oferece del\u00edcias de S\u00e3o Jo\u00e3o no Caf\u00e9 da Manh\u00e3 Junino, tamb\u00e9m&nbsp;aberto ao p\u00fablico. O buffet est\u00e1 dispon\u00edvel das 7h30 \u00e0s 10h30 e \u00e9 preciso fazer reserva pelo whatsapp: (22) 9-9221- 2874 (todos os dias, o hotel oferece caf\u00e9 da manh\u00e3 aberto ao p\u00fablico, mediante reserva).<\/p>\n\n\n\n<p>No charmoso restaurante Jos\u00e9, tamb\u00e9m na orla da Passagem, o menu de inverno convida a saborear os Fondues de Chocolate e de Queijo, dispon\u00edveis todos os dias, a R$ 89 para duas pessoas. E de segunda a quinta, a partir das 18h, os f\u00e3s de caldos e massas encontram uma deliciosa promo\u00e7\u00e3o, com as del\u00edcias saindo a pre\u00e7os especiais: caldos a partir de R$ 35, e massas, a partir de 59.<\/p>\n\n\n\n<p>J\u00e1 o Hotel Nova Onda, pertinho da praia do Forte, segue com o tradicional Caf\u00e9 Colonial, servido todos os dias, das 17h30 \u00e0s 22h. No buffet, dezenas de itens doces e salgados.<\/p>\n\n\n<div class=\"wp-block-image\">\n<figure class=\"aligncenter size-full\"><img fetchpriority=\"high\" decoding=\"async\" width=\"828\" height=\"550\" src=\"https:\/\/aconteceemmacaeeregiao.com.br\/wp-content\/uploads\/2023\/07\/Corrida-Forte-Run-2-Divulgacao-Seven.jpeg\" alt=\"\" class=\"wp-image-11368\" srcset=\"https:\/\/aconteceemmacaeeregiao.com.br\/wp-content\/uploads\/2023\/07\/Corrida-Forte-Run-2-Divulgacao-Seven.jpeg 828w, https:\/\/aconteceemmacaeeregiao.com.br\/wp-content\/uploads\/2023\/07\/Corrida-Forte-Run-2-Divulgacao-Seven-300x199.jpeg 300w, https:\/\/aconteceemmacaeeregiao.com.br\/wp-content\/uploads\/2023\/07\/Corrida-Forte-Run-2-Divulgacao-Seven-768x510.jpeg 768w\" sizes=\"(max-width: 828px) 100vw, 828px\" \/><\/figure>\n<\/div>\n\n\n<p><strong>Festival de Inverno &amp; Forte Run<\/strong><\/p>\n\n\n\n<p>A Praia do Forte ser\u00e1 palco dos shows de Mart&#8217;n\u00e1lia (22\/07) e Alceu Valen\u00e7a (23\/07), \u00e0s 20h. Antes disso, o DJ set Gira Vinil comandar\u00e1 a festa (22 e 23\/07, \u00e0s 18h).<\/p>\n\n\n\n<p>O p\u00fablico da cidade ainda poder\u00e1 assistir \u00e0 apresenta\u00e7\u00e3o do espet\u00e1culo circense &#8220;O Homem Foca&#8221; (22\/07, \u00e0s 16h); participar da experi\u00eancia &#8220;O Sumidouro de \u00c1greda&#8221;, por meio de \u00f3culos de realidade virtual (22 e 23\/07, das 15h \u00e0s 17h); e de batalhas de ritmos entre os Imperadores da Dan\u00e7a x GW Cia da Dan\u00e7a (23\/07, \u00e0s 16h); e apreciar a interven\u00e7\u00e3o de artes visuais &#8220;Vem Pra Luta Amada&#8221; (22 e 23\/07, das 15h \u00e0s 19h). Para os pequenos, &#8220;Ponto de Leitura e Media\u00e7\u00e3o de Leitura Criativa&#8221;, com Keker\u00ea Inf\u00e2ncias (22 e 23\/07, das 15h \u00e0s 17h).<\/p>\n\n\n\n<p>J\u00e1 a turma da corrida tem encontro marcado dia 30, na Forte Run. A competi\u00e7\u00e3o de 6 e 12 km (e, tamb\u00e9m, Caminhada 3km) percorre belos cart\u00f5es-postais da cidade, como&nbsp;o Canal do Itajuru, o Bairro da Passagem, a orla da praia do Forte e o Forte S\u00e3o Mateus. As inscri\u00e7\u00f5es j\u00e1 est\u00e3o abertas e podem ser feita pelo link&nbsp;<a href=\"https:\/\/meelink.bio\/seven\" target=\"_blank\" rel=\"noreferrer noopener\">https:\/\/meelink.bio\/seven<\/a>.<\/p>\n","protected":false},"excerpt":{"rendered":"<p>A boa mesa de inverno e os eventos culturais e esportivos aguardam quem escolher Cabo Frio para curtir as f\u00e9rias de julho! Nos dias 22 e 23 tem a primeira edi\u00e7\u00e3o do Festival Sesc de Inverno, com shows de&nbsp;Mart&#8217;n\u00e1lia (22\/07) e Alceu Valen\u00e7a (23\/07), na Praia do Forte. No dia 30, a corrida Forte Run [&hellip;]<\/p>\n","protected":false},"author":2,"featured_media":11369,"comment_status":"closed","ping_status":"closed","sticky":false,"template":"","format":"standard","meta":{"postBodyCss":"","postBodyMargin":[],"postBodyPadding":[],"postBodyBackground":{"backgroundType":"classic","gradient":""},"footnotes":""},"categories":[155,86,200,43],"tags":[106,660,184],"class_list":["post-11366","post","type-post","status-publish","format-standard","has-post-thumbnail","hentry","category-cabo-frio","category-cultura","category-evento","category-regiao","tag-cultural","tag-esportivo","tag-gastronomia"],"aioseo_notices":[],"_links":{"self":[{"href":"https:\/\/aconteceemmacaeeregiao.com.br\/index.php\/wp-json\/wp\/v2\/posts\/11366","targetHints":{"allow":["GET"]}}],"collection":[{"href":"https:\/\/aconteceemmacaeeregiao.com.br\/index.php\/wp-json\/wp\/v2\/posts"}],"about":[{"href":"https:\/\/aconteceemmacaeeregiao.com.br\/index.php\/wp-json\/wp\/v2\/types\/post"}],"author":[{"embeddable":true,"href":"https:\/\/aconteceemmacaeeregiao.com.br\/index.php\/wp-json\/wp\/v2\/users\/2"}],"replies":[{"embeddable":true,"href":"https:\/\/aconteceemmacaeeregiao.com.br\/index.php\/wp-json\/wp\/v2\/comments?post=11366"}],"version-history":[{"count":0,"href":"https:\/\/aconteceemmacaeeregiao.com.br\/index.php\/wp-json\/wp\/v2\/posts\/11366\/revisions"}],"wp:featuredmedia":[{"embeddable":true,"href":"https:\/\/aconteceemmacaeeregiao.com.br\/index.php\/wp-json\/wp\/v2\/media\/11369"}],"wp:attachment":[{"href":"https:\/\/aconteceemmacaeeregiao.com.br\/index.php\/wp-json\/wp\/v2\/media?parent=11366"}],"wp:term":[{"taxonomy":"category","embeddable":true,"href":"https:\/\/aconteceemmacaeeregiao.com.br\/index.php\/wp-json\/wp\/v2\/categories?post=11366"},{"taxonomy":"post_tag","embeddable":true,"href":"https:\/\/aconteceemmacaeeregiao.com.br\/index.php\/wp-json\/wp\/v2\/tags?post=11366"}],"curies":[{"name":"wp","href":"https:\/\/api.w.org\/{rel}","templated":true}]}}