{"id":11426,"date":"2023-07-19T20:52:38","date_gmt":"2023-07-19T23:52:38","guid":{"rendered":"https:\/\/aconteceemmacaeeregiao.com.br\/?p=11426"},"modified":"2023-07-19T20:52:38","modified_gmt":"2023-07-19T23:52:38","slug":"evento-celebra-o-dia-da-mulher-negra-latino-americana-e-caribenha","status":"publish","type":"post","link":"https:\/\/aconteceemmacaeeregiao.com.br\/index.php\/2023\/07\/19\/evento-celebra-o-dia-da-mulher-negra-latino-americana-e-caribenha\/","title":{"rendered":"Evento celebra o Dia da Mulher Negra, Latino-americana e Caribenha"},"content":{"rendered":"\n<p>Internacionalmente o dia 25 de julho marca o Dia da Mulher Negra, Latino-americana e Caribenha e tamb\u00e9m o dia de Tereza de Benguela. Para celebrar a data, a Secretaria de Pol\u00edticas para as Mulheres promove, nesta quinta-feira (20), o evento &#8220;Mulheres que fazem hist\u00f3ria&#8221;, a partir das 18 horas, na sede da pasta.<\/p>\n\n\n\n<p>Para falar sobre o tema, foram convidadas a cientista social, mestre e doutorando em Sociologia Pol\u00edtica e militante do movimento negro, Carine Passos; e Maria da Concei\u00e7\u00e3o Franco, graduada em Hist\u00f3ria, mestre e doutora em Hist\u00f3ria Social, que desenvolve pesquisas na \u00e1rea de Hist\u00f3ria Regional com \u00eanfase em escravid\u00e3o, religiosidades e hist\u00f3ria da morte.<br><br>O m\u00eas de julho \u00e9 tradicionalmente um momento de fortalecimento da a\u00e7\u00e3o pol\u00edtica coletiva e da autonomia das mulheres negras na sociedade. &#8220;E o dia 25 \u00e9 uma data muito importante em que a gente chama a aten\u00e7\u00e3o para as demandas das mulheres negras, para aquilo que a gente tem para apresentar \u00e0 sociedade enquanto processo de luta e de pensar uma nova sociedade a partir do nosso olhar&#8221;, esclarece a cientista social Carine Passos.<br><br>O movimento ocorre desde 2013, com pautas que evidenciam o combate ao racismo e a necessidade da equidade de g\u00eanero, como destaca a secret\u00e1ria de pol\u00edticas para as Mulheres, Sheila Juv\u00eancio. &#8220;Somos n\u00f3s, mulheres negras, assumindo nossas pr\u00f3prias narrativas, para dar visibilidade \u00e0s nossas hist\u00f3rias e nossas lutas&#8221;, ressalta.<br><br>O evento \u00e9 aberto ao p\u00fablico em geral, mas \u00e9 necess\u00e1rio realizar inscri\u00e7\u00e3o antecipada atrav\u00e9s do formul\u00e1rio\u00a0<a href=\"https:\/\/forms.gle\/1JRuiSx87hXCSbrNA\"><strong>https:\/\/forms.gle\/1JRuiSx87hXCSbrNA<\/strong><\/a>. A Secretaria de Pol\u00edticas para as Mulheres est\u00e1 localizada \u00e0 Rua Doutor Luiz Bellegard, 139, Imbetiba.<\/p>\n\n\n\n<p><em>Por jornalista Cris Rosa\/Secom Pref Maca\u00e9<\/em><\/p>\n","protected":false},"excerpt":{"rendered":"<p>Internacionalmente o dia 25 de julho marca o Dia da Mulher Negra, Latino-americana e Caribenha e tamb\u00e9m o dia de Tereza de Benguela. Para celebrar a data, a Secretaria de Pol\u00edticas para as Mulheres promove, nesta quinta-feira (20), o evento &#8220;Mulheres que fazem hist\u00f3ria&#8221;, a partir das 18 horas, na sede da pasta. Para falar [&hellip;]<\/p>\n","protected":false},"author":2,"featured_media":11428,"comment_status":"closed","ping_status":"closed","sticky":false,"template":"","format":"standard","meta":{"postBodyCss":"","postBodyMargin":[],"postBodyPadding":[],"postBodyBackground":{"backgroundType":"classic","gradient":""},"footnotes":""},"categories":[86,200,42],"tags":[666,120,647],"class_list":["post-11426","post","type-post","status-publish","format-standard","has-post-thumbnail","hentry","category-cultura","category-evento","category-macae","tag-latino-americana","tag-mulher","tag-negras"],"aioseo_notices":[],"_links":{"self":[{"href":"https:\/\/aconteceemmacaeeregiao.com.br\/index.php\/wp-json\/wp\/v2\/posts\/11426","targetHints":{"allow":["GET"]}}],"collection":[{"href":"https:\/\/aconteceemmacaeeregiao.com.br\/index.php\/wp-json\/wp\/v2\/posts"}],"about":[{"href":"https:\/\/aconteceemmacaeeregiao.com.br\/index.php\/wp-json\/wp\/v2\/types\/post"}],"author":[{"embeddable":true,"href":"https:\/\/aconteceemmacaeeregiao.com.br\/index.php\/wp-json\/wp\/v2\/users\/2"}],"replies":[{"embeddable":true,"href":"https:\/\/aconteceemmacaeeregiao.com.br\/index.php\/wp-json\/wp\/v2\/comments?post=11426"}],"version-history":[{"count":0,"href":"https:\/\/aconteceemmacaeeregiao.com.br\/index.php\/wp-json\/wp\/v2\/posts\/11426\/revisions"}],"wp:featuredmedia":[{"embeddable":true,"href":"https:\/\/aconteceemmacaeeregiao.com.br\/index.php\/wp-json\/wp\/v2\/media\/11428"}],"wp:attachment":[{"href":"https:\/\/aconteceemmacaeeregiao.com.br\/index.php\/wp-json\/wp\/v2\/media?parent=11426"}],"wp:term":[{"taxonomy":"category","embeddable":true,"href":"https:\/\/aconteceemmacaeeregiao.com.br\/index.php\/wp-json\/wp\/v2\/categories?post=11426"},{"taxonomy":"post_tag","embeddable":true,"href":"https:\/\/aconteceemmacaeeregiao.com.br\/index.php\/wp-json\/wp\/v2\/tags?post=11426"}],"curies":[{"name":"wp","href":"https:\/\/api.w.org\/{rel}","templated":true}]}}