{"id":11430,"date":"2023-07-19T21:59:23","date_gmt":"2023-07-20T00:59:23","guid":{"rendered":"https:\/\/aconteceemmacaeeregiao.com.br\/?p=11430"},"modified":"2023-07-19T21:59:24","modified_gmt":"2023-07-20T00:59:24","slug":"corredor-ecologico-garante-a-macae-maior-programa-de-reflorestamento-do-estado","status":"publish","type":"post","link":"https:\/\/aconteceemmacaeeregiao.com.br\/index.php\/2023\/07\/19\/corredor-ecologico-garante-a-macae-maior-programa-de-reflorestamento-do-estado\/","title":{"rendered":"Corredor Ecol\u00f3gico garante a Maca\u00e9 maior programa de reflorestamento do Estado"},"content":{"rendered":"\n<p>Os 14 quil\u00f4metros de recomposi\u00e7\u00e3o de vegeta\u00e7\u00e3o nativa da Mata Atl\u00e2ntica, que integra as \u00e1reas do Parque Atalaia \u00e0 Reserva Biol\u00f3gica da Uni\u00e3o (REBio), representam o maior programa de reflorestamento da regi\u00e3o que ser\u00e1 entregue nesta quinta-feira (20) em a\u00e7\u00e3o conjunta entre a prefeitura de Maca\u00e9 e o governo do Estado.<\/p>\n\n\n\n<p>Ao promover a recomposi\u00e7\u00e3o de cerca de 30 hectares de vegeta\u00e7\u00e3o compreendida entre as Fazendas Tr\u00eas Marias e Barrancas, o Corredor Ecol\u00f3gico garante a prote\u00e7\u00e3o das nascentes de mananciais que comp\u00f5em a Bacia do Rio Maca\u00e9, assegurando assim a renova\u00e7\u00e3o das \u00e1guas e promovendo a seguran\u00e7a h\u00eddrica para a popula\u00e7\u00e3o de Maca\u00e9 e da regi\u00e3o.<br><br><strong>Esta iniciativa<\/strong><br><br>Iniciado em dezembro de 2021, o reflorestamento que d\u00e1 origem ao Corredor Ecol\u00f3gico Parque Atalaia \u2013 REBio Uni\u00e3o ser\u00e1 oficialmente conclu\u00eddo nesta quinta-feira, em solenidade que reunir\u00e1 o prefeito Welberth Rezende; o vice-governador e Secret\u00e1rio Estadual do Ambiente e Sustentabilidade, Thiago Pampolha; junto ao presidente do Instituto Estadual do Ambiente (INEA), Philipe Campello.<br><br>O Corredor Ecol\u00f3gico \u00e9 fruto de contrapartida assumida pelo grupo empreendedor do Tepor \u2013 novo porto de Maca\u00e9, como medida compensat\u00f3ria para a constru\u00e7\u00e3o de linhas de dutos de g\u00e1s. A medida permite a conex\u00e3o entre as \u00e1reas das duas principais reservas da Mata Atl\u00e2ntica da regi\u00e3o, integrando assim animais de diversas esp\u00e9cies nativas do ecossistema local.<\/p>\n\n\n\n<p><em>Por ornalista M\u00e1rcio Siqueira\/ Secom Pref Maca\u00e9<\/em><\/p>\n","protected":false},"excerpt":{"rendered":"<p>Os 14 quil\u00f4metros de recomposi\u00e7\u00e3o de vegeta\u00e7\u00e3o nativa da Mata Atl\u00e2ntica, que integra as \u00e1reas do Parque Atalaia \u00e0 Reserva Biol\u00f3gica da Uni\u00e3o (REBio), representam o maior programa de reflorestamento da regi\u00e3o que ser\u00e1 entregue nesta quinta-feira (20) em a\u00e7\u00e3o conjunta entre a prefeitura de Maca\u00e9 e o governo do Estado. Ao promover a recomposi\u00e7\u00e3o [&hellip;]<\/p>\n","protected":false},"author":2,"featured_media":11103,"comment_status":"closed","ping_status":"closed","sticky":false,"template":"","format":"standard","meta":{"postBodyCss":"","postBodyMargin":[],"postBodyPadding":[],"postBodyBackground":{"backgroundType":"classic","gradient":""},"footnotes":""},"categories":[42,67],"tags":[667,195,385],"class_list":["post-11430","post","type-post","status-publish","format-standard","has-post-thumbnail","hentry","category-macae","category-meio-ambiente","tag-mata-atlantica","tag-parque-atalaia","tag-preservacao"],"aioseo_notices":[],"_links":{"self":[{"href":"https:\/\/aconteceemmacaeeregiao.com.br\/index.php\/wp-json\/wp\/v2\/posts\/11430","targetHints":{"allow":["GET"]}}],"collection":[{"href":"https:\/\/aconteceemmacaeeregiao.com.br\/index.php\/wp-json\/wp\/v2\/posts"}],"about":[{"href":"https:\/\/aconteceemmacaeeregiao.com.br\/index.php\/wp-json\/wp\/v2\/types\/post"}],"author":[{"embeddable":true,"href":"https:\/\/aconteceemmacaeeregiao.com.br\/index.php\/wp-json\/wp\/v2\/users\/2"}],"replies":[{"embeddable":true,"href":"https:\/\/aconteceemmacaeeregiao.com.br\/index.php\/wp-json\/wp\/v2\/comments?post=11430"}],"version-history":[{"count":0,"href":"https:\/\/aconteceemmacaeeregiao.com.br\/index.php\/wp-json\/wp\/v2\/posts\/11430\/revisions"}],"wp:featuredmedia":[{"embeddable":true,"href":"https:\/\/aconteceemmacaeeregiao.com.br\/index.php\/wp-json\/wp\/v2\/media\/11103"}],"wp:attachment":[{"href":"https:\/\/aconteceemmacaeeregiao.com.br\/index.php\/wp-json\/wp\/v2\/media?parent=11430"}],"wp:term":[{"taxonomy":"category","embeddable":true,"href":"https:\/\/aconteceemmacaeeregiao.com.br\/index.php\/wp-json\/wp\/v2\/categories?post=11430"},{"taxonomy":"post_tag","embeddable":true,"href":"https:\/\/aconteceemmacaeeregiao.com.br\/index.php\/wp-json\/wp\/v2\/tags?post=11430"}],"curies":[{"name":"wp","href":"https:\/\/api.w.org\/{rel}","templated":true}]}}