{"id":11433,"date":"2023-07-19T22:08:43","date_gmt":"2023-07-20T01:08:43","guid":{"rendered":"https:\/\/aconteceemmacaeeregiao.com.br\/?p=11433"},"modified":"2023-07-19T22:08:44","modified_gmt":"2023-07-20T01:08:44","slug":"macae-recebe-mostra-noite-de-cinema-brasil","status":"publish","type":"post","link":"https:\/\/aconteceemmacaeeregiao.com.br\/index.php\/2023\/07\/19\/macae-recebe-mostra-noite-de-cinema-brasil\/","title":{"rendered":"Maca\u00e9 recebe Mostra Noite de Cinema Brasil"},"content":{"rendered":"\n<p>Maca\u00e9 receber\u00e1 nesta sexta-feira (21), \u00e0s 19h, a Mostra Noite de Cinema Brasil. A programa\u00e7\u00e3o, que conta com o apoio da Prefeitura de Maca\u00e9, por meio da Secretaria de Cultura, vai exibir cinco filmes. A mostra audiovisual vai circular em seis cidades do Rio de Janeiro, al\u00e9m de Minas Gerais e Par\u00e1, e apresenta sess\u00f5es de cinema gratuitas, abertas ao p\u00fablico e com classifica\u00e7\u00e3o livre. Em Maca\u00e9, a mostra vai acontecer na Quadra de Esportes das Malvinas, situada na Rua Maria Jos\u00e9 Mahon Santos. Ser\u00e3o exibidos curtas e m\u00e9dias metragens nacionais, de diferentes g\u00eaneros, que retratam a diversidade cultural brasileira. S\u00e3o eles: Moleque (MG), Sobre Amizades e Bicicletas (PR), Colmeia (SP), O Menino Le\u00e3o e Menina Coruja (DF).<\/p>\n\n\n\n<p>Al\u00e9m de poder apreciar curtas nacionais, o p\u00fablico vai receber pipoca e refrigerante. Outras informa\u00e7\u00f5es est\u00e3o dispon\u00edveis no site\u00a0<a href=\"http:\/\/noitedecinema.com.br\/\"><strong>noitedecinema.com.br<\/strong><\/a>\u00a0e pelo perfil do Instagram (<a href=\"https:\/\/www.instagram.com\/noitedecinema\/\"><strong>@noitedecinema<\/strong><\/a>).<br><br>De acordo com o Secret\u00e1rio de Cultura, Leandro Mussi, a programa\u00e7\u00e3o tem um papel importante. &#8220;\u00c9 significativo na promo\u00e7\u00e3o e valoriza\u00e7\u00e3o do cinema brasileiro na cidade. Ao exibir uma variedade de filmes nacionais, incluindo produ\u00e7\u00f5es independentes aclamadas, a mostra oferece ao p\u00fablico local a oportunidade de apreciar a diversidade e a qualidade da cinematografia brasileira. Al\u00e9m disso, o evento contribui para fortalecer a identidade cultural da regi\u00e3o e fomentar o interesse pelo cinema nacional entre os moradores de Maca\u00e9&#8221;, ressaltou.<br><strong><br><br>Sobre a Mostra Noite de Cinema Brasil<\/strong><br><br>O cinema ao ar livre, a Mostra \u00e9 um desdobramento das a\u00e7\u00f5es do Coletivo Noite de Cinema, criado em 2012 por um grupo de amigos, no bairro Maria Helena (Belo Horizonte), com exibi\u00e7\u00f5es de filmes nas ruas e muros da regi\u00e3o. Com o tempo, come\u00e7aram as circula\u00e7\u00f5es em cidades da regi\u00e3o metropolitana e interior de Minas. Esta \u00e9 a primeira mostra com propor\u00e7\u00e3o nacional promovida pelo coletivo.<br><br>A proposta \u00e9 incentivar a popula\u00e7\u00e3o a apreciar e exercitar um olhar cr\u00edtico no universo do cinema. Outra finalidade \u00e9 promover a exibi\u00e7\u00e3o de produ\u00e7\u00f5es nacionais, de artistas independentes, que, em sua maioria, ficam de fora dos grandes circuitos e da cadeia comercial do cinema.<br><br>A Mostra Noite de Cinema Brasil \u00e9 uma a\u00e7\u00e3o do Coletivo Noite de Cinema. O projeto \u00e9 realizado atrav\u00e9s da Lei Federal de Incentivo \u00e0 Cultura (Lei Rouanet), com patroc\u00ednio master da WLM Scania, patroc\u00ednio da Honda Hayasa e Hypofarma, e apoio das prefeituras e institui\u00e7\u00f5es locais.<\/p>\n\n\n\n<p><em>Por jornalista Joice Trindade\/ Secom Pref Maca\u00e9<\/em><\/p>\n","protected":false},"excerpt":{"rendered":"<p>Maca\u00e9 receber\u00e1 nesta sexta-feira (21), \u00e0s 19h, a Mostra Noite de Cinema Brasil. A programa\u00e7\u00e3o, que conta com o apoio da Prefeitura de Maca\u00e9, por meio da Secretaria de Cultura, vai exibir cinco filmes. A mostra audiovisual vai circular em seis cidades do Rio de Janeiro, al\u00e9m de Minas Gerais e Par\u00e1, e apresenta sess\u00f5es [&hellip;]<\/p>\n","protected":false},"author":2,"featured_media":11435,"comment_status":"closed","ping_status":"closed","sticky":false,"template":"","format":"standard","meta":{"postBodyCss":"","postBodyMargin":[],"postBodyPadding":[],"postBodyBackground":{"backgroundType":"classic","gradient":""},"footnotes":""},"categories":[86,200,42],"tags":[262],"class_list":["post-11433","post","type-post","status-publish","format-standard","has-post-thumbnail","hentry","category-cultura","category-evento","category-macae","tag-cinema"],"aioseo_notices":[],"_links":{"self":[{"href":"https:\/\/aconteceemmacaeeregiao.com.br\/index.php\/wp-json\/wp\/v2\/posts\/11433","targetHints":{"allow":["GET"]}}],"collection":[{"href":"https:\/\/aconteceemmacaeeregiao.com.br\/index.php\/wp-json\/wp\/v2\/posts"}],"about":[{"href":"https:\/\/aconteceemmacaeeregiao.com.br\/index.php\/wp-json\/wp\/v2\/types\/post"}],"author":[{"embeddable":true,"href":"https:\/\/aconteceemmacaeeregiao.com.br\/index.php\/wp-json\/wp\/v2\/users\/2"}],"replies":[{"embeddable":true,"href":"https:\/\/aconteceemmacaeeregiao.com.br\/index.php\/wp-json\/wp\/v2\/comments?post=11433"}],"version-history":[{"count":0,"href":"https:\/\/aconteceemmacaeeregiao.com.br\/index.php\/wp-json\/wp\/v2\/posts\/11433\/revisions"}],"wp:featuredmedia":[{"embeddable":true,"href":"https:\/\/aconteceemmacaeeregiao.com.br\/index.php\/wp-json\/wp\/v2\/media\/11435"}],"wp:attachment":[{"href":"https:\/\/aconteceemmacaeeregiao.com.br\/index.php\/wp-json\/wp\/v2\/media?parent=11433"}],"wp:term":[{"taxonomy":"category","embeddable":true,"href":"https:\/\/aconteceemmacaeeregiao.com.br\/index.php\/wp-json\/wp\/v2\/categories?post=11433"},{"taxonomy":"post_tag","embeddable":true,"href":"https:\/\/aconteceemmacaeeregiao.com.br\/index.php\/wp-json\/wp\/v2\/tags?post=11433"}],"curies":[{"name":"wp","href":"https:\/\/api.w.org\/{rel}","templated":true}]}}