{"id":11437,"date":"2023-07-19T22:15:11","date_gmt":"2023-07-20T01:15:11","guid":{"rendered":"https:\/\/aconteceemmacaeeregiao.com.br\/?p=11437"},"modified":"2023-07-19T22:15:11","modified_gmt":"2023-07-20T01:15:11","slug":"preso-corretor-de-planos-de-saude-por-crimes-de-abuso-sexual-infanto-juvenil","status":"publish","type":"post","link":"https:\/\/aconteceemmacaeeregiao.com.br\/index.php\/2023\/07\/19\/preso-corretor-de-planos-de-saude-por-crimes-de-abuso-sexual-infanto-juvenil\/","title":{"rendered":"Preso corretor de planos de sa\u00fade por crimes de abuso sexual infanto-juvenil"},"content":{"rendered":"\n<p>Nesta ter\u00e7a-feira (18), policiais civis da Delegacia da Crian\u00e7a e do Adolescente V\u00edtima (DCAV) capturaram um corretor de planos de sa\u00fade, de 46 anos, pelos crimes de produ\u00e7\u00e3o e armazenamento de cenas de abuso sexual infanto-juvenil. A a\u00e7\u00e3o contou com apoio dos agentes da 123\u00aa DP, sob a coordena\u00e7\u00e3o do delegado titular, Dr. Pedro Em\u00edlio Braga; e da Pol\u00edcia Militar.<\/p>\n\n\n\n<p>As investiga\u00e7\u00f5es tiveram in\u00edcio em dezembro de 2022, ap\u00f3s a Pol\u00edcia Federal compartilhar informa\u00e7\u00f5es suspeitas relacionadas ao acusado. Segundo as informa\u00e7\u00f5es recebidas, o indiv\u00edduo estaria envolvido na produ\u00e7\u00e3o e armazenamento de imagens e v\u00eddeos contendo abuso sexual infanto-juvenil, mantendo o conte\u00fado armazenado em um servidor na &#8220;nuvem&#8221;.<\/p>\n\n\n\n<p>Durante as dilig\u00eancias, os policiais civis descobriram que uma das v\u00edtimas de abuso sexual era uma crian\u00e7a que convivia com o acusado, o que refor\u00e7ou as suspeitas de que ele tamb\u00e9m estaria envolvido na produ\u00e7\u00e3o desse tipo de material criminoso.<\/p>\n\n\n\n<p>Um mandado de busca e apreens\u00e3o foi cumprido na resid\u00eancia do acusado, localizada na comunidade Nova Holanda. Durante a opera\u00e7\u00e3o, foram encontrados materiais pornogr\u00e1ficos envolvendo crian\u00e7as, resultando na pris\u00e3o em flagrante do criminoso.<\/p>\n\n\n\n<p>A Pol\u00edcia Civil solicita a colabora\u00e7\u00e3o de todos para tornarmos MACA\u00c9 uma cidade mais segura.<\/p>\n\n\n\n<p>Denuncie pelo WhatsApp da 123\u00aa DP &#8211; Maca\u00e9 Tel.: (22) 98831 &#8211; 8043.<\/p>\n\n\n\n<p>O SIGILO \u00c9 GARANTIDO.<\/p>\n\n\n\n<p>&#8220;Pol\u00edcia Civil em defesa de\u00a0quem\u00a0precisar&#8221;.<\/p>\n\n\n\n<p><em>Por Secom Pol\u00edcia Civil RJ<\/em><\/p>\n","protected":false},"excerpt":{"rendered":"<p>Nesta ter\u00e7a-feira (18), policiais civis da Delegacia da Crian\u00e7a e do Adolescente V\u00edtima (DCAV) capturaram um corretor de planos de sa\u00fade, de 46 anos, pelos crimes de produ\u00e7\u00e3o e armazenamento de cenas de abuso sexual infanto-juvenil. A a\u00e7\u00e3o contou com apoio dos agentes da 123\u00aa DP, sob a coordena\u00e7\u00e3o do delegado titular, Dr. Pedro Em\u00edlio [&hellip;]<\/p>\n","protected":false},"author":2,"featured_media":11439,"comment_status":"closed","ping_status":"closed","sticky":false,"template":"","format":"standard","meta":{"postBodyCss":"","postBodyMargin":[],"postBodyPadding":[],"postBodyBackground":{"backgroundType":"classic","gradient":""},"footnotes":""},"categories":[47],"tags":[96,333,119],"class_list":["post-11437","post","type-post","status-publish","format-standard","has-post-thumbnail","hentry","category-ocorrencias","tag-123-dp","tag-abuso-sexual","tag-seguranca-publica"],"aioseo_notices":[],"_links":{"self":[{"href":"https:\/\/aconteceemmacaeeregiao.com.br\/index.php\/wp-json\/wp\/v2\/posts\/11437","targetHints":{"allow":["GET"]}}],"collection":[{"href":"https:\/\/aconteceemmacaeeregiao.com.br\/index.php\/wp-json\/wp\/v2\/posts"}],"about":[{"href":"https:\/\/aconteceemmacaeeregiao.com.br\/index.php\/wp-json\/wp\/v2\/types\/post"}],"author":[{"embeddable":true,"href":"https:\/\/aconteceemmacaeeregiao.com.br\/index.php\/wp-json\/wp\/v2\/users\/2"}],"replies":[{"embeddable":true,"href":"https:\/\/aconteceemmacaeeregiao.com.br\/index.php\/wp-json\/wp\/v2\/comments?post=11437"}],"version-history":[{"count":0,"href":"https:\/\/aconteceemmacaeeregiao.com.br\/index.php\/wp-json\/wp\/v2\/posts\/11437\/revisions"}],"wp:featuredmedia":[{"embeddable":true,"href":"https:\/\/aconteceemmacaeeregiao.com.br\/index.php\/wp-json\/wp\/v2\/media\/11439"}],"wp:attachment":[{"href":"https:\/\/aconteceemmacaeeregiao.com.br\/index.php\/wp-json\/wp\/v2\/media?parent=11437"}],"wp:term":[{"taxonomy":"category","embeddable":true,"href":"https:\/\/aconteceemmacaeeregiao.com.br\/index.php\/wp-json\/wp\/v2\/categories?post=11437"},{"taxonomy":"post_tag","embeddable":true,"href":"https:\/\/aconteceemmacaeeregiao.com.br\/index.php\/wp-json\/wp\/v2\/tags?post=11437"}],"curies":[{"name":"wp","href":"https:\/\/api.w.org\/{rel}","templated":true}]}}