{"id":11441,"date":"2023-07-19T22:34:38","date_gmt":"2023-07-20T01:34:38","guid":{"rendered":"https:\/\/aconteceemmacaeeregiao.com.br\/?p=11441"},"modified":"2023-07-19T22:34:39","modified_gmt":"2023-07-20T01:34:39","slug":"recode-microsoft-e-petrobras-unem-forcas-para-levar-a-tecnologia-as-escolas-publicas-brasileiras","status":"publish","type":"post","link":"https:\/\/aconteceemmacaeeregiao.com.br\/index.php\/2023\/07\/19\/recode-microsoft-e-petrobras-unem-forcas-para-levar-a-tecnologia-as-escolas-publicas-brasileiras\/","title":{"rendered":"Recode, Microsoft e Petrobras unem for\u00e7as para levar a tecnologia \u00e0s escolas p\u00fablicas brasileiras"},"content":{"rendered":"\n<p><em><strong>Projeto &#8220;Janelas para o Amanh\u00e3&#8221; refor\u00e7a a import\u00e2ncia do empoderamento digital no engajamento de alunos e professores<\/strong><\/em><\/p>\n\n\n\n<p>A iniciativa \u201cJanelas para o Amanh\u00e3\u201d, que h\u00e1 um ano e meio re\u00fane organiza\u00e7\u00f5es como a Recode e a Petrobras no empoderamento digital de professores e alunos de col\u00e9gios p\u00fablicos de tr\u00eas estados brasileiros, recebe um novo refor\u00e7o para levar a tecnologia ao ambiente escolar. A Microsoft agora faz parte do projeto, ajudando a beneficiar centenas de educadores e estudantes dos estados do Rio de Janeiro, de S\u00e3o Paulo e do Esp\u00edrito Santo.<\/p>\n\n\n\n<p>\u201cA tecnologia, se utilizada de maneira \u00e9tica e cidad\u00e3, pode ser uma grande aliada da sociedade. Essa coaliz\u00e3o pelo empoderamento digital vai ajudar a fortalecer a conex\u00e3o com os alunos, estimulando uma nova gera\u00e7\u00e3o de agentes de transforma\u00e7\u00e3o, que v\u00e3o poder multiplicar o conhecimento em seus bairros e comunidades\u201d, destaca o fundador e CEO da Recode, Rodrigo Baggio.<\/p>\n\n\n\n<p>O \u201cJanelas para Amanh\u00e3\u201d iniciou suas atividades em 2021, quando 280 escolas p\u00fablicas receberam a doa\u00e7\u00e3o de quase 9.000 computadores, refor\u00e7ando o acesso de estudantes e funcion\u00e1rios ao mundo digital. O projeto segue em opera\u00e7\u00e3o e j\u00e1 impactou centenas de alunos de Ensino M\u00e9dio e professores de todas as etapas de ensino com forma\u00e7\u00f5es sobre empoderamento digital.<\/p>\n\n\n\n<p>Ao longo de 2022, os estudantes receberam o apoio de educadores sociais da Recode em trilhas formativas gratuitas que abordaram temas que iam desde o b\u00e1sico do mundo digital, com ferramentas fundamentais para o dia a dia escolar e, futuramente, ao ingressarem no mundo do trabalho, com capacita\u00e7\u00f5es para utilizar solu\u00e7\u00f5es como o Microsoft Word, Excel e Power Point, at\u00e9 conceitos b\u00e1sicos sobre a l\u00f3gica da programa\u00e7\u00e3o. J\u00e1 os professores puderam conhecer e se aprofundar sobre a Metodologia Recode, em assuntos relacionados \u00e0 educa\u00e7\u00e3o integral, ao pensamento freiriano e \u00e0 cultura digital.<\/p>\n\n\n\n<p>Nesta nova fase, em parceria com a Microsoft, o projeto vai focar na capacita\u00e7\u00e3o de professores em habilidades digitais, preparando-os para interagir com os alunos por meio dos conceitos de educa\u00e7\u00e3o integral e cultura digital. Os docentes ser\u00e3o capacitados em temas ligados \u00e0 gamifica\u00e7\u00e3o e experimenta\u00e7\u00e3o com no\/low code (pouco ou nenhum c\u00f3digo), a partir do uso criativo do Minecraft.<\/p>\n\n\n\n<p>\u201cCom os avan\u00e7os da tecnologia nos \u00faltimos anos, \u00e9 fundamental que, desde cedo, as pessoas tenham conhecimento e os recursos necess\u00e1rios para lidar com as novas tecnologias. Seja para facilitar o aprendizado, seja para ingressar no mundo do trabalho, os jovens devem estar familiarizados com o ambiente on-line para desenvolver habilidades digitais e estarem preparados para as oportunidades de agora e do futuro. Entendemos que n\u00e3o h\u00e1 ambiente melhor para come\u00e7ar este aprendizado do que a escola, por\u00e9m, para que isso aconte\u00e7a, precisamos que os professores estejam preparados para trabalhar em sala de aula conte\u00fados que costumam chamar a aten\u00e7\u00e3o dos alunos, como por exemplo o Minecraft e programa\u00e7\u00e3o no\/low code,\u201d comenta Lucia Rodrigues, l\u00edder de Filantropia da Microsoft Brasil.<\/p>\n\n\n\n<p>\u201cTecnologia e inova\u00e7\u00e3o s\u00e3o pilares da atua\u00e7\u00e3o da Petrobras, por isso apoiamos iniciativas como o Janelas para o Amanh\u00e3, que contribuem para a educa\u00e7\u00e3o, empoderamento digital e o desenvolvimento de professores e alunos da rede p\u00fablica de ensino\u201d afirma Marcela Souza Levigard, Gerente de Programas Sociais da Petrobras.<\/p>\n\n\n\n<p>Professores que j\u00e1 tenham integrado ciclos anteriores do \u201cJanelas para o Amanh\u00e3\u201d poder\u00e3o participar novamente da nova etapa. Todo o programa \u00e9 gratuito e poder\u00e1 ser acessado atrav\u00e9s do site&nbsp;<a href=\"https:\/\/janelas.recode.org.br\/\" target=\"_blank\" rel=\"noreferrer noopener\">https:\/\/janelas.recode.org.br\/<\/a>.&nbsp;<\/p>\n","protected":false},"excerpt":{"rendered":"<p>Projeto &#8220;Janelas para o Amanh\u00e3&#8221; refor\u00e7a a import\u00e2ncia do empoderamento digital no engajamento de alunos e professores A iniciativa \u201cJanelas para o Amanh\u00e3\u201d, que h\u00e1 um ano e meio re\u00fane organiza\u00e7\u00f5es como a Recode e a Petrobras no empoderamento digital de professores e alunos de col\u00e9gios p\u00fablicos de tr\u00eas estados brasileiros, recebe um novo refor\u00e7o [&hellip;]<\/p>\n","protected":false},"author":2,"featured_media":11443,"comment_status":"closed","ping_status":"closed","sticky":false,"template":"","format":"standard","meta":{"postBodyCss":"","postBodyMargin":[],"postBodyPadding":[],"postBodyBackground":{"backgroundType":"classic","gradient":""},"footnotes":""},"categories":[61],"tags":[68,658,237],"class_list":["post-11441","post","type-post","status-publish","format-standard","has-post-thumbnail","hentry","category-educacao","tag-escolas-publicas","tag-microsoft","tag-petrobras"],"aioseo_notices":[],"_links":{"self":[{"href":"https:\/\/aconteceemmacaeeregiao.com.br\/index.php\/wp-json\/wp\/v2\/posts\/11441","targetHints":{"allow":["GET"]}}],"collection":[{"href":"https:\/\/aconteceemmacaeeregiao.com.br\/index.php\/wp-json\/wp\/v2\/posts"}],"about":[{"href":"https:\/\/aconteceemmacaeeregiao.com.br\/index.php\/wp-json\/wp\/v2\/types\/post"}],"author":[{"embeddable":true,"href":"https:\/\/aconteceemmacaeeregiao.com.br\/index.php\/wp-json\/wp\/v2\/users\/2"}],"replies":[{"embeddable":true,"href":"https:\/\/aconteceemmacaeeregiao.com.br\/index.php\/wp-json\/wp\/v2\/comments?post=11441"}],"version-history":[{"count":0,"href":"https:\/\/aconteceemmacaeeregiao.com.br\/index.php\/wp-json\/wp\/v2\/posts\/11441\/revisions"}],"wp:featuredmedia":[{"embeddable":true,"href":"https:\/\/aconteceemmacaeeregiao.com.br\/index.php\/wp-json\/wp\/v2\/media\/11443"}],"wp:attachment":[{"href":"https:\/\/aconteceemmacaeeregiao.com.br\/index.php\/wp-json\/wp\/v2\/media?parent=11441"}],"wp:term":[{"taxonomy":"category","embeddable":true,"href":"https:\/\/aconteceemmacaeeregiao.com.br\/index.php\/wp-json\/wp\/v2\/categories?post=11441"},{"taxonomy":"post_tag","embeddable":true,"href":"https:\/\/aconteceemmacaeeregiao.com.br\/index.php\/wp-json\/wp\/v2\/tags?post=11441"}],"curies":[{"name":"wp","href":"https:\/\/api.w.org\/{rel}","templated":true}]}}