{"id":11500,"date":"2023-07-21T21:47:10","date_gmt":"2023-07-22T00:47:10","guid":{"rendered":"https:\/\/aconteceemmacaeeregiao.com.br\/?p=11500"},"modified":"2023-07-21T21:47:10","modified_gmt":"2023-07-22T00:47:10","slug":"cabo-frio-recebe-5a-edicao-da-feira-de-fornecedores-da-hotelaria-e-gastronomia","status":"publish","type":"post","link":"https:\/\/aconteceemmacaeeregiao.com.br\/index.php\/2023\/07\/21\/cabo-frio-recebe-5a-edicao-da-feira-de-fornecedores-da-hotelaria-e-gastronomia\/","title":{"rendered":"Cabo Frio recebe 5\u00aa Edi\u00e7\u00e3o da Feira de Fornecedores da Hotelaria e Gastronomia"},"content":{"rendered":"\n<p><strong><em>Dias 25 e 26 de julho o evento \u00e9 gratuito e conta com o apoio do Cabo Frio Convention &amp; Visitors Bureau. A promo\u00e7\u00e3o \u00e9 da Associa\u00e7\u00e3o de Hot\u00e9is da cidade<\/em><\/strong><\/p>\n\n\n\n<p>Com o objetivo de apresentar novidades e variedades para empres\u00e1rios locais e fomentar o setor de infraestrutura tur\u00edstica, a Associa\u00e7\u00e3o de Hot\u00e9is e Turismo de Cabo Frio realiza a 5\u00aa Edi\u00e7\u00e3o da Feira de Fornecedores da Hotelaria e Gastronomia, nos dias 25 e 26 de julho (ter\u00e7a e quarta-feira). O evento \u00e9 gratuito e acontece no Hotel Paradiso Corporate, no bairro do Braga, com apoio do Cabo Frio Convention &amp; Visitors Bureau e outras entidades representativas do trade tur\u00edstico da regi\u00e3o da Costa do Sol.<\/p>\n\n\n\n<p>A Feira contar\u00e1 com mais de 40 expositores nas \u00e1reas de produtos e servi\u00e7os, roupas de cama, mesa e banho, al\u00e9m de equipamentos, utens\u00edlios e servi\u00e7os. Nos dois dias de evento, o hor\u00e1rio de funcionamento ao p\u00fablico ser\u00e1 das 14h \u00e0s 20h, no entanto, na quarta-feira pela manh\u00e3, acontecer\u00e1 uma Sess\u00e3o de Neg\u00f3cios com os principais compradores e expositores presentes. O espa\u00e7o ter\u00e1 ainda um lounge, onde acontecer\u00e3o as transmiss\u00f5es para os jornalistas que desejarem cobrir o evento direto do local.<\/p>\n\n\n\n<p>De acordo com a associa\u00e7\u00e3o, a expectativa \u00e9 de que cerca de 300 pessoas por dia visitem o espa\u00e7o, o dobro da edi\u00e7\u00e3o do ano passado. Em 2022, a Feira de Fornecedores gerou meio milh\u00e3o de reais em neg\u00f3cios e, em 2023, espera-se que os n\u00fameros dobrem.<\/p>\n\n\n\n<p>&#8220;N\u00f3s buscamos colocar nesta feira todos os principais fornecedores de produtos e servi\u00e7os.&nbsp; Dessa forma, o empres\u00e1rio da hotelaria ou da gastronomia que tem um estabelecimento na Costa do Sol n\u00e3o precisa viajar para fora da regi\u00e3o para equipar o seu estabelecimento com os melhores produtos&#8221;, esclarece Carlos Cunha, presidente da AHCF e idealizador do evento.<\/p>\n\n\n\n<p>&#8220;\u00c9 uma honra para o Convention apoiar um evento como a Feira dos Fornecedores, que aproxima de nossos associados uma gama de conceituadas empresas do nosso setor&#8221;, comemora Maria In\u00eas Oliveros, presidente do CFCVB.<\/p>\n\n\n\n<p><strong>5\u00aa Edi\u00e7\u00e3o da Feira da Hotelaria e da Gastronomia<\/strong><\/p>\n\n\n\n<p><strong>Data:&nbsp;<\/strong>&nbsp;25 e 26 de julho \u2013 ter\u00e7a e quarta<\/p>\n\n\n\n<p><strong>Hora:<\/strong>&nbsp;das 14h \u00e0s 20h &nbsp;<\/p>\n\n\n\n<p><strong>Local:&nbsp;<\/strong>Hotel Paradiso Corporate \u2013 Rua Teixeira e Souza 2011, Braga<\/p>\n\n\n\n<p><strong>Entrada gratuita<\/strong><\/p>\n","protected":false},"excerpt":{"rendered":"<p>Dias 25 e 26 de julho o evento \u00e9 gratuito e conta com o apoio do Cabo Frio Convention &amp; Visitors Bureau. A promo\u00e7\u00e3o \u00e9 da Associa\u00e7\u00e3o de Hot\u00e9is da cidade Com o objetivo de apresentar novidades e variedades para empres\u00e1rios locais e fomentar o setor de infraestrutura tur\u00edstica, a Associa\u00e7\u00e3o de Hot\u00e9is e Turismo [&hellip;]<\/p>\n","protected":false},"author":2,"featured_media":11502,"comment_status":"closed","ping_status":"closed","sticky":false,"template":"","format":"standard","meta":{"postBodyCss":"","postBodyMargin":[],"postBodyPadding":[],"postBodyBackground":{"backgroundType":"classic","gradient":""},"footnotes":""},"categories":[155,45,200,43],"tags":[184,669],"class_list":["post-11500","post","type-post","status-publish","format-standard","has-post-thumbnail","hentry","category-cabo-frio","category-economia","category-evento","category-regiao","tag-gastronomia","tag-hotelaria"],"aioseo_notices":[],"_links":{"self":[{"href":"https:\/\/aconteceemmacaeeregiao.com.br\/index.php\/wp-json\/wp\/v2\/posts\/11500","targetHints":{"allow":["GET"]}}],"collection":[{"href":"https:\/\/aconteceemmacaeeregiao.com.br\/index.php\/wp-json\/wp\/v2\/posts"}],"about":[{"href":"https:\/\/aconteceemmacaeeregiao.com.br\/index.php\/wp-json\/wp\/v2\/types\/post"}],"author":[{"embeddable":true,"href":"https:\/\/aconteceemmacaeeregiao.com.br\/index.php\/wp-json\/wp\/v2\/users\/2"}],"replies":[{"embeddable":true,"href":"https:\/\/aconteceemmacaeeregiao.com.br\/index.php\/wp-json\/wp\/v2\/comments?post=11500"}],"version-history":[{"count":0,"href":"https:\/\/aconteceemmacaeeregiao.com.br\/index.php\/wp-json\/wp\/v2\/posts\/11500\/revisions"}],"wp:featuredmedia":[{"embeddable":true,"href":"https:\/\/aconteceemmacaeeregiao.com.br\/index.php\/wp-json\/wp\/v2\/media\/11502"}],"wp:attachment":[{"href":"https:\/\/aconteceemmacaeeregiao.com.br\/index.php\/wp-json\/wp\/v2\/media?parent=11500"}],"wp:term":[{"taxonomy":"category","embeddable":true,"href":"https:\/\/aconteceemmacaeeregiao.com.br\/index.php\/wp-json\/wp\/v2\/categories?post=11500"},{"taxonomy":"post_tag","embeddable":true,"href":"https:\/\/aconteceemmacaeeregiao.com.br\/index.php\/wp-json\/wp\/v2\/tags?post=11500"}],"curies":[{"name":"wp","href":"https:\/\/api.w.org\/{rel}","templated":true}]}}