{"id":11508,"date":"2023-07-21T22:05:11","date_gmt":"2023-07-22T01:05:11","guid":{"rendered":"https:\/\/aconteceemmacaeeregiao.com.br\/?p=11508"},"modified":"2023-07-21T22:05:11","modified_gmt":"2023-07-22T01:05:11","slug":"qualificacao-profissional-abre-inscricoes-para-ead-nesta-terca","status":"publish","type":"post","link":"https:\/\/aconteceemmacaeeregiao.com.br\/index.php\/2023\/07\/21\/qualificacao-profissional-abre-inscricoes-para-ead-nesta-terca\/","title":{"rendered":"Qualifica\u00e7\u00e3o Profissional abre inscri\u00e7\u00f5es para EAD nesta ter\u00e7a"},"content":{"rendered":"\n<p>Come\u00e7am na ter\u00e7a-feira (25) as inscri\u00e7\u00f5es para os 10 cursos de capacita\u00e7\u00e3o e aperfei\u00e7oamento profissional na modalidade EAD promovidos pela Secretaria Adjunta de Qualifica\u00e7\u00e3o Profissional. O cadastro segue at\u00e9 sexta-feira (28), das 9h \u00e0s 19h, na sede da secretaria, que funciona na Rua Alfredo Backer, 363, Centro. Ao todo est\u00e3o sendo oferecidas 600 vagas. Os detalhes sobre o cronograma est\u00e3o no&nbsp;<a href=\"https:\/\/macae.rj.gov.br\/midia\/conteudo\/arquivos\/1690006950.pdf\">edital n\u00ba 003\/2023<\/a>.<\/p>\n\n\n\n<p>A divulga\u00e7\u00e3o e inscri\u00e7\u00e3o das vagas remanescentes ser\u00e3o divulgadas na segunda-feira (31), das 12h \u00e0s 19h, tamb\u00e9m na sede da Secretaria Adjunta de Qualifica\u00e7\u00e3o Profissional. J\u00e1 as matr\u00edculas ser\u00e3o realizadas no mesmo dia, obedecendo \u00e0 ordem de chegada dos candidatos.Ser\u00e1 permitido somente o cadastro em \u00fanico curso.<br><br>Os pr\u00e9-requisitos para matr\u00edcula s\u00e3o: idade e escolaridade m\u00ednimas exigidas pelo curso escolhido no ato da inscri\u00e7\u00e3o; conhecimentos solicitados como pr\u00e9-requisito para alguns cursos; c\u00f3pia da Carteira de Identidade com foto ou outro documento de identifica\u00e7\u00e3o com foto (carteira de trabalho ou habilita\u00e7\u00e3o); c\u00f3pia do CPF do pr\u00f3prio candidato; c\u00f3pia do comprovante de escolaridade (Hist\u00f3rico Escolar, declara\u00e7\u00e3o de matr\u00edcula para quem ainda est\u00e1 estudando ou declara\u00e7\u00e3o de s\u00e9rie cursada); c\u00f3pia do comprovante de resid\u00eancia. O candidato menor de 18 anos (dezoito) dever\u00e1 ter sua matr\u00edcula realizada por um respons\u00e1vel legal.<br><br>Na falta de documento obrigat\u00f3rio, a matr\u00edcula n\u00e3o ser\u00e1 efetuada. J\u00e1 em caso de furto\/roubo \u00e9 necess\u00e1rio apresentar boletim de ocorr\u00eancia.Vale lembrar, que em cada curso poder\u00e3o ser acrescidas 10% para atendimento \u00e0s demandas espec\u00edficas do Poder Executivo\/Judici\u00e1rio, relacionadas \u00e0s pessoas em vulnerabilidade social, com defici\u00eancia e institui\u00e7\u00f5es que atendem jovens e adolescentes sob medidas protetiva ou socioeducativa.<br><br>Os cursos iniciam a partir do dia 9 de agosto, sendo que a avalia\u00e7\u00e3o final ser\u00e1 presencial, na sede da Qualifica\u00e7\u00e3o Profissional, conforme datas e hor\u00e1rios espec\u00edficos. O edital completo est\u00e1 dispon\u00edvel,\u00a0<a href=\"https:\/\/macae.rj.gov.br\/midia\/conteudo\/arquivos\/1690006950.pdf\">aqui<\/a>.<\/p>\n\n\n\n<p><em>Por jornalista Joice Trindade\/ Secom pref Maca\u00e9<\/em><\/p>\n","protected":false},"excerpt":{"rendered":"<p>Come\u00e7am na ter\u00e7a-feira (25) as inscri\u00e7\u00f5es para os 10 cursos de capacita\u00e7\u00e3o e aperfei\u00e7oamento profissional na modalidade EAD promovidos pela Secretaria Adjunta de Qualifica\u00e7\u00e3o Profissional. O cadastro segue at\u00e9 sexta-feira (28), das 9h \u00e0s 19h, na sede da secretaria, que funciona na Rua Alfredo Backer, 363, Centro. Ao todo est\u00e3o sendo oferecidas 600 vagas. Os [&hellip;]<\/p>\n","protected":false},"author":2,"featured_media":11510,"comment_status":"closed","ping_status":"closed","sticky":false,"template":"","format":"standard","meta":{"postBodyCss":"","postBodyMargin":[],"postBodyPadding":[],"postBodyBackground":{"backgroundType":"classic","gradient":""},"footnotes":""},"categories":[61,73,42],"tags":[132,571],"class_list":["post-11508","post","type-post","status-publish","format-standard","has-post-thumbnail","hentry","category-educacao","category-emprego","category-macae","tag-cursos-gratuitos","tag-qualificacao"],"aioseo_notices":[],"_links":{"self":[{"href":"https:\/\/aconteceemmacaeeregiao.com.br\/index.php\/wp-json\/wp\/v2\/posts\/11508","targetHints":{"allow":["GET"]}}],"collection":[{"href":"https:\/\/aconteceemmacaeeregiao.com.br\/index.php\/wp-json\/wp\/v2\/posts"}],"about":[{"href":"https:\/\/aconteceemmacaeeregiao.com.br\/index.php\/wp-json\/wp\/v2\/types\/post"}],"author":[{"embeddable":true,"href":"https:\/\/aconteceemmacaeeregiao.com.br\/index.php\/wp-json\/wp\/v2\/users\/2"}],"replies":[{"embeddable":true,"href":"https:\/\/aconteceemmacaeeregiao.com.br\/index.php\/wp-json\/wp\/v2\/comments?post=11508"}],"version-history":[{"count":0,"href":"https:\/\/aconteceemmacaeeregiao.com.br\/index.php\/wp-json\/wp\/v2\/posts\/11508\/revisions"}],"wp:featuredmedia":[{"embeddable":true,"href":"https:\/\/aconteceemmacaeeregiao.com.br\/index.php\/wp-json\/wp\/v2\/media\/11510"}],"wp:attachment":[{"href":"https:\/\/aconteceemmacaeeregiao.com.br\/index.php\/wp-json\/wp\/v2\/media?parent=11508"}],"wp:term":[{"taxonomy":"category","embeddable":true,"href":"https:\/\/aconteceemmacaeeregiao.com.br\/index.php\/wp-json\/wp\/v2\/categories?post=11508"},{"taxonomy":"post_tag","embeddable":true,"href":"https:\/\/aconteceemmacaeeregiao.com.br\/index.php\/wp-json\/wp\/v2\/tags?post=11508"}],"curies":[{"name":"wp","href":"https:\/\/api.w.org\/{rel}","templated":true}]}}