{"id":11554,"date":"2023-07-24T23:39:48","date_gmt":"2023-07-25T02:39:48","guid":{"rendered":"https:\/\/aconteceemmacaeeregiao.com.br\/?p=11554"},"modified":"2023-07-24T23:39:49","modified_gmt":"2023-07-25T02:39:49","slug":"12o-festival-kollirius-internacional-presenteia-macae-com-pinturas-em-grafite","status":"publish","type":"post","link":"https:\/\/aconteceemmacaeeregiao.com.br\/index.php\/2023\/07\/24\/12o-festival-kollirius-internacional-presenteia-macae-com-pinturas-em-grafite\/","title":{"rendered":"12\u00ba Festival Kollirius Internacional presenteia Maca\u00e9 com pinturas em grafite"},"content":{"rendered":"\n<p>Localizada no bairro Parque Aeroporto e rec\u00e9m reformada pela Prefeitura Municipal, a Pra\u00e7a Doralice de Freitas ficar\u00e1 com visual ainda mais bonito com o 12\u00ba Festival Kollirius Internacional, edi\u00e7\u00e3o 2023, ganhando um novo colorido atrav\u00e9s da arte em Grafite, nos dias 26, 27, 28 e 29 de Julho. Os muros da Escola Zelita Rocha de Azevedo e redondeza tamb\u00e9m ser\u00e3o revitalizados com novos pain\u00e9is pintados pelas m\u00e3os de artistas macaenses, paulistas, nordestinos e da Rep\u00fablica Dominicana. No total, 12 pinturas ser\u00e3o entregues a Maca\u00e9 como presente de anivers\u00e1rio em seus 210 anos de funda\u00e7\u00e3o.<\/p>\n\n\n\n<p>Os artistas ir\u00e3o permanecer todos os dias, das 9h \u00e0s 18h, executando as obras e conversando com pessoas interessadas em saber mais sobre o trabalho. Este festival faz parte do calend\u00e1rio de eventos oficial do munic\u00edpio, e est\u00e1 consolidado no pa\u00eds e na Am\u00e9rica do Sul pelo maior n\u00famero de edi\u00e7\u00f5es realizadas. A organiza\u00e7\u00e3o geral do festival \u00e9 do artista macaense Marlon Gitiranna, o MUK, que conta com a parceria do setor administrativo do Aeroporto de Maca\u00e9 na prepara\u00e7\u00e3o do local, al\u00e9m do patroc\u00ednio de v\u00e1rios empres\u00e1rios da cidade.<\/p>\n\n\n\n<p>&#8220;\u00c9 um encontro \u00e9pico dos maiores talentos do mundo do grafite! Aqui, as cores ganham vida, as paredes contam hist\u00f3rias e a criatividade transborda. Preparem-se para mergulhar em um universo vibrante, onde cada tra\u00e7o representa a liberdade de express\u00e3o e a arte em sua forma mais pura. Vamos celebrar a cultura urbana, unindo culturas e estilos diferentes num mosaico de beleza e inspira\u00e7\u00e3o. As ruas se tornam verdadeiras galerias de arte a c\u00e9u aberto!&#8221;, disse o Secret\u00e1rio de Cultura, Leandro Mussi.<\/p>\n\n\n\n<p><em>Por jornalista Marilene Carvalho\/ Secom Pref Maca\u00e9<\/em><\/p>\n","protected":false},"excerpt":{"rendered":"<p>Localizada no bairro Parque Aeroporto e rec\u00e9m reformada pela Prefeitura Municipal, a Pra\u00e7a Doralice de Freitas ficar\u00e1 com visual ainda mais bonito com o 12\u00ba Festival Kollirius Internacional, edi\u00e7\u00e3o 2023, ganhando um novo colorido atrav\u00e9s da arte em Grafite, nos dias 26, 27, 28 e 29 de Julho. Os muros da Escola Zelita Rocha de [&hellip;]<\/p>\n","protected":false},"author":2,"featured_media":11556,"comment_status":"closed","ping_status":"closed","sticky":false,"template":"","format":"standard","meta":{"postBodyCss":"","postBodyMargin":[],"postBodyPadding":[],"postBodyBackground":{"backgroundType":"classic","gradient":""},"footnotes":""},"categories":[200,42],"tags":[72,319,507,489],"class_list":["post-11554","post","type-post","status-publish","format-standard","has-post-thumbnail","hentry","category-evento","category-macae","tag-artista","tag-grafite","tag-internacional","tag-parque-aeroporto"],"aioseo_notices":[],"_links":{"self":[{"href":"https:\/\/aconteceemmacaeeregiao.com.br\/index.php\/wp-json\/wp\/v2\/posts\/11554","targetHints":{"allow":["GET"]}}],"collection":[{"href":"https:\/\/aconteceemmacaeeregiao.com.br\/index.php\/wp-json\/wp\/v2\/posts"}],"about":[{"href":"https:\/\/aconteceemmacaeeregiao.com.br\/index.php\/wp-json\/wp\/v2\/types\/post"}],"author":[{"embeddable":true,"href":"https:\/\/aconteceemmacaeeregiao.com.br\/index.php\/wp-json\/wp\/v2\/users\/2"}],"replies":[{"embeddable":true,"href":"https:\/\/aconteceemmacaeeregiao.com.br\/index.php\/wp-json\/wp\/v2\/comments?post=11554"}],"version-history":[{"count":0,"href":"https:\/\/aconteceemmacaeeregiao.com.br\/index.php\/wp-json\/wp\/v2\/posts\/11554\/revisions"}],"wp:featuredmedia":[{"embeddable":true,"href":"https:\/\/aconteceemmacaeeregiao.com.br\/index.php\/wp-json\/wp\/v2\/media\/11556"}],"wp:attachment":[{"href":"https:\/\/aconteceemmacaeeregiao.com.br\/index.php\/wp-json\/wp\/v2\/media?parent=11554"}],"wp:term":[{"taxonomy":"category","embeddable":true,"href":"https:\/\/aconteceemmacaeeregiao.com.br\/index.php\/wp-json\/wp\/v2\/categories?post=11554"},{"taxonomy":"post_tag","embeddable":true,"href":"https:\/\/aconteceemmacaeeregiao.com.br\/index.php\/wp-json\/wp\/v2\/tags?post=11554"}],"curies":[{"name":"wp","href":"https:\/\/api.w.org\/{rel}","templated":true}]}}