{"id":11558,"date":"2023-07-24T23:49:00","date_gmt":"2023-07-25T02:49:00","guid":{"rendered":"https:\/\/aconteceemmacaeeregiao.com.br\/?p=11558"},"modified":"2023-07-24T23:49:00","modified_gmt":"2023-07-25T02:49:00","slug":"macae-tem-queda-significativa-nos-indices-de-criminalidade-em-2023","status":"publish","type":"post","link":"https:\/\/aconteceemmacaeeregiao.com.br\/index.php\/2023\/07\/24\/macae-tem-queda-significativa-nos-indices-de-criminalidade-em-2023\/","title":{"rendered":"Maca\u00e9 tem queda significativa nos \u00edndices de criminalidade em 2023"},"content":{"rendered":"\n<p><em><strong>E deixa ranking das cidades mais violentas do pa\u00eds<\/strong><\/em><\/p>\n\n\n\n<p>No primeiro semestre de 2023, Maca\u00e9 demonstrou uma mudan\u00e7a significativa no cen\u00e1rio de seguran\u00e7a p\u00fablica. De acordo com dados divulgados recentemente pela 123\u00aa Delegacia de Pol\u00edcia (123\u00aa DP), o munic\u00edpio fluminense apresentou uma redu\u00e7\u00e3o impressionante nos \u00edndices de criminalidade, com uma queda expressiva de 58% no n\u00famero de mortes violentas.<\/p>\n\n\n\n<p>Na \u00faltima quinta-feira (20,) a Capital do Petr\u00f3leo foi citada no Anu\u00e1rio Brasileiro de Seguran\u00e7a P\u00fablicacomo uma das 50 cidades mais violentas do Brasil em 2022, ocupando a 36\u00aa posi\u00e7\u00e3o em n\u00edvel nacional e a 4\u00aa no estado do Rio de Janeiro, com um \u00edndice de 33 mortes violentas a cada 100 mil habitantes.<\/p>\n\n\n\n<p>Entretanto, os esfor\u00e7os conjuntos das for\u00e7as de seguran\u00e7a p\u00fablica t\u00eam gerado resultados positivos. Com o \u00edndice registrado no primeiro semestre, com apenas 14 mortes violentas, registradas no primeiro semestre deste ano, a cidade deixa o inc\u00f4modo cen\u00e1rio de 2022 para passar a figurar como uma das cidades de m\u00e9dio\/grande porte mais seguras do estado, sobretudo se considerarmos os resultados registrados nos demais indicadores: de 58% na letalidade violenta, aliada a quedas de 35% nos roubos em vias p\u00fablicas, 52% nos roubos de ve\u00edculos e surpreendentes 100% nos roubos de carga.<\/p>\n\n\n\n<p>Diversas a\u00e7\u00f5es foram implementadas para alcan\u00e7ar esse cen\u00e1rio, com diversas opera\u00e7\u00f5es de repress\u00e3o sendo realizadas nos \u00faltimos meses. A integra\u00e7\u00e3o entre Pol\u00edcia Civil, Militar e outros \u00f3rg\u00e3os municipais ligados \u00e0 pasta tem se mostrado a chave\u00a0para\u00a0o\u00a0sucesso.<\/p>\n\n\n\n<p><em>Por Secom Pol\u00edcia Civil RJ<\/em><\/p>\n","protected":false},"excerpt":{"rendered":"<p>E deixa ranking das cidades mais violentas do pa\u00eds No primeiro semestre de 2023, Maca\u00e9 demonstrou uma mudan\u00e7a significativa no cen\u00e1rio de seguran\u00e7a p\u00fablica. De acordo com dados divulgados recentemente pela 123\u00aa Delegacia de Pol\u00edcia (123\u00aa DP), o munic\u00edpio fluminense apresentou uma redu\u00e7\u00e3o impressionante nos \u00edndices de criminalidade, com uma queda expressiva de 58% no [&hellip;]<\/p>\n","protected":false},"author":2,"featured_media":11560,"comment_status":"closed","ping_status":"closed","sticky":false,"template":"","format":"standard","meta":{"postBodyCss":"","postBodyMargin":[],"postBodyPadding":[],"postBodyBackground":{"backgroundType":"classic","gradient":""},"footnotes":""},"categories":[47],"tags":[96,99,673,182],"class_list":["post-11558","post","type-post","status-publish","format-standard","has-post-thumbnail","hentry","category-ocorrencias","tag-123-dp","tag-crime","tag-ranking","tag-violencia"],"aioseo_notices":[],"_links":{"self":[{"href":"https:\/\/aconteceemmacaeeregiao.com.br\/index.php\/wp-json\/wp\/v2\/posts\/11558","targetHints":{"allow":["GET"]}}],"collection":[{"href":"https:\/\/aconteceemmacaeeregiao.com.br\/index.php\/wp-json\/wp\/v2\/posts"}],"about":[{"href":"https:\/\/aconteceemmacaeeregiao.com.br\/index.php\/wp-json\/wp\/v2\/types\/post"}],"author":[{"embeddable":true,"href":"https:\/\/aconteceemmacaeeregiao.com.br\/index.php\/wp-json\/wp\/v2\/users\/2"}],"replies":[{"embeddable":true,"href":"https:\/\/aconteceemmacaeeregiao.com.br\/index.php\/wp-json\/wp\/v2\/comments?post=11558"}],"version-history":[{"count":0,"href":"https:\/\/aconteceemmacaeeregiao.com.br\/index.php\/wp-json\/wp\/v2\/posts\/11558\/revisions"}],"wp:featuredmedia":[{"embeddable":true,"href":"https:\/\/aconteceemmacaeeregiao.com.br\/index.php\/wp-json\/wp\/v2\/media\/11560"}],"wp:attachment":[{"href":"https:\/\/aconteceemmacaeeregiao.com.br\/index.php\/wp-json\/wp\/v2\/media?parent=11558"}],"wp:term":[{"taxonomy":"category","embeddable":true,"href":"https:\/\/aconteceemmacaeeregiao.com.br\/index.php\/wp-json\/wp\/v2\/categories?post=11558"},{"taxonomy":"post_tag","embeddable":true,"href":"https:\/\/aconteceemmacaeeregiao.com.br\/index.php\/wp-json\/wp\/v2\/tags?post=11558"}],"curies":[{"name":"wp","href":"https:\/\/api.w.org\/{rel}","templated":true}]}}