{"id":11618,"date":"2023-07-26T23:02:30","date_gmt":"2023-07-27T02:02:30","guid":{"rendered":"https:\/\/aconteceemmacaeeregiao.com.br\/?p=11618"},"modified":"2023-07-26T23:02:30","modified_gmt":"2023-07-27T02:02:30","slug":"casimiro-de-abreu-recebe-ultima-semana-do-festival-sesc-de-inverno-2023","status":"publish","type":"post","link":"https:\/\/aconteceemmacaeeregiao.com.br\/index.php\/2023\/07\/26\/casimiro-de-abreu-recebe-ultima-semana-do-festival-sesc-de-inverno-2023\/","title":{"rendered":"Casimiro de Abreu recebe \u00faltima semana do Festival Sesc de Inverno 2023"},"content":{"rendered":"\n<p>Considerado o maior evento cultural multilinguagem do pa\u00eds, o&nbsp;<strong>21\u00ba Festival Sesc de Inverno<\/strong>&nbsp;chega a sua \u00faltima semana na Regi\u00e3o dos Lagos levando ao p\u00fablico de&nbsp;<strong>Casimiro de Abreu<\/strong>&nbsp;uma programa\u00e7\u00e3o gratuita ou a pre\u00e7os populares, em 29 e 30\/07, com muita m\u00fasica, teatro, dan\u00e7a, entre outras express\u00f5es art\u00edsticas.&nbsp;O evento tamb\u00e9m ocorrer\u00e1 em outras cinco regi\u00f5es do estado do Rio de Janeiro e tem o apoio das prefeituras e dos sindicatos varejistas locais.\u202f\u202f&nbsp;<\/p>\n\n\n\n<p>A Pra\u00e7a Feliciano Sodr\u00e9 ser\u00e1 o ponto focal das atra\u00e7\u00f5es em Casimiro de Abreu, onde receber\u00e1 shows gratuitos da dupla S\u00e1 &amp; Guarabyra (29\/07) e de Roberta Campos e Kiko Zambianchi (30\/07), \u00e0s 20h, al\u00e9m do DJ Pinaud (29\/07, \u00e0s 18h).<\/p>\n\n\n\n<p>Em 2023, o tema do festival \u00e9 &#8220;Entrela\u00e7ar&#8221;, conceito inspirado no movimento original da natureza. Visualmente, ele foi traduzido nas linhas encontradas na natureza e na atividade humana, como o DNA, as ra\u00edzes das \u00e1rvores e os circuitos eletr\u00f4nicos, representando passado, presente e futuro.\u202f\u202f&nbsp;<\/p>\n\n\n\n<p>Na programa\u00e7\u00e3o, o conceito celebra a mistura entre linguagens, a intera\u00e7\u00e3o entre artistas e p\u00fablico e a reuni\u00e3o de nomes consolidados e revela\u00e7\u00f5es da cena art\u00edstica nacional. Origem, futuro e territ\u00f3rio s\u00e3o as t\u00f4nicas desta edi\u00e7\u00e3o e a curadoria do festival busca valorizar experi\u00eancias e pr\u00e1ticas culturais atentas \u00e0s travessias que nos constituem; ao mesmo passo, conect\u00e1-las \u00e0s coexist\u00eancias do presente.\u202f\u202f&nbsp;<\/p>\n\n\n\n<p>Mais informa\u00e7\u00f5es sobre o evento podem ser conferidas no site&nbsp;<a href=\"http:\/\/www.festivalsescdeinverno.com.br\/\" target=\"_blank\" rel=\"noreferrer noopener\">www.festivalsescdeinverno.com.br<\/a>.&nbsp;<\/p>\n\n\n\n<p>Confira, abaixo, a programa\u00e7\u00e3o em cada cidade:&nbsp;&nbsp;<\/p>\n\n\n<div class=\"wp-block-image\">\n<figure class=\"aligncenter size-large\"><img fetchpriority=\"high\" decoding=\"async\" width=\"1024\" height=\"682\" src=\"https:\/\/aconteceemmacaeeregiao.com.br\/wp-content\/uploads\/2023\/07\/e1b3fcd8-8f8b-4578-a4be-83b11f8351f9-1024x682.jpeg\" alt=\"\" class=\"wp-image-11622\" srcset=\"https:\/\/aconteceemmacaeeregiao.com.br\/wp-content\/uploads\/2023\/07\/e1b3fcd8-8f8b-4578-a4be-83b11f8351f9-1024x682.jpeg 1024w, https:\/\/aconteceemmacaeeregiao.com.br\/wp-content\/uploads\/2023\/07\/e1b3fcd8-8f8b-4578-a4be-83b11f8351f9-300x200.jpeg 300w, https:\/\/aconteceemmacaeeregiao.com.br\/wp-content\/uploads\/2023\/07\/e1b3fcd8-8f8b-4578-a4be-83b11f8351f9-768x512.jpeg 768w, https:\/\/aconteceemmacaeeregiao.com.br\/wp-content\/uploads\/2023\/07\/e1b3fcd8-8f8b-4578-a4be-83b11f8351f9-1536x1024.jpeg 1536w, https:\/\/aconteceemmacaeeregiao.com.br\/wp-content\/uploads\/2023\/07\/e1b3fcd8-8f8b-4578-a4be-83b11f8351f9-1200x800.jpeg 1200w, https:\/\/aconteceemmacaeeregiao.com.br\/wp-content\/uploads\/2023\/07\/e1b3fcd8-8f8b-4578-a4be-83b11f8351f9.jpeg 1556w\" sizes=\"(max-width: 1024px) 100vw, 1024px\" \/><\/figure>\n<\/div>\n\n\n<p><strong><u>Casimiro de Abreu<\/u><\/strong><\/p>\n\n\n\n<p><strong>Dia 29\/07<\/strong><\/p>\n\n\n\n<p>&#8211; Oficina Xilom\u00f3vel, atividade na qual&nbsp;os participantes brincam com a impress\u00e3o de matrizes de xilogravura recortadas&nbsp;(das 10h \u00e0s 18h);<\/p>\n\n\n\n<p>&#8211; Ponto de Leitura (das 13h \u00e0s 17h);<\/p>\n\n\n\n<p>&#8211; Ritmos das redes,&nbsp;atividade realizada pelo Grupo Cochicho que consiste em oferecer uma viv\u00eancia com o p\u00fablico para que ele possa experimentar a rela\u00e7\u00e3o entre a dan\u00e7a coreografada e o audiovisual, sucesso nas redes sociais&nbsp;(das 13h \u00e0s 18h);<\/p>\n\n\n\n<p>&#8211; Atra\u00e7\u00e3o Circo Dux (\u00e0s 15h);<\/p>\n\n\n\n<p>&#8211; Conta\u00e7\u00e3o de Hist\u00f3rias &#8220;Cord\u00e9is da Ancestralidade&#8221; (\u00e0s 16h);<\/p>\n\n\n\n<p>&#8211; DJ Pinaud (\u00e0s 18h);<\/p>\n\n\n\n<p>&#8211; Show de S\u00e1 &amp; Guarabyra, em que a dupla apresentar\u00e1 m\u00fasicas do novo CD Cinamomo, que&nbsp;re\u00fane composi\u00e7\u00f5es representativas da obra pessoal dos artistas&nbsp;(\u00e0s 20h).<\/p>\n\n\n\n<p><strong>Dia 30\/07<\/strong><\/p>\n\n\n\n<p>&#8211; Oficina Xilom\u00f3vel, atividade na qual&nbsp;os participantes brincam com a impress\u00e3o de matrizes de xilogravura recortadas&nbsp;(das 10h \u00e0s 18h);<\/p>\n\n\n\n<p>&#8211; Ponto de Leitura (das 13h \u00e0s 17h);<\/p>\n\n\n\n<p>&#8211; Ritmos das redes,&nbsp;atividade realizada pelo Grupo Cochicho consiste em oferecer uma viv\u00eancia com o p\u00fablico para que ele possa experimentar a rela\u00e7\u00e3o entre a dan\u00e7a coreografada e o audiovisual, sucesso nas redes sociais&nbsp;(das 13h \u00e0s 18h);<\/p>\n\n\n\n<p>&#8211; Batalha dos Ritmos, os maiores grupos de dan\u00e7a urbana do Rio de Janeiro, Imperadores da Dan\u00e7a e a GW Cia de performance ir\u00e3o se enfrentar, cada um apresentando seu estilo, ao som de funk, trap e hip hop&nbsp;(\u00e0s 15h);<\/p>\n\n\n\n<p>&#8211; Conta\u00e7\u00e3o de Hist\u00f3rias &#8220;Cord\u00e9is da Ancestralidade&#8221; (\u00e0s 16h);<\/p>\n\n\n\n<p>&#8211; DJ Pinaud&nbsp;(\u00e0s 18h);<\/p>\n\n\n\n<p>&#8211; Show de Roberta Campos e Kiko Zambianchi,&nbsp;nesse show, os artistas unir\u00e3o as m\u00fasicas contempor\u00e2neas de Roberta com os cl\u00e1ssicos do pop rock nacional de Kiko Zambianchi, num lindo encontro de gera\u00e7\u00f5es&nbsp;(\u00e0s 20h).<\/p>\n\n\n\n<p><strong><em>Servi\u00e7o:<\/em><\/strong><strong><em>\u202f\u202f<\/em><\/strong><strong><em>\u202f<\/em><\/strong><strong><em>&nbsp;<\/em><\/strong><\/p>\n\n\n\n<p><strong><em>21\u00ba Festival Sesc de Inverno &#8211; Casimiro de Abreu<\/em><\/strong><strong><em><\/em><\/strong><\/p>\n\n\n\n<p><strong><em>Dias 29 e 30 de julho de 2023<\/em><\/strong><strong><em>\u202f<\/em><\/strong><strong><em>\u202f<\/em><\/strong><strong><em>&nbsp;<\/em><\/strong><strong><em><\/em><\/strong><\/p>\n\n\n\n<p><strong><em>Pra\u00e7a Feliciano Sodr\u00e9: Centro de Casimiro de Abreu\/ RJ.<\/em><\/strong><strong><em><\/em><\/strong><\/p>\n\n\n\n<p>Roberta Campos e Kiko Zambianchi:<\/p>\n\n\n\n<p><a href=\"https:\/\/drive.google.com\/drive\/folders\/1r1MCDJZ8CTkj7YuuZa9ynccVRxJTQtHL?usp=sharing\">https:\/\/drive.google.com\/drive\/folders\/1r1MCDJZ8CTkj7YuuZa9ynccVRxJTQtHL?usp=sharing<\/a><\/p>\n\n\n\n<p>S\u00e1 &amp; Guarabyra:&nbsp;<\/p>\n\n\n\n<p><a href=\"https:\/\/drive.google.com\/drive\/folders\/17nFqao7l6VtTZmjinlOBNaAPSssFwcgb?usp=drive_link\">https:\/\/drive.google.com\/drive\/folders\/17nFqao7l6VtTZmjinlOBNaAPSssFwcgb?usp=drive_link<\/a><\/p>\n","protected":false},"excerpt":{"rendered":"<p>Considerado o maior evento cultural multilinguagem do pa\u00eds, o&nbsp;21\u00ba Festival Sesc de Inverno&nbsp;chega a sua \u00faltima semana na Regi\u00e3o dos Lagos levando ao p\u00fablico de&nbsp;Casimiro de Abreu&nbsp;uma programa\u00e7\u00e3o gratuita ou a pre\u00e7os populares, em 29 e 30\/07, com muita m\u00fasica, teatro, dan\u00e7a, entre outras express\u00f5es art\u00edsticas.&nbsp;O evento tamb\u00e9m ocorrer\u00e1 em outras cinco regi\u00f5es do estado [&hellip;]<\/p>\n","protected":false},"author":2,"featured_media":11623,"comment_status":"closed","ping_status":"closed","sticky":false,"template":"","format":"standard","meta":{"postBodyCss":"","postBodyMargin":[],"postBodyPadding":[],"postBodyBackground":{"backgroundType":"classic","gradient":""},"footnotes":""},"categories":[122,200,43],"tags":[461,156,90],"class_list":["post-11618","post","type-post","status-publish","format-standard","has-post-thumbnail","hentry","category-casimiro-de-abreu","category-evento","category-regiao","tag-festival","tag-sesc","tag-shows"],"aioseo_notices":[],"_links":{"self":[{"href":"https:\/\/aconteceemmacaeeregiao.com.br\/index.php\/wp-json\/wp\/v2\/posts\/11618","targetHints":{"allow":["GET"]}}],"collection":[{"href":"https:\/\/aconteceemmacaeeregiao.com.br\/index.php\/wp-json\/wp\/v2\/posts"}],"about":[{"href":"https:\/\/aconteceemmacaeeregiao.com.br\/index.php\/wp-json\/wp\/v2\/types\/post"}],"author":[{"embeddable":true,"href":"https:\/\/aconteceemmacaeeregiao.com.br\/index.php\/wp-json\/wp\/v2\/users\/2"}],"replies":[{"embeddable":true,"href":"https:\/\/aconteceemmacaeeregiao.com.br\/index.php\/wp-json\/wp\/v2\/comments?post=11618"}],"version-history":[{"count":0,"href":"https:\/\/aconteceemmacaeeregiao.com.br\/index.php\/wp-json\/wp\/v2\/posts\/11618\/revisions"}],"wp:featuredmedia":[{"embeddable":true,"href":"https:\/\/aconteceemmacaeeregiao.com.br\/index.php\/wp-json\/wp\/v2\/media\/11623"}],"wp:attachment":[{"href":"https:\/\/aconteceemmacaeeregiao.com.br\/index.php\/wp-json\/wp\/v2\/media?parent=11618"}],"wp:term":[{"taxonomy":"category","embeddable":true,"href":"https:\/\/aconteceemmacaeeregiao.com.br\/index.php\/wp-json\/wp\/v2\/categories?post=11618"},{"taxonomy":"post_tag","embeddable":true,"href":"https:\/\/aconteceemmacaeeregiao.com.br\/index.php\/wp-json\/wp\/v2\/tags?post=11618"}],"curies":[{"name":"wp","href":"https:\/\/api.w.org\/{rel}","templated":true}]}}