{"id":11629,"date":"2023-07-26T23:27:20","date_gmt":"2023-07-27T02:27:20","guid":{"rendered":"https:\/\/aconteceemmacaeeregiao.com.br\/?p=11629"},"modified":"2023-07-26T23:27:20","modified_gmt":"2023-07-27T02:27:20","slug":"prefeito-abre-expo-que-chega-com-pista-solidaria-e-potencia-do-agronegocio","status":"publish","type":"post","link":"https:\/\/aconteceemmacaeeregiao.com.br\/index.php\/2023\/07\/26\/prefeito-abre-expo-que-chega-com-pista-solidaria-e-potencia-do-agronegocio\/","title":{"rendered":"Prefeito abre Expo, que chega com pista solid\u00e1ria e pot\u00eancia do agroneg\u00f3cio"},"content":{"rendered":"\n<p>O prefeito Welberth Rezende iniciou as atividades nesta quarta-feira (26) da Expo Maca\u00e9 2023, realizada no Parque de Exposi\u00e7\u00f5es at\u00e9 domingo (30) com pista solid\u00e1ria, ou seja, para assistir aos shows, basta levar um quilo de alimento n\u00e3o perec\u00edvel &#8211; no s\u00e1bado n\u00e3o ser\u00e1 necess\u00e1rio. Outra for\u00e7a da feira s\u00e3o as atra\u00e7\u00f5es de agroneg\u00f3cio, que mostram o vigor econ\u00f4mico de Maca\u00e9 neste setor.<\/p>\n\n\n\n<p>A solenidade de abertura contou com homenagem ao senhor Luiz Cl\u00e1udio Borges Cordeiro com a Pista de La\u00e7o do Parque; reinaugura\u00e7\u00e3o do Posto M\u00e9dico Veterin\u00e1rio como homenagem ao senhor Orlando Alves Machado; in\u00edcio da Fazendinha e abertura do Varand\u00e3o do Produtor.<\/p>\n\n\n\n<blockquote class=\"wp-block-quote is-layout-flow wp-block-quote-is-layout-flow\">\n<p>&#8211; Falar do agroneg\u00f3cio nos enche de orgulho, o setor est\u00e1 avan\u00e7ando em Maca\u00e9, somos o maior produtor de gr\u00e3os do estado, 60% da produ\u00e7\u00e3o de gr\u00e3os do Estado do Rio est\u00e1 em Maca\u00e9, somos o maior produtor de gado confinado tamb\u00e9m do Estado do Rio de Janeiro, o segundo maior rebanho de gado solto \u00e9 de Maca\u00e9, estamos avan\u00e7ando na pecu\u00e1ria, na agricultura \u2013 enalteceu o prefeito, ressaltando a import\u00e2ncia da rediscuss\u00e3o da for\u00e7a do agroneg\u00f3cio no Rio de Janeiro. \u201cQueremos alavancar o desenvolvimento do agroneg\u00f3cio e o crescimento regionalizado\u201d, expressou.<\/p>\n<\/blockquote>\n\n\n\n<p>O prefeito, que estava acompanhado da primeira-dama Quelen Rezende, pontuou que a Feira da Economia do Mar da Expo contar\u00e1 com v\u00e1rias empresas locais e entidades empresariais da cidade &#8211; todos que ajudam a impulsionar o munic\u00edpio.<\/p>\n\n\n\n<blockquote class=\"wp-block-quote is-layout-flow wp-block-quote-is-layout-flow\">\n<p>&#8211; Estamos avan\u00e7ando fruto das parcerias com o Estado e a C\u00e2mara, se a cidade vive esse momento hoje de resgate \u00e9 gra\u00e7as \u00e0 parceria com a C\u00e2mara e com o Estado. Estamos todos do mesmo lado por uma Maca\u00e9 melhor \u2013 detalhou Welberth.<\/p>\n<\/blockquote>\n\n\n\n<p>Welberth lembrou que a Expo movimenta a economia local e mant\u00e9m tradi\u00e7\u00e3o do agroneg\u00f3cio, tendo uma das pistas de leil\u00e3o mais tradicionais do Estado do Rio.<\/p>\n\n\n\n<p><strong>Expo fomenta agroeconomia<br><\/strong>O fomento ao agroneg\u00f3cio foi relatado pelo secret\u00e1rio de Agroeconomia, Dudu Jardim.<\/p>\n\n\n\n<blockquote class=\"wp-block-quote is-layout-flow wp-block-quote-is-layout-flow\">\n<p>\u201cA Expo tem leil\u00e3o dos animais Nelore, concurso leiteiro e feira da agricultura familiar, essa como um espa\u00e7o criado para que os agricultores comercializem e exibam seus produtos dando visibilidade ao produtor rural\u201d, constatou.<\/p>\n<\/blockquote>\n\n\n\n<p><strong>Homenageados &#8211;<\/strong>&nbsp;A pista de la\u00e7o campista homenageou Luiz Cl\u00e1udio Borges Cordeiro, uma refer\u00eancia como la\u00e7ador. O espa\u00e7o tem 14 metros de largura, sendo dez metros onde ocorre a prova, dois metros de retorno do gado e dois metros do retorno dos cavaleiros. A Fazendinha tem animais como p\u00f4nei, ovelhas, cabritos, coelhos e bovinos, sendo atra\u00e7\u00e3o para toda a fam\u00edlia. J\u00e1 o Varand\u00e3o do Produtor \u00e9 um espa\u00e7o para exposi\u00e7\u00e3o e comercializa\u00e7\u00e3o. O segundo homenageado, Orlando Alves Machado, \u00e9 um profissional de refer\u00eancia no combate \u00e0 febre aftosa e a favor da defesa sanit\u00e1ria no munic\u00edpio.<\/p>\n\n\n\n<p>Para o vereador George Jardim, a uni\u00e3o entre os poderes Legislativo e Executivo contribui para o bem-estar da popula\u00e7\u00e3o. \u201cLuiz Cl\u00e1udio e Orlando foram pessoas importantes para a cidade\u201d, disse, citando os dois homenageados da noite.<\/p>\n\n\n\n<p>O deputado Chico Machado tamb\u00e9m salientou a import\u00e2ncia dos homenageados. \u201cMeu tio Orlando vivia pra veterin\u00e1ria, agrade\u00e7o o reconhecimento do prefeito e dos vereadores\u201d, destacou, pontuando a parceria da prefeitura com o Estado como nas obras da duplica\u00e7\u00e3o da ponte, o asfaltamento da ponte do Bai\u00e3o at\u00e9 a BR 101, o cal\u00e7ad\u00e3o, o hospital S\u00e3o Jo\u00e3o Batista, que receber\u00e1 equipamento de radioterapia e a reurbaniza\u00e7\u00e3o da Malvinas.<\/p>\n\n\n\n<p>A pot\u00eancia da Agroeconomia foi frisada pelo secret\u00e1rio de Estado de Agricultura, Fl\u00e1vio Campos. \u201cA regi\u00e3o vai crescer com a Expo, o agro representa hoje 23% da economia do nosso pa\u00eds com a pecu\u00e1ria e a agricultura\u201d, indicou.<\/p>\n\n\n\n<p>Cesinha ressaltou o avan\u00e7o do munic\u00edpio e lembrou da atua\u00e7\u00e3o de todos os colaboradores para a realiza\u00e7\u00e3o da Expo. \u201cVamos comemorar com todos o anivers\u00e1rio da cidade\u201d, assinalou.<\/p>\n\n\n\n<p>Estiveram presentes o vice-prefeito C\u00e9lio Chapeta, o ex-prefeito Riverton Mussi, o&nbsp;presidente da C\u00e2mara, Cesinha, vereadores, produtores rurais, secret\u00e1rios municipais e de outros munic\u00edpios.<\/p>\n\n\n\n<p><strong>Noite gospel abre programa\u00e7\u00e3o de shows<br><\/strong>A Expo Maca\u00e9 tem o Palco Maca\u00e9 D+. Nesta quarta-feira a noite \u00e9 gospel com Alice Santos e Banda, Willian Soares e Carlinhos DJ. A atra\u00e7\u00e3o principal ter\u00e1 apresenta\u00e7\u00e3o de Paulo Neto. A entrada \u00e9 gratuita. Concurso leiteiro; palestra com a Associa\u00e7\u00e3o de Produtores Rurais do Estado do Rio de Janeiro (APRORIO) sobre \u201cA nova era do Agro no Rio de Janeiro\u201d; Feira Economia do Mar s\u00e3o outras atra\u00e7\u00f5es durante a Expo, at\u00e9 domingo.<\/p>\n\n\n\n<p>Al\u00e9m disso, competi\u00e7\u00e3o de Rodeio e Prova de Tr\u00eas Tambores; exposi\u00e7\u00e3o de Cavalo Campolino e Nelore; competi\u00e7\u00e3o da Pista de La\u00e7o; Feira de Artesanato e shows infantis est\u00e3o na programa\u00e7\u00e3o.<\/p>\n\n\n\n<p>A Prefeitura de Maca\u00e9 garante a infraestrutura para a realiza\u00e7\u00e3o do evento. As secretarias de Turismo, Governo, Agroeconomia, Sa\u00fade, Cultura, Mobilidade Urbana, Servi\u00e7os P\u00fablicos, Ordem P\u00fablica, Guarda Municipal, Defesa Civil, Comunica\u00e7\u00e3o, Desenvolvimento Social, Pol\u00edticas para as Mulheres, Desenvolvimento Econ\u00f4mico, Pol\u00edtica e Promo\u00e7\u00e3o da Igualdade Racial, Prote\u00e7\u00e3o Animal, Coordenadoria de Posturas, de Ilumina\u00e7\u00e3o P\u00fablica, Vigil\u00e2ncia Sanit\u00e1ria, o Conselho Tutelar, al\u00e9m da Pol\u00edcia Militar, d\u00e3o apoio \u00e0 Expo.<\/p>\n\n\n\n<p>A secretaria de Sa\u00fade disponibiliza postos e ambul\u00e2ncias UTIs e a Coordenadoria de Tr\u00e2nsito da Secretaria de Mobilidade Urbana cuida da seguran\u00e7a vi\u00e1ria.<\/p>\n\n\n\n<p><em>Por jornalista: Janira Braga\/ Secom Pref Maca\u00e9<\/em><\/p>\n","protected":false},"excerpt":{"rendered":"<p>O prefeito Welberth Rezende iniciou as atividades nesta quarta-feira (26) da Expo Maca\u00e9 2023, realizada no Parque de Exposi\u00e7\u00f5es at\u00e9 domingo (30) com pista solid\u00e1ria, ou seja, para assistir aos shows, basta levar um quilo de alimento n\u00e3o perec\u00edvel &#8211; no s\u00e1bado n\u00e3o ser\u00e1 necess\u00e1rio. Outra for\u00e7a da feira s\u00e3o as atra\u00e7\u00f5es de agroneg\u00f3cio, que [&hellip;]<\/p>\n","protected":false},"author":2,"featured_media":11631,"comment_status":"closed","ping_status":"closed","sticky":false,"template":"","format":"standard","meta":{"postBodyCss":"","postBodyMargin":[],"postBodyPadding":[],"postBodyBackground":{"backgroundType":"classic","gradient":""},"footnotes":""},"categories":[200,42],"tags":[478,438,474],"class_list":["post-11629","post","type-post","status-publish","format-standard","has-post-thumbnail","hentry","category-evento","category-macae","tag-agronegocio","tag-aniversario","tag-parque-de-exposicao"],"aioseo_notices":[],"_links":{"self":[{"href":"https:\/\/aconteceemmacaeeregiao.com.br\/index.php\/wp-json\/wp\/v2\/posts\/11629","targetHints":{"allow":["GET"]}}],"collection":[{"href":"https:\/\/aconteceemmacaeeregiao.com.br\/index.php\/wp-json\/wp\/v2\/posts"}],"about":[{"href":"https:\/\/aconteceemmacaeeregiao.com.br\/index.php\/wp-json\/wp\/v2\/types\/post"}],"author":[{"embeddable":true,"href":"https:\/\/aconteceemmacaeeregiao.com.br\/index.php\/wp-json\/wp\/v2\/users\/2"}],"replies":[{"embeddable":true,"href":"https:\/\/aconteceemmacaeeregiao.com.br\/index.php\/wp-json\/wp\/v2\/comments?post=11629"}],"version-history":[{"count":0,"href":"https:\/\/aconteceemmacaeeregiao.com.br\/index.php\/wp-json\/wp\/v2\/posts\/11629\/revisions"}],"wp:featuredmedia":[{"embeddable":true,"href":"https:\/\/aconteceemmacaeeregiao.com.br\/index.php\/wp-json\/wp\/v2\/media\/11631"}],"wp:attachment":[{"href":"https:\/\/aconteceemmacaeeregiao.com.br\/index.php\/wp-json\/wp\/v2\/media?parent=11629"}],"wp:term":[{"taxonomy":"category","embeddable":true,"href":"https:\/\/aconteceemmacaeeregiao.com.br\/index.php\/wp-json\/wp\/v2\/categories?post=11629"},{"taxonomy":"post_tag","embeddable":true,"href":"https:\/\/aconteceemmacaeeregiao.com.br\/index.php\/wp-json\/wp\/v2\/tags?post=11629"}],"curies":[{"name":"wp","href":"https:\/\/api.w.org\/{rel}","templated":true}]}}