{"id":11653,"date":"2023-07-27T23:42:24","date_gmt":"2023-07-28T02:42:24","guid":{"rendered":"https:\/\/aconteceemmacaeeregiao.com.br\/?p=11653"},"modified":"2023-07-27T23:42:24","modified_gmt":"2023-07-28T02:42:24","slug":"contemplados-pelo-bolsa-atleta-conquistam-medalhas-em-pan-americano-de-jiu-jitsu","status":"publish","type":"post","link":"https:\/\/aconteceemmacaeeregiao.com.br\/index.php\/2023\/07\/27\/contemplados-pelo-bolsa-atleta-conquistam-medalhas-em-pan-americano-de-jiu-jitsu\/","title":{"rendered":"Contemplados pelo Bolsa Atleta conquistam medalhas em Pan Americano de Jiu-Jitsu"},"content":{"rendered":"\n<p>No \u00faltimo final de semana, a Team Pimentel, um projeto social com sede na Nova Holanda, mostrou sua for\u00e7a ao levar 13 atletas para o Pan Americano CBJJD (Confedera\u00e7\u00e3o Brasileira de Jiu-Jitsu Desportivo) e conquistar nove medalhas. Sob a tutela do experiente professor faixa preta, Angelo Pimentel, diplomado pela prestigiada federa\u00e7\u00e3o de jiu-jitsu CBJJ\/IBJFF, e de sua esposa, instrutora faixa roxa, Danielle Neves Moreira, o projeto Zona de Campe\u00f5es continua a inspirar crian\u00e7as e jovens da comunidade a buscarem a excel\u00eancia por meio do esporte.<\/p>\n\n\n\n<p>Com muito orgulho, o projeto celebra suas 4 medalhas de ouro, 3 de prata e 2 de bronze, resultado do \u00e1rduo treinamento e dedica\u00e7\u00e3o de seus cerca de 70 alunos, distribu\u00eddos nas categorias kids, infantil, infanto juvenil e juvenil. A atmosfera de uni\u00e3o e colabora\u00e7\u00e3o entre os alunos e seus respons\u00e1veis tem sido um dos principais alicerces para o sucesso da equipe.<br><br>Dentre os destaques, seis alunos do projeto foram agraciados com o programa Bolsa Atleta, reconhecendo seu potencial e fornecendo suporte para que possam continuar perseguindo seus sonhos e elevando o nome de Maca\u00e9 e de toda a regi\u00e3o em cada competi\u00e7\u00e3o que participam.<br><br>Orgulhosa de sua conquista, a Team Pimentel j\u00e1 mira seu pr\u00f3ximo desafio: o Sul Americano da CBJJ. Com a determina\u00e7\u00e3o de sempre, 9 atletas estar\u00e3o prontos para representar a equipe e a cidade com garra e paix\u00e3o pelo jiu-jitsu.<\/p>\n\n\n\n<p><em>Por Secom Maca\u00e9<\/em><\/p>\n","protected":false},"excerpt":{"rendered":"<p>No \u00faltimo final de semana, a Team Pimentel, um projeto social com sede na Nova Holanda, mostrou sua for\u00e7a ao levar 13 atletas para o Pan Americano CBJJD (Confedera\u00e7\u00e3o Brasileira de Jiu-Jitsu Desportivo) e conquistar nove medalhas. Sob a tutela do experiente professor faixa preta, Angelo Pimentel, diplomado pela prestigiada federa\u00e7\u00e3o de jiu-jitsu CBJJ\/IBJFF, e [&hellip;]<\/p>\n","protected":false},"author":2,"featured_media":11655,"comment_status":"closed","ping_status":"closed","sticky":false,"template":"","format":"standard","meta":{"postBodyCss":"","postBodyMargin":[],"postBodyPadding":[],"postBodyBackground":{"backgroundType":"classic","gradient":""},"footnotes":""},"categories":[6,42],"tags":[380,191],"class_list":["post-11653","post","type-post","status-publish","format-standard","has-post-thumbnail","hentry","category-esporte","category-macae","tag-bolsa-atleta","tag-jiu-jitsu"],"aioseo_notices":[],"_links":{"self":[{"href":"https:\/\/aconteceemmacaeeregiao.com.br\/index.php\/wp-json\/wp\/v2\/posts\/11653","targetHints":{"allow":["GET"]}}],"collection":[{"href":"https:\/\/aconteceemmacaeeregiao.com.br\/index.php\/wp-json\/wp\/v2\/posts"}],"about":[{"href":"https:\/\/aconteceemmacaeeregiao.com.br\/index.php\/wp-json\/wp\/v2\/types\/post"}],"author":[{"embeddable":true,"href":"https:\/\/aconteceemmacaeeregiao.com.br\/index.php\/wp-json\/wp\/v2\/users\/2"}],"replies":[{"embeddable":true,"href":"https:\/\/aconteceemmacaeeregiao.com.br\/index.php\/wp-json\/wp\/v2\/comments?post=11653"}],"version-history":[{"count":0,"href":"https:\/\/aconteceemmacaeeregiao.com.br\/index.php\/wp-json\/wp\/v2\/posts\/11653\/revisions"}],"wp:featuredmedia":[{"embeddable":true,"href":"https:\/\/aconteceemmacaeeregiao.com.br\/index.php\/wp-json\/wp\/v2\/media\/11655"}],"wp:attachment":[{"href":"https:\/\/aconteceemmacaeeregiao.com.br\/index.php\/wp-json\/wp\/v2\/media?parent=11653"}],"wp:term":[{"taxonomy":"category","embeddable":true,"href":"https:\/\/aconteceemmacaeeregiao.com.br\/index.php\/wp-json\/wp\/v2\/categories?post=11653"},{"taxonomy":"post_tag","embeddable":true,"href":"https:\/\/aconteceemmacaeeregiao.com.br\/index.php\/wp-json\/wp\/v2\/tags?post=11653"}],"curies":[{"name":"wp","href":"https:\/\/api.w.org\/{rel}","templated":true}]}}