{"id":11657,"date":"2023-07-27T23:47:52","date_gmt":"2023-07-28T02:47:52","guid":{"rendered":"https:\/\/aconteceemmacaeeregiao.com.br\/?p=11657"},"modified":"2023-07-27T23:47:52","modified_gmt":"2023-07-28T02:47:52","slug":"feira-da-economia-do-mar-marca-potencial-de-macae-em-atrair-r-30-bilhoes-de-investimentos","status":"publish","type":"post","link":"https:\/\/aconteceemmacaeeregiao.com.br\/index.php\/2023\/07\/27\/feira-da-economia-do-mar-marca-potencial-de-macae-em-atrair-r-30-bilhoes-de-investimentos\/","title":{"rendered":"Feira da Economia do Mar marca potencial de Maca\u00e9 em atrair R$ 30 bilh\u00f5es de investimentos"},"content":{"rendered":"\n<p>O potencial de Maca\u00e9 em atrair R$ 30 bilh\u00f5es de investimentos que projetam o g\u00e1s natural como a principal fonte de energia e de neg\u00f3cios no pa\u00eds ganha destaque a partir da abertura oficial da primeira edi\u00e7\u00e3o da Feira da Economia do Mar, que acontece at\u00e9 domingo (30) durante a celebra\u00e7\u00e3o dos 210 anos da cidade, na ExpoMaca\u00e9 2023.<\/p>\n\n\n\n<p>A primeira edi\u00e7\u00e3o do evento, que re\u00fane representantes das institui\u00e7\u00f5es empresariais locais e companhias que contribuem com o novo ciclo econ\u00f4mico da cidade, foi aberta oficialmente nesta quinta-feira (27) pelo prefeito Welberth Rezende, junto a Felipe Peixoto, Subsecret\u00e1rio estadual de Energia e Economia do Mar. Maca\u00e9 e o Estado s\u00e3o parceiras na organiza\u00e7\u00e3o da Feira.<br><br>\u201cA nova realidade econ\u00f4mica de Maca\u00e9 \u00e9 fruto do di\u00e1logo do governo com o Estado e com as institui\u00e7\u00f5es empresariais que vivem e trabalham por tornar esta cidade cada dia mais forte. A nossa pujan\u00e7a est\u00e1 no mar desde a origem da nossa cidade e continua como a fonte de desenvolvimento, seja atrav\u00e9s dos investimentos anunciados pela Petrobras e demais operadoras do petr\u00f3leo, seja por nossos pescadores que contribuem, dia a dia, com a prosperidade desta cidade que hoje temos orgulho de viver\u201d, afirmou Welberth.<br><br>A consolida\u00e7\u00e3o de projetos como o novo hub do g\u00e1s, a instala\u00e7\u00e3o do Parque T\u00e9rmico Sudeste e a expans\u00e3o do agroneg\u00f3cio na cidade representam o novo ritmo do processo da cidade, que investe tamb\u00e9m nas culturas da pesca e da agricultura familiar que d\u00e3o origem \u00e0 cidade reconhecida hoje como Capital da Energia.<br><br>\u201cEsta \u00e9 a primeira feira que realizamos, a partir de uma nova vis\u00e3o de desenvolvimento econ\u00f4mico voltada a unificar atividades que representam a pujan\u00e7a do nosso Estado. E Maca\u00e9 tem a sua rela\u00e7\u00e3o econ\u00f4mica diretamente ligada ao mar e, por isso, representa para n\u00f3s um avan\u00e7o importante na retomada do crescimento do Rio de Janeiro\u201d, pontuou Felipe Peixoto.<br><br>A primeira edi\u00e7\u00e3o da Feira da Economia do Mar conta tamb\u00e9m com a realiza\u00e7\u00e3o de confer\u00eancia, atrav\u00e9s de pain\u00e9is que re\u00fanem representantes de institui\u00e7\u00f5es p\u00fablicas e privadas importantes no atual contexto do mercado do petr\u00f3leo, g\u00e1s e energia, fonte dos R$ 30 bilh\u00f5es de investimentos consolidados na cidade.<br><br>\u201cEste evento representa a uni\u00e3o institucional entre o governo e a rede empresarial que acredita no potencial da nossa cidade e torna cada dia, Maca\u00e9 sin\u00f4nimo de investimentos e de novos neg\u00f3cios\u201d, destacou o Secret\u00e1rio de Desenvolvimento Econ\u00f4mico, Rodrigo Vianna,<br><br>A solenidade contou tamb\u00e9m com a participa\u00e7\u00e3o do Gerente Geral da Unidade de Opera\u00e7\u00f5es da Bacia de Campos (UO-BC), Alex Murteira Celem, dos presidentes da Associa\u00e7\u00e3o Comercial e Industrial de Maca\u00e9 (ACIM), Frederico Barreto, Maca\u00e9 Convention, Marcelo Reid e da C\u00e2mara de Dirigentes Lojistas de Maca\u00e9 (CDL), Lu\u00eds Henrique Fragoso, al\u00e9m do coordenador da Comiss\u00e3o Municipal da Firjan, Gualter Schelles e do representante da Rede Petro-Bacia de Campos, Jos\u00e9 Walmir.<br><br>Secret\u00e1rios municipais e vereadores tamb\u00e9m participaram do evento.<br><br><strong>Hub do g\u00e1s<\/strong><br><br>Os R$ 30 bilh\u00f5es de investimentos consolidados em Maca\u00e9 est\u00e3o baseados nos projetos de instala\u00e7\u00e3o do novo hub do g\u00e1s na cidade, a partir da instala\u00e7\u00e3o do Tepor &#8211; novo porto de Maca\u00e9, que ter\u00e1 potencial de receber e processar g\u00e1s natural produzido nas Bacias de Campos e de Santos.<br><br>Com a instala\u00e7\u00e3o do projeto, a cidade receber\u00e1 dois novos gasodutos, o 4C e o 5b, que ser\u00e3o respons\u00e1veis por direcionar para o Tepor cerca de 60 milh\u00f5es de metros c\u00fabicos de g\u00e1s por dia.<br><br>Al\u00e9m disso, a cidade tamb\u00e9m ser\u00e1 conectada ao megacampo B-MC-33, desenvolvido pela Equinor junto a Petrobras, que direcionar\u00e1 mais 15 milh\u00f5es de metros c\u00fabicos de g\u00e1s para o Terminal Cabi\u00fanas que processa atualmente 25 milh\u00f5es de metros c\u00fabicos de g\u00e1s por dia.<\/p>\n","protected":false},"excerpt":{"rendered":"<p>O potencial de Maca\u00e9 em atrair R$ 30 bilh\u00f5es de investimentos que projetam o g\u00e1s natural como a principal fonte de energia e de neg\u00f3cios no pa\u00eds ganha destaque a partir da abertura oficial da primeira edi\u00e7\u00e3o da Feira da Economia do Mar, que acontece at\u00e9 domingo (30) durante a celebra\u00e7\u00e3o dos 210 anos da [&hellip;]<\/p>\n","protected":false},"author":2,"featured_media":11659,"comment_status":"closed","ping_status":"closed","sticky":false,"template":"","format":"standard","meta":{"postBodyCss":"","postBodyMargin":[],"postBodyPadding":[],"postBodyBackground":{"backgroundType":"classic","gradient":""},"footnotes":""},"categories":[45,42],"tags":[438,185,174,474],"class_list":["post-11657","post","type-post","status-publish","format-standard","has-post-thumbnail","hentry","category-economia","category-macae","tag-aniversario","tag-exposicao","tag-investimentos","tag-parque-de-exposicao"],"aioseo_notices":[],"_links":{"self":[{"href":"https:\/\/aconteceemmacaeeregiao.com.br\/index.php\/wp-json\/wp\/v2\/posts\/11657","targetHints":{"allow":["GET"]}}],"collection":[{"href":"https:\/\/aconteceemmacaeeregiao.com.br\/index.php\/wp-json\/wp\/v2\/posts"}],"about":[{"href":"https:\/\/aconteceemmacaeeregiao.com.br\/index.php\/wp-json\/wp\/v2\/types\/post"}],"author":[{"embeddable":true,"href":"https:\/\/aconteceemmacaeeregiao.com.br\/index.php\/wp-json\/wp\/v2\/users\/2"}],"replies":[{"embeddable":true,"href":"https:\/\/aconteceemmacaeeregiao.com.br\/index.php\/wp-json\/wp\/v2\/comments?post=11657"}],"version-history":[{"count":0,"href":"https:\/\/aconteceemmacaeeregiao.com.br\/index.php\/wp-json\/wp\/v2\/posts\/11657\/revisions"}],"wp:featuredmedia":[{"embeddable":true,"href":"https:\/\/aconteceemmacaeeregiao.com.br\/index.php\/wp-json\/wp\/v2\/media\/11659"}],"wp:attachment":[{"href":"https:\/\/aconteceemmacaeeregiao.com.br\/index.php\/wp-json\/wp\/v2\/media?parent=11657"}],"wp:term":[{"taxonomy":"category","embeddable":true,"href":"https:\/\/aconteceemmacaeeregiao.com.br\/index.php\/wp-json\/wp\/v2\/categories?post=11657"},{"taxonomy":"post_tag","embeddable":true,"href":"https:\/\/aconteceemmacaeeregiao.com.br\/index.php\/wp-json\/wp\/v2\/tags?post=11657"}],"curies":[{"name":"wp","href":"https:\/\/api.w.org\/{rel}","templated":true}]}}