{"id":11702,"date":"2023-07-29T00:22:41","date_gmt":"2023-07-29T03:22:41","guid":{"rendered":"https:\/\/aconteceemmacaeeregiao.com.br\/?p=11702"},"modified":"2023-07-29T00:22:42","modified_gmt":"2023-07-29T03:22:42","slug":"para-marcar-os-210-anos-de-macae-vice-governador-do-rio-inaugura-base-de-acoes-com-caes","status":"publish","type":"post","link":"https:\/\/aconteceemmacaeeregiao.com.br\/index.php\/2023\/07\/29\/para-marcar-os-210-anos-de-macae-vice-governador-do-rio-inaugura-base-de-acoes-com-caes\/","title":{"rendered":"Para marcar os 210 anos de Maca\u00e9, vice-governador do Rio inaugura Base de A\u00e7\u00f5es com C\u00e3es"},"content":{"rendered":"\n<p><strong><em>Equipamento vai atender \u00e1reas na Regi\u00e3o dos Lagos, Norte e Noroeste fluminense<\/em><br><\/strong><\/p>\n\n\n\n<p>O munic\u00edpio de Maca\u00e9, no Norte Fluminense, \u00e9 o primeiro do interior do estado do Rio a ganhar uma Base de A\u00e7\u00f5es com C\u00e3es (BAC) da Pol\u00edcia Militar. A inaugura\u00e7\u00e3o aconteceu nesta sexta-feira (28), um dia antes do anivers\u00e1rio de 210 anos da cidade. O vice-governador do Estado do Rio, Thiago Pampolha, e o secret\u00e1rio de Estado da Pol\u00edcia Militar, coronel Luiz Henrique Marinho Pires, estiveram presentes na cerim\u00f4nia, ao lado do prefeito Welberth Rezende.<\/p>\n\n\n\n<p>&#8211; Estamos inaugurando um equipamento que \u00e9 um legado para a seguran\u00e7a p\u00fablica e para toda sociedade. O governo coloca como prioridade a vida das pessoas e isso \u00e9 decisivo para proteger a popula\u00e7\u00e3o fluminense &#8211; destacou o vice-governador Thiago Pampolha.<\/p>\n\n\n\n<p>&#8211; A Prefeitura de Maca\u00e9 demonstrou que o desafio da \u00e1rea de seguran\u00e7a p\u00fablica n\u00e3o pode ser enfrentado apenas pelas for\u00e7as policiais, mas por a\u00e7\u00f5es conjuntas e esp\u00edrito colaborativo &#8211; disse coronel Henrique.<\/p>\n\n\n<div class=\"wp-block-image\">\n<figure class=\"aligncenter size-large\"><img fetchpriority=\"high\" decoding=\"async\" width=\"1024\" height=\"683\" src=\"https:\/\/aconteceemmacaeeregiao.com.br\/wp-content\/uploads\/2023\/07\/1690654414-1024x683.jpg\" alt=\"\" class=\"wp-image-11705\" srcset=\"https:\/\/aconteceemmacaeeregiao.com.br\/wp-content\/uploads\/2023\/07\/1690654414-1024x683.jpg 1024w, https:\/\/aconteceemmacaeeregiao.com.br\/wp-content\/uploads\/2023\/07\/1690654414-300x200.jpg 300w, https:\/\/aconteceemmacaeeregiao.com.br\/wp-content\/uploads\/2023\/07\/1690654414-768x512.jpg 768w, https:\/\/aconteceemmacaeeregiao.com.br\/wp-content\/uploads\/2023\/07\/1690654414-1200x800.jpg 1200w, https:\/\/aconteceemmacaeeregiao.com.br\/wp-content\/uploads\/2023\/07\/1690654414.jpg 1417w\" sizes=\"(max-width: 1024px) 100vw, 1024px\" \/><figcaption class=\"wp-element-caption\">Inaugura\u00e7\u00e3o do Batalh\u00e3o de A\u00e7\u00e3o com C\u00e3es, BAC. Maca\u00e9\/RJ. Data: 28\/07\/2023. Foto: Rui Porto Filho<\/figcaption><\/figure>\n<\/div>\n\n\n<p>Com 1,3 mil metros quadrados de \u00e1rea constru\u00edda, a nova base ir\u00e1 atender \u00e1reas na Regi\u00e3o dos Lagos, Norte e Noroeste Fluminense, ampliando o patrulhamento no estado. Al\u00e9m do refor\u00e7o na seguran\u00e7a, o BAC vai passar a realizar opera\u00e7\u00f5es sem necessidade de grandes deslocamentos, que acabam estressando os c\u00e3es e afetando a efetividade das miss\u00f5es.<\/p>\n\n\n\n<p>Durante a cerim\u00f4nia, o vice-governador parabenizou Maca\u00e9 pelo anivers\u00e1rio e ressaltou outras inaugura\u00e7\u00f5es que aconteceram nesta sexta (28). O munic\u00edpio entregou duas bombas para a Elevat\u00f3ria de Drenagem Pluvial do Centro de Controle de Opera\u00e7\u00f5es Dr. T\u00e9lio Barreto, que v\u00e3o ampliar o escoamento de \u00e1gua na regi\u00e3o, inaugurou a nova unidade de emerg\u00eancia pedi\u00e1trica do Hospital P\u00fablico Municipal Irm\u00e3s do Horto e a nova Unidade B\u00e1sica de Sa\u00fade do Imburo.<\/p>\n","protected":false},"excerpt":{"rendered":"<p>Equipamento vai atender \u00e1reas na Regi\u00e3o dos Lagos, Norte e Noroeste fluminense O munic\u00edpio de Maca\u00e9, no Norte Fluminense, \u00e9 o primeiro do interior do estado do Rio a ganhar uma Base de A\u00e7\u00f5es com C\u00e3es (BAC) da Pol\u00edcia Militar. A inaugura\u00e7\u00e3o aconteceu nesta sexta-feira (28), um dia antes do anivers\u00e1rio de 210 anos da [&hellip;]<\/p>\n","protected":false},"author":2,"featured_media":11704,"comment_status":"closed","ping_status":"closed","sticky":false,"template":"","format":"standard","meta":{"postBodyCss":"","postBodyMargin":[],"postBodyPadding":[],"postBodyBackground":{"backgroundType":"classic","gradient":""},"footnotes":""},"categories":[42],"tags":[438,119],"class_list":["post-11702","post","type-post","status-publish","format-standard","has-post-thumbnail","hentry","category-macae","tag-aniversario","tag-seguranca-publica"],"aioseo_notices":[],"_links":{"self":[{"href":"https:\/\/aconteceemmacaeeregiao.com.br\/index.php\/wp-json\/wp\/v2\/posts\/11702","targetHints":{"allow":["GET"]}}],"collection":[{"href":"https:\/\/aconteceemmacaeeregiao.com.br\/index.php\/wp-json\/wp\/v2\/posts"}],"about":[{"href":"https:\/\/aconteceemmacaeeregiao.com.br\/index.php\/wp-json\/wp\/v2\/types\/post"}],"author":[{"embeddable":true,"href":"https:\/\/aconteceemmacaeeregiao.com.br\/index.php\/wp-json\/wp\/v2\/users\/2"}],"replies":[{"embeddable":true,"href":"https:\/\/aconteceemmacaeeregiao.com.br\/index.php\/wp-json\/wp\/v2\/comments?post=11702"}],"version-history":[{"count":0,"href":"https:\/\/aconteceemmacaeeregiao.com.br\/index.php\/wp-json\/wp\/v2\/posts\/11702\/revisions"}],"wp:featuredmedia":[{"embeddable":true,"href":"https:\/\/aconteceemmacaeeregiao.com.br\/index.php\/wp-json\/wp\/v2\/media\/11704"}],"wp:attachment":[{"href":"https:\/\/aconteceemmacaeeregiao.com.br\/index.php\/wp-json\/wp\/v2\/media?parent=11702"}],"wp:term":[{"taxonomy":"category","embeddable":true,"href":"https:\/\/aconteceemmacaeeregiao.com.br\/index.php\/wp-json\/wp\/v2\/categories?post=11702"},{"taxonomy":"post_tag","embeddable":true,"href":"https:\/\/aconteceemmacaeeregiao.com.br\/index.php\/wp-json\/wp\/v2\/tags?post=11702"}],"curies":[{"name":"wp","href":"https:\/\/api.w.org\/{rel}","templated":true}]}}