{"id":11719,"date":"2023-07-31T20:27:04","date_gmt":"2023-07-31T23:27:04","guid":{"rendered":"https:\/\/aconteceemmacaeeregiao.com.br\/?p=11719"},"modified":"2023-07-31T20:27:05","modified_gmt":"2023-07-31T23:27:05","slug":"macae-210-anos-autoridades-destacam-sinergia-entre-legislativo-e-executivo","status":"publish","type":"post","link":"https:\/\/aconteceemmacaeeregiao.com.br\/index.php\/2023\/07\/31\/macae-210-anos-autoridades-destacam-sinergia-entre-legislativo-e-executivo\/","title":{"rendered":"Maca\u00e9 210 anos: Autoridades destacam sinergia entre Legislativo e Executivo"},"content":{"rendered":"\n<p>A harmonia entre a C\u00e2mara e o poder Executivo de Maca\u00e9 foi a marca dos discursos na sess\u00e3o solene de 210 anos da cidade, na noite deste s\u00e1bado (29). Na ocasi\u00e3o, foram tamb\u00e9m entregues t\u00edtulos de cidadania macaense, m\u00e9rito civil e m\u00e9rito pol\u00edtico a pessoas das mais diversas \u00e1reas de atua\u00e7\u00e3o que contribu\u00edram com o desenvolvimento do munic\u00edpio.<\/p>\n\n\n\n<p>O presidente Cesinha (Solidariedade) evidenciou: \u201cTemos avan\u00e7ado em muitas frentes, gerando empregos e atraindo novos neg\u00f3cios. \u00c9 com esse objetivo que esta Casa segue em parceria com o Executivo\u201d. Ele enfatizou melhorias na sa\u00fade, educa\u00e7\u00e3o, urbaniza\u00e7\u00e3o e meio ambiente, indicando ainda o trabalho conjunto com o governo estadual.<\/p>\n\n\n\n<p>O prefeito Welberth Rezende (Cidadania) ressaltou que essa intera\u00e7\u00e3o n\u00e3o afeta a independ\u00eancia de cada um dos dois poderes. \u201cEstamos batendo recordes de empregabilidade. Nem tudo est\u00e1 resolvido, mas lutamos para transformar ainda mais esta cidade\u201d, acrescentou.<\/p>\n\n\n\n<p><strong>Reconhecimento \u00e0 supera\u00e7\u00e3o<\/strong><\/p>\n\n\n\n<p>Teve destaque na cerim\u00f4nia o t\u00edtulo de m\u00e9rito civil concedido \u00e0 macaense Thais Pessanha, gerente nacional de diversidade, equidade e inclus\u00e3o da Petrobras. Portadora de doen\u00e7a gen\u00e9tica rara, usu\u00e1ria de cadeira de rodas, Thais \u00e9 esportista e escritora, tendo assumido a fun\u00e7\u00e3o ap\u00f3s trabalhar por 20 anos na empresa, inclusive na \u00e1rea de inova\u00e7\u00e3o digital.<\/p>\n\n\n<div class=\"wp-block-image\">\n<figure class=\"aligncenter size-large\"><img fetchpriority=\"high\" decoding=\"async\" width=\"1024\" height=\"683\" src=\"https:\/\/aconteceemmacaeeregiao.com.br\/wp-content\/uploads\/2023\/07\/29-07-2023-Sessao-Solene-210-anos-vereadora-Iza-Vicente-e-agradeciada-Foto-Ivana-Gravina-6-1024x683.jpg\" alt=\"\" class=\"wp-image-11721\" srcset=\"https:\/\/aconteceemmacaeeregiao.com.br\/wp-content\/uploads\/2023\/07\/29-07-2023-Sessao-Solene-210-anos-vereadora-Iza-Vicente-e-agradeciada-Foto-Ivana-Gravina-6-1024x683.jpg 1024w, https:\/\/aconteceemmacaeeregiao.com.br\/wp-content\/uploads\/2023\/07\/29-07-2023-Sessao-Solene-210-anos-vereadora-Iza-Vicente-e-agradeciada-Foto-Ivana-Gravina-6-300x200.jpg 300w, https:\/\/aconteceemmacaeeregiao.com.br\/wp-content\/uploads\/2023\/07\/29-07-2023-Sessao-Solene-210-anos-vereadora-Iza-Vicente-e-agradeciada-Foto-Ivana-Gravina-6-768x512.jpg 768w, https:\/\/aconteceemmacaeeregiao.com.br\/wp-content\/uploads\/2023\/07\/29-07-2023-Sessao-Solene-210-anos-vereadora-Iza-Vicente-e-agradeciada-Foto-Ivana-Gravina-6.jpg 1200w\" sizes=\"(max-width: 1024px) 100vw, 1024px\" \/><\/figure>\n<\/div>\n\n\n<p>Ela recebeu a honraria das m\u00e3os de Iza Vicente (Rede), que ainda lembrou conquistas para a popula\u00e7\u00e3o como a\u00e7\u00f5es pela prote\u00e7\u00e3o da mulher, dignidade menstrual e economia criativa. O l\u00edder do governo Luciano Diniz (Cidadania) enumerou pol\u00edticas p\u00fablicas dos 17 vereadores para frisar a coopera\u00e7\u00e3o no parlamento, apesar das diverg\u00eancias pol\u00edticas.<\/p>\n\n\n\n<p>A solenidade contou com a presen\u00e7a, al\u00e9m de autoridades macaenses, da prefeita de Guapimirim, Marina Rocha (PMB), e do seu irm\u00e3o, o deputado estadual J\u00falio Rocha (Agir), que tamb\u00e9m fizeram o uso da palavra. Ap\u00f3s os discursos, os parlamentares entregaram as placas de reconhecimento aos 81 agraciados.<\/p>\n\n\n\n<p><em>Por jornalista Marcello Riella Benites\/ Secom C\u00e3mara de Maca\u00e9<\/em><\/p>\n\n\n\n<p><a href=\"https:\/\/cmmacae.rj.gov.br\/2023\/07\/29\/\"><\/a><\/p>\n","protected":false},"excerpt":{"rendered":"<p>A harmonia entre a C\u00e2mara e o poder Executivo de Maca\u00e9 foi a marca dos discursos na sess\u00e3o solene de 210 anos da cidade, na noite deste s\u00e1bado (29). Na ocasi\u00e3o, foram tamb\u00e9m entregues t\u00edtulos de cidadania macaense, m\u00e9rito civil e m\u00e9rito pol\u00edtico a pessoas das mais diversas \u00e1reas de atua\u00e7\u00e3o que contribu\u00edram com o [&hellip;]<\/p>\n","protected":false},"author":2,"featured_media":11722,"comment_status":"closed","ping_status":"closed","sticky":false,"template":"","format":"standard","meta":{"postBodyCss":"","postBodyMargin":[],"postBodyPadding":[],"postBodyBackground":{"backgroundType":"classic","gradient":""},"footnotes":""},"categories":[42,44],"tags":[438,94,89],"class_list":["post-11719","post","type-post","status-publish","format-standard","has-post-thumbnail","hentry","category-macae","category-politica","tag-aniversario","tag-camara-municipal-de-macae","tag-prefeitura"],"aioseo_notices":[],"_links":{"self":[{"href":"https:\/\/aconteceemmacaeeregiao.com.br\/index.php\/wp-json\/wp\/v2\/posts\/11719","targetHints":{"allow":["GET"]}}],"collection":[{"href":"https:\/\/aconteceemmacaeeregiao.com.br\/index.php\/wp-json\/wp\/v2\/posts"}],"about":[{"href":"https:\/\/aconteceemmacaeeregiao.com.br\/index.php\/wp-json\/wp\/v2\/types\/post"}],"author":[{"embeddable":true,"href":"https:\/\/aconteceemmacaeeregiao.com.br\/index.php\/wp-json\/wp\/v2\/users\/2"}],"replies":[{"embeddable":true,"href":"https:\/\/aconteceemmacaeeregiao.com.br\/index.php\/wp-json\/wp\/v2\/comments?post=11719"}],"version-history":[{"count":0,"href":"https:\/\/aconteceemmacaeeregiao.com.br\/index.php\/wp-json\/wp\/v2\/posts\/11719\/revisions"}],"wp:featuredmedia":[{"embeddable":true,"href":"https:\/\/aconteceemmacaeeregiao.com.br\/index.php\/wp-json\/wp\/v2\/media\/11722"}],"wp:attachment":[{"href":"https:\/\/aconteceemmacaeeregiao.com.br\/index.php\/wp-json\/wp\/v2\/media?parent=11719"}],"wp:term":[{"taxonomy":"category","embeddable":true,"href":"https:\/\/aconteceemmacaeeregiao.com.br\/index.php\/wp-json\/wp\/v2\/categories?post=11719"},{"taxonomy":"post_tag","embeddable":true,"href":"https:\/\/aconteceemmacaeeregiao.com.br\/index.php\/wp-json\/wp\/v2\/tags?post=11719"}],"curies":[{"name":"wp","href":"https:\/\/api.w.org\/{rel}","templated":true}]}}