{"id":11740,"date":"2023-07-31T21:51:35","date_gmt":"2023-08-01T00:51:35","guid":{"rendered":"https:\/\/aconteceemmacaeeregiao.com.br\/?p=11740"},"modified":"2023-07-31T21:51:35","modified_gmt":"2023-08-01T00:51:35","slug":"cidade-universitaria-recebe-mostra-de-filmes-do-cinema-brasileiro","status":"publish","type":"post","link":"https:\/\/aconteceemmacaeeregiao.com.br\/index.php\/2023\/07\/31\/cidade-universitaria-recebe-mostra-de-filmes-do-cinema-brasileiro\/","title":{"rendered":"Cidade Universit\u00e1ria recebe Mostra de Filmes do Cinema Brasileiro"},"content":{"rendered":"\n<p>A Cidade Universit\u00e1ria de Maca\u00e9 ser\u00e1 palco da Mostra de Filmes Finalistas do Cinema Brasileiro, realizada pela Academia Brasileira de Cinema e Artes Audiovisuais, com grandes produ\u00e7\u00f5es de diretores e artistas consagrados no pa\u00eds. Ser\u00e3o 15 filmes exibidos gratuitamente no Audit\u00f3rio Cl\u00e1udio Ulpiano, no Bloco A, entre os dias 01 e 21 de agosto, distribu\u00eddos em tr\u00eas turnos.<\/p>\n\n\n\n<p>A Mostra tem por finalidade incentivar, promover e aproximar o p\u00fablico da produ\u00e7\u00e3o audiovisual feita no Brasil e traz\u00ea-la para dentro das Universidades \u00e9 fundamental para promover debates sobre temas importantes e necess\u00e1rios do nosso cotidiano.<br><\/p>\n\n\n\n<blockquote class=\"wp-block-quote is-layout-flow wp-block-quote-is-layout-flow\">\n<p>&#8220;Toda arte tem a perspectiva de promover a reflex\u00e3o sobre a vida, o cotidiano e as coisas que acontecem na sociedade. Uma Mostra de Cinema como essa, que traz na pauta produ\u00e7\u00f5es nacionais, certamente contribui para que esses alunos que est\u00e3o aqui na Cidade Universit\u00e1ria e os que vierem assistir possam ser tocados por essas hist\u00f3rias e de alguma medida usar como refer\u00eancia para o dia a dia deles&#8221;, destacou Flavi\u00e1 Picon, Secret\u00e1ria Adjunta de Ensino Superior de Maca\u00e9.<\/p>\n<\/blockquote>\n\n\n\n<p>Os filmes exibidos se destacaram na produ\u00e7\u00e3o cinematogr\u00e1fica no ano de 2022 e est\u00e3o na 22\u00ba edi\u00e7\u00e3o do Grande Pr\u00eamio do Cinema Brasileiro que ser\u00e1 realizado no m\u00eas de agosto na Cidade das Artes, no Rio de Janeiro. Na cerim\u00f4nia, o Trof\u00e9u Grande Otelo ser\u00e1 entregue aos profissionais que se destacaram.<\/p>\n\n\n\n<p>Dentre os filmes finalistas e que ser\u00e3o exibidos est\u00e3o: A Viagem de Pedro, Eduardo e M\u00f4nica, Marte Um, Medida Provis\u00f3ria, Paloma, A Jangada de Welles, Amigo Secreto, Clarice Lispector \u2013 A Descoberta do Mundo, Kobra Auto Retrato, O Presidente Improv\u00e1vel, Jesus Kid, Bem-Vinda a Quixeramobim, O Clube dos Anjos, Papai \u00e9 Pop e Vale Night.<\/p>\n\n\n\n<p><strong>Programa\u00e7\u00e3o<br><\/strong>MOSTRA DE CINEMA<\/p>\n\n\n\n<p>Data: 01\/08\/2023 a 21\/08\/2023<\/p>\n\n\n\n<p>Local: Audit\u00f3rio Cl\u00e1udio Ulpiano (Bloco A da Cidade Universit\u00e1ria)<\/p>\n\n\n\n<p>Entrada gratuita<\/p>\n\n\n\n<p><strong>TER\u00c7A-FEIRA (01\/08)<br><\/strong>10h | A VIAGEM DE PEDRO<\/p>\n\n\n\n<p>14h | EDUARDO E M\u00d4NICA<\/p>\n\n\n\n<p><strong>QUINTA-FEIRA (03\/08)<br><\/strong>14h | MARTE UM18h | MEDIDA PROVIS\u00d3RIA<\/p>\n\n\n\n<p><strong>SEXTA-FEIRA (04\/08)<br><\/strong>10h | EDUARDO E M\u00d4NICA<\/p>\n\n\n\n<p>14h | PALOMA18h | VIAGEM DE PEDRO<\/p>\n\n\n\n<p><strong>SEGUNDA-FEIRA (07\/08)<br><\/strong>10h | MEDIDA PROVIS\u00d3RIA<\/p>\n\n\n\n<p>14h | A JANGADA DE WELLES18h | MARTE UM<\/p>\n\n\n\n<p><strong>TER\u00c7A-FEIRA (08\/08)<br><\/strong>10h | AMIGO SECRETO<\/p>\n\n\n\n<p>14h | CLARICE LISPECTOR &#8211; A DESCOBERTA DO MUNDO<\/p>\n\n\n\n<p>18h | PALOMA<\/p>\n\n\n\n<p><strong>QUARTA-FEIRA (09\/08)<br><\/strong>10h | A JANGADA DE WELLES<\/p>\n\n\n\n<p><strong>QUINTA-FEIRA (10\/08)<br><\/strong>18h | AMIGO SECRETO<\/p>\n\n\n\n<p><strong>SEXTA-FEIRA (11\/08)<br><\/strong>10h | KOBRA AUTO RETRATO<\/p>\n\n\n\n<p>14h | O PRESIDENTE IMPROV\u00c1VEL18h | CLARICE LISPECTOR &#8211; A DESCOBERTA DO MUNDO<\/p>\n\n\n\n<p><strong>SEGUNDA-FEIRA (14\/08)<br><\/strong>10h | JESUS KID<\/p>\n\n\n\n<p>14h | BEM-VINDA A QUIXERAMOBIM<\/p>\n\n\n\n<p>18h | KOBRA AUTO RETRATO<\/p>\n\n\n\n<p><strong>TER\u00c7A-FEIRA (15\/08)<br><\/strong>10h | O PRESIDENTE IMPROV\u00c1VEL<\/p>\n\n\n\n<p>14h | O CLUBE DOS ANJOS<\/p>\n\n\n\n<p><strong>QUINTA-FEIRA (17\/08)<br><\/strong>18h | PAPAI \u00c9 POP<\/p>\n\n\n\n<p><strong>SEXTA-FEIRA (18\/08)<br><\/strong>10h | O CLUBE DOS ANJOS<\/p>\n\n\n\n<p>14h | VALE NIGHT<\/p>\n\n\n\n<p>18h | JESUS KID<\/p>\n\n\n\n<p><strong>SEGUNDA-FEIRA (21\/08)<br><\/strong>10h | BEM-VINDA A QUIXERAMOBIM<\/p>\n\n\n\n<p>14h | PAPAI \u00c9 POP<\/p>\n\n\n\n<p>18h | VALE NIGHT<\/p>\n\n\n\n<p><em>Por jornalista Renatta Vian\/ Secom pref Maca\u00e9<\/em><\/p>\n","protected":false},"excerpt":{"rendered":"<p>A Cidade Universit\u00e1ria de Maca\u00e9 ser\u00e1 palco da Mostra de Filmes Finalistas do Cinema Brasileiro, realizada pela Academia Brasileira de Cinema e Artes Audiovisuais, com grandes produ\u00e7\u00f5es de diretores e artistas consagrados no pa\u00eds. Ser\u00e3o 15 filmes exibidos gratuitamente no Audit\u00f3rio Cl\u00e1udio Ulpiano, no Bloco A, entre os dias 01 e 21 de agosto, distribu\u00eddos [&hellip;]<\/p>\n","protected":false},"author":2,"featured_media":11749,"comment_status":"closed","ping_status":"closed","sticky":false,"template":"","format":"standard","meta":{"postBodyCss":"","postBodyMargin":[],"postBodyPadding":[],"postBodyBackground":{"backgroundType":"classic","gradient":""},"footnotes":""},"categories":[86,200,42],"tags":[337,262],"class_list":["post-11740","post","type-post","status-publish","format-standard","has-post-thumbnail","hentry","category-cultura","category-evento","category-macae","tag-cidade-universitaria","tag-cinema"],"aioseo_notices":[],"_links":{"self":[{"href":"https:\/\/aconteceemmacaeeregiao.com.br\/index.php\/wp-json\/wp\/v2\/posts\/11740","targetHints":{"allow":["GET"]}}],"collection":[{"href":"https:\/\/aconteceemmacaeeregiao.com.br\/index.php\/wp-json\/wp\/v2\/posts"}],"about":[{"href":"https:\/\/aconteceemmacaeeregiao.com.br\/index.php\/wp-json\/wp\/v2\/types\/post"}],"author":[{"embeddable":true,"href":"https:\/\/aconteceemmacaeeregiao.com.br\/index.php\/wp-json\/wp\/v2\/users\/2"}],"replies":[{"embeddable":true,"href":"https:\/\/aconteceemmacaeeregiao.com.br\/index.php\/wp-json\/wp\/v2\/comments?post=11740"}],"version-history":[{"count":0,"href":"https:\/\/aconteceemmacaeeregiao.com.br\/index.php\/wp-json\/wp\/v2\/posts\/11740\/revisions"}],"wp:featuredmedia":[{"embeddable":true,"href":"https:\/\/aconteceemmacaeeregiao.com.br\/index.php\/wp-json\/wp\/v2\/media\/11749"}],"wp:attachment":[{"href":"https:\/\/aconteceemmacaeeregiao.com.br\/index.php\/wp-json\/wp\/v2\/media?parent=11740"}],"wp:term":[{"taxonomy":"category","embeddable":true,"href":"https:\/\/aconteceemmacaeeregiao.com.br\/index.php\/wp-json\/wp\/v2\/categories?post=11740"},{"taxonomy":"post_tag","embeddable":true,"href":"https:\/\/aconteceemmacaeeregiao.com.br\/index.php\/wp-json\/wp\/v2\/tags?post=11740"}],"curies":[{"name":"wp","href":"https:\/\/api.w.org\/{rel}","templated":true}]}}