{"id":11769,"date":"2023-08-01T20:32:48","date_gmt":"2023-08-01T23:32:48","guid":{"rendered":"https:\/\/aconteceemmacaeeregiao.com.br\/?p=11769"},"modified":"2023-08-01T20:32:49","modified_gmt":"2023-08-01T23:32:49","slug":"quarteto-paulo-lima-encanta-publico-com-bossa-nova","status":"publish","type":"post","link":"https:\/\/aconteceemmacaeeregiao.com.br\/index.php\/2023\/08\/01\/quarteto-paulo-lima-encanta-publico-com-bossa-nova\/","title":{"rendered":"Quarteto Paulo Lima encanta p\u00fablico com Bossa Nova"},"content":{"rendered":"\n<p><em><strong>Shows no Zampa foram um verdadeiro presente para o anivers\u00e1rio de Maca\u00e9<\/strong><\/em><\/p>\n\n\n\n<p>A celebra\u00e7\u00e3o dos 210 anos de anivers\u00e1rio de Maca\u00e9 j\u00e1 deixa saudades em quem festejou este longo caminho de hist\u00f3ria at\u00e9 aqui, onde a \u2018Princesinha do Atl\u00e2ntico\u2019 deixou de ser uma vila de pescadores para desabrochar como uma das mais importantes cidades para a economia brasileira. Dentro da programa\u00e7\u00e3o cultural, a apresenta\u00e7\u00e3o do Quarteto Paulo Lima, no Zampa Gastronomia, arrancou elogios do p\u00fablico, composto pelas fam\u00edlias tradicionais macaenses misturadas \u00e0s pessoas que tamb\u00e9m elegeram Maca\u00e9 como moradia.<\/p>\n\n\n\n<p>Foram dois dias de casa lotada para comemorar o anivers\u00e1rio dos 65 anos de Bossa Nova junto com o anivers\u00e1rio da cidade. \u201cEu achei o repert\u00f3rio maravilhoso e fiquei encantada com o Zampa. A qualidade instrumental, o espa\u00e7o, o atendimento e o astral do evento comoveram a minha alma. Quanta alegria estar aqui e presenciar este instante m\u00e1gico&#8221;, declara V\u00e2nia Pedrosa, acompanhada pelo marido e um casal de amigos.<\/p>\n\n\n<div class=\"wp-block-image\">\n<figure class=\"aligncenter size-full\"><img fetchpriority=\"high\" decoding=\"async\" width=\"965\" height=\"639\" src=\"https:\/\/aconteceemmacaeeregiao.com.br\/wp-content\/uploads\/2023\/08\/WhatsApp-Image-2023-08-01-at-12.22.34-1.jpeg\" alt=\"\" class=\"wp-image-11774\" srcset=\"https:\/\/aconteceemmacaeeregiao.com.br\/wp-content\/uploads\/2023\/08\/WhatsApp-Image-2023-08-01-at-12.22.34-1.jpeg 965w, https:\/\/aconteceemmacaeeregiao.com.br\/wp-content\/uploads\/2023\/08\/WhatsApp-Image-2023-08-01-at-12.22.34-1-300x199.jpeg 300w, https:\/\/aconteceemmacaeeregiao.com.br\/wp-content\/uploads\/2023\/08\/WhatsApp-Image-2023-08-01-at-12.22.34-1-768x509.jpeg 768w\" sizes=\"(max-width: 965px) 100vw, 965px\" \/><\/figure>\n<\/div>\n\n\n<p>Artistas e m\u00fasicos experientes compareceram ao evento para prestigiar Paulo Lima (viol\u00e3o e piano), junto com Wagner Moreira (sax e flautas), Leib Moraes (contrabaixo) e o percussionista Malaca. Participaram do espet\u00e1culo como convidados os violinistas Rubem Almeida e Maur\u00edcio Moreira (que est\u00e1 lan\u00e7ando um \u00e1lbum viol\u00e3o solo), o contrabaixista Daniel Cuiabano, o gaitista Humberto Cure, e Francisco Citrangulo, ritmista que faz arte com maestria e originalidade.<\/p>\n\n\n<div class=\"wp-block-image\">\n<figure class=\"aligncenter size-large\"><img decoding=\"async\" width=\"1024\" height=\"461\" data-src=\"https:\/\/aconteceemmacaeeregiao.com.br\/wp-content\/uploads\/2023\/08\/WhatsApp-Image-2023-08-01-at-12.23.07-1024x461.jpeg\" alt=\"\" class=\"wp-image-11772 lazyload\" data-srcset=\"https:\/\/aconteceemmacaeeregiao.com.br\/wp-content\/uploads\/2023\/08\/WhatsApp-Image-2023-08-01-at-12.23.07-1024x461.jpeg 1024w, https:\/\/aconteceemmacaeeregiao.com.br\/wp-content\/uploads\/2023\/08\/WhatsApp-Image-2023-08-01-at-12.23.07-300x135.jpeg 300w, https:\/\/aconteceemmacaeeregiao.com.br\/wp-content\/uploads\/2023\/08\/WhatsApp-Image-2023-08-01-at-12.23.07-768x346.jpeg 768w, https:\/\/aconteceemmacaeeregiao.com.br\/wp-content\/uploads\/2023\/08\/WhatsApp-Image-2023-08-01-at-12.23.07-1536x691.jpeg 1536w, https:\/\/aconteceemmacaeeregiao.com.br\/wp-content\/uploads\/2023\/08\/WhatsApp-Image-2023-08-01-at-12.23.07.jpeg 1600w\" data-sizes=\"(max-width: 1024px) 100vw, 1024px\" src=\"data:image\/svg+xml;base64,PHN2ZyB3aWR0aD0iMSIgaGVpZ2h0PSIxIiB4bWxucz0iaHR0cDovL3d3dy53My5vcmcvMjAwMC9zdmciPjwvc3ZnPg==\" style=\"--smush-placeholder-width: 1024px; --smush-placeholder-aspect-ratio: 1024\/461;\" \/><\/figure>\n<\/div>\n\n\n<p>\u201cO Zampa Gastronomia foi pensado exatamente para movimentar a cena cultural de Maca\u00e9, cidade que eu escolhi para morar h\u00e1 quase 40 anos. Aqui \u00e9 o palco e a casa dos artistas, com eventos para todos os gostos\u201d, afirma o propriet\u00e1rio e chef, \u00c9dson Czelusniak, paranaense com cora\u00e7\u00e3o macaense.<\/p>\n\n\n\n<p>Paulo Lima, m\u00fasico que d\u00e1 nome ao quarteto e membro do Clube da Bossa de Maca\u00e9, ficou surpreendido com a repercuss\u00e3o do evento e fala que as pr\u00f3ximas apresenta\u00e7\u00f5es do Clube ser\u00e3o realizadas no Zampa, como ponto de encontro da classe art\u00edstica. \u201cEu recebi muitas mensagens elogiosas sobre o evento. O sucesso foi t\u00e3o grande que muitas pessoas participaram dos dois dias do show. O repert\u00f3rio foi escolhido com muito amor e est\u00e1vamos cercados por m\u00fasicos talentosos e uma plateia com bom gosto musical\u201d, refor\u00e7a, lembrando que a vida \u00e9 mesmo a arte do encontro.<\/p>\n\n\n<div class=\"wp-block-image\">\n<figure class=\"aligncenter size-large\"><img decoding=\"async\" width=\"1024\" height=\"461\" data-src=\"https:\/\/aconteceemmacaeeregiao.com.br\/wp-content\/uploads\/2023\/08\/WhatsApp-Image-2023-08-01-at-12.23.07-1-1024x461.jpeg\" alt=\"\" class=\"wp-image-11771 lazyload\" data-srcset=\"https:\/\/aconteceemmacaeeregiao.com.br\/wp-content\/uploads\/2023\/08\/WhatsApp-Image-2023-08-01-at-12.23.07-1-1024x461.jpeg 1024w, https:\/\/aconteceemmacaeeregiao.com.br\/wp-content\/uploads\/2023\/08\/WhatsApp-Image-2023-08-01-at-12.23.07-1-300x135.jpeg 300w, https:\/\/aconteceemmacaeeregiao.com.br\/wp-content\/uploads\/2023\/08\/WhatsApp-Image-2023-08-01-at-12.23.07-1-768x346.jpeg 768w, https:\/\/aconteceemmacaeeregiao.com.br\/wp-content\/uploads\/2023\/08\/WhatsApp-Image-2023-08-01-at-12.23.07-1-1536x691.jpeg 1536w, https:\/\/aconteceemmacaeeregiao.com.br\/wp-content\/uploads\/2023\/08\/WhatsApp-Image-2023-08-01-at-12.23.07-1.jpeg 1600w\" data-sizes=\"(max-width: 1024px) 100vw, 1024px\" src=\"data:image\/svg+xml;base64,PHN2ZyB3aWR0aD0iMSIgaGVpZ2h0PSIxIiB4bWxucz0iaHR0cDovL3d3dy53My5vcmcvMjAwMC9zdmciPjwvc3ZnPg==\" style=\"--smush-placeholder-width: 1024px; --smush-placeholder-aspect-ratio: 1024\/461;\" \/><\/figure>\n<\/div>\n\n\n<p>Para a beleza da m\u00fasica, o tempo \u00e9 irredut\u00edvel. Como disse Vin\u00edcius de Moraes, uma das famosas vozes da Bossa Nova: \u201cEu morro ontem. Nas\u00e7o amanh\u00e3. Ando onde h\u00e1 espa\u00e7o. Meu tempo \u00e9 quando\u201d. O saudosismo e o encanto desta poesia sonora ecoaram forte no cora\u00e7\u00e3o do p\u00fablico do Zampa, criando um instante memor\u00e1vel de arte na cidade. \u201cEste momento ficar\u00e1 gravado como um cap\u00edtulo na hist\u00f3ria de Maca\u00e9\u201d, emociona-se Paulo Lima.<\/p>\n\n\n\n<p><strong>Curiosidade sobre a Bossa Nova e a Petrobras<\/strong><\/p>\n\n\n\n<p>Voc\u00ea sabia que quando a Bossa Nova despontava no horizonte musical como uma suave adapta\u00e7\u00e3o ao samba de raiz, a Petrobras \u2013 respons\u00e1vel pelo crescimento das atividades empresariais em Maca\u00e9 \u2013 tamb\u00e9m se fortalecia no Pa\u00eds?! A Bossa Nova e a Petrobras s\u00e3o sin\u00f4nimos de sucesso e da capacidade criativa do brasileiro. No caso da Bossa Nova, tornou o Brasil conhecido internacionalmente e at\u00e9 hoje \u00e9 o estilo musical que mais retrata a cultura brasileira no mundo, inspirando gera\u00e7\u00f5es de artistas at\u00e9 hoje. A famosa \u201cGarota de Ipanema\u201d, por exemplo, \u00e9 a segunda can\u00e7\u00e3o mais executada da hist\u00f3ria da m\u00fasica mundial, gravada e regrava em muitos idiomas por v\u00e1rias celebridades. E a Petrobras fez de Maca\u00e9 a \u2018Capital Nacional do Petr\u00f3leo\u2019. Uni\u00e3o de hist\u00f3rias celebradas com m\u00fasica, talento, gastronomia e alegria. \u201cA gente leva da vida a vida que a gente leva\u201d, Tom Jobim.<\/p>\n","protected":false},"excerpt":{"rendered":"<p>Shows no Zampa foram um verdadeiro presente para o anivers\u00e1rio de Maca\u00e9 A celebra\u00e7\u00e3o dos 210 anos de anivers\u00e1rio de Maca\u00e9 j\u00e1 deixa saudades em quem festejou este longo caminho de hist\u00f3ria at\u00e9 aqui, onde a \u2018Princesinha do Atl\u00e2ntico\u2019 deixou de ser uma vila de pescadores para desabrochar como uma das mais importantes cidades para [&hellip;]<\/p>\n","protected":false},"author":2,"featured_media":11773,"comment_status":"closed","ping_status":"closed","sticky":false,"template":"","format":"standard","meta":{"postBodyCss":"","postBodyMargin":[],"postBodyPadding":[],"postBodyBackground":{"backgroundType":"classic","gradient":""},"footnotes":""},"categories":[86,46,42],"tags":[184,66,90],"class_list":["post-11769","post","type-post","status-publish","format-standard","has-post-thumbnail","hentry","category-cultura","category-diversao","category-macae","tag-gastronomia","tag-musica","tag-shows"],"aioseo_notices":[],"_links":{"self":[{"href":"https:\/\/aconteceemmacaeeregiao.com.br\/index.php\/wp-json\/wp\/v2\/posts\/11769","targetHints":{"allow":["GET"]}}],"collection":[{"href":"https:\/\/aconteceemmacaeeregiao.com.br\/index.php\/wp-json\/wp\/v2\/posts"}],"about":[{"href":"https:\/\/aconteceemmacaeeregiao.com.br\/index.php\/wp-json\/wp\/v2\/types\/post"}],"author":[{"embeddable":true,"href":"https:\/\/aconteceemmacaeeregiao.com.br\/index.php\/wp-json\/wp\/v2\/users\/2"}],"replies":[{"embeddable":true,"href":"https:\/\/aconteceemmacaeeregiao.com.br\/index.php\/wp-json\/wp\/v2\/comments?post=11769"}],"version-history":[{"count":0,"href":"https:\/\/aconteceemmacaeeregiao.com.br\/index.php\/wp-json\/wp\/v2\/posts\/11769\/revisions"}],"wp:featuredmedia":[{"embeddable":true,"href":"https:\/\/aconteceemmacaeeregiao.com.br\/index.php\/wp-json\/wp\/v2\/media\/11773"}],"wp:attachment":[{"href":"https:\/\/aconteceemmacaeeregiao.com.br\/index.php\/wp-json\/wp\/v2\/media?parent=11769"}],"wp:term":[{"taxonomy":"category","embeddable":true,"href":"https:\/\/aconteceemmacaeeregiao.com.br\/index.php\/wp-json\/wp\/v2\/categories?post=11769"},{"taxonomy":"post_tag","embeddable":true,"href":"https:\/\/aconteceemmacaeeregiao.com.br\/index.php\/wp-json\/wp\/v2\/tags?post=11769"}],"curies":[{"name":"wp","href":"https:\/\/api.w.org\/{rel}","templated":true}]}}